{"id":13157,"date":"2021-04-12T10:22:00","date_gmt":"2021-04-12T07:22:00","guid":{"rendered":"https:\/\/dia.edu.az\/?p=13157"},"modified":"2021-04-13T10:24:42","modified_gmt":"2021-04-13T07:24:42","slug":"14-aprel-2021-ci-il-tarixd%c9%99-saat-14-00-da-az%c9%99rbaycan-respublikasinin-prezidenti-yaninda-dovl%c9%99t-idar%c9%99cilik-akademiyasi-fd-2-30-dissertasiya-surasi-n%c9%99zdind%c9%99-beyn%c9%99lxalq","status":"publish","type":"post","link":"https:\/\/legacy.dia.edu.az\/en\/arxivl\u0259r\/13157","title":{"rendered":"14 aprel 2021-ci il tarixd\u0259 saat 14.00-da Az\u0259rbaycan Respublikas\u0131n\u0131n Prezidenti yan\u0131nda D\u00f6vl\u0259t \u0130dar\u0259\u00e7ilik Akademiyas\u0131 FD 2.30 Dissertasiya \u015euras\u0131 n\u0259zdind\u0259 Beyn\u0259lxalq m\u00fcnasib\u0259tl\u0259r ixtisas\u0131 \u00fczr\u0259 Elmi seminar\u0131n iclas\u0131 ke\u00e7iril\u0259c\u0259k"},"content":{"rendered":"<p><strong>14 aprel 2021-ci il tarixd\u0259 saat 14.00-da Az\u0259rbaycan Respublikas\u0131n\u0131n Prezidenti yan\u0131nda D\u00f6vl\u0259t \u0130dar\u0259\u00e7ilik Akademiyas\u0131 FD 2.30 Dissertasiya \u015euras\u0131 n\u0259zdind\u0259 Beyn\u0259lxalq m\u00fcnasib\u0259tl\u0259r ixtisas\u0131 \u00fczr\u0259 Elmi seminar\u0131n iclas\u0131 ke\u00e7iril\u0259c\u0259k<\/strong><br><\/p>\n\n\n\n<p><\/p>\n\n\n\n<p class=\"has-text-align-center\"><strong>14 aprel 2021-ci il tarixd\u0259 saat 14.00-da Az\u0259rbaycan Respublikas\u0131n\u0131n Prezidenti<\/strong><\/p>\n\n\n\n<p class=\"has-text-align-center\"><strong>yan\u0131nda&nbsp;<\/strong><strong>D\u00f6vl\u0259t \u0130dar\u0259\u00e7ilik Akademiyas\u0131<\/strong><\/p>\n\n\n\n<p class=\"has-text-align-center\"><strong>FD 2.30 Dissertasiya \u015euras\u0131 n\u0259zdind\u0259 Beyn\u0259lxalq m\u00fcnasib\u0259tl\u0259r&nbsp;ixtisas\u0131 \u00fczr\u0259<\/strong><\/p>\n\n\n\n<p class=\"has-text-align-center\"><strong>Elmi seminar\u0131n iclas\u0131 ke\u00e7iril\u0259c\u0259k.<\/strong><\/p>\n\n\n\n<p class=\"has-text-align-center\"><strong>Ke\u00e7id almaq \u00fc\u00e7\u00fcn a\u015fa\u011f\u0131dak\u0131 linkd\u0259n istifad\u0259 ed\u0259 bil\u0259rsiz!<\/strong><\/p>\n\n\n\n<p class=\"has-text-align-center\"><a href=\"https:\/\/us02web.zoom.us\/j\/6758149820?pwd=eVlMNmR6TW9nNkNvNUJpSzNIUmZadz09\">https:\/\/us02web.zoom.us\/j\/6758149820?pwd=eVlMNmR6TW9nNkNvNUJpSzNIUmZadz09<\/a><\/p>","protected":false},"excerpt":{"rendered":"<p>14 aprel 2021-ci il tarixd\u0259 saat 14.00-da Az\u0259rbaycan Respublikas\u0131n\u0131n Prezidenti yan\u0131nda D\u00f6vl\u0259t \u0130dar\u0259\u00e7ilik Akademiyas\u0131 FD 2.30 Dissertasiya \u015euras\u0131 n\u0259zdind\u0259 Beyn\u0259lxalq m\u00fcnasib\u0259tl\u0259r ixtisas\u0131 \u00fczr\u0259 Elmi seminar\u0131n iclas\u0131 ke\u00e7iril\u0259c\u0259k 14 aprel 2021-ci il tarixd\u0259 saat 14.00-da Az\u0259rbaycan Respublikas\u0131n\u0131n Prezidenti yan\u0131nda&nbsp;D\u00f6vl\u0259t \u0130dar\u0259\u00e7ilik Akademiyas\u0131 FD 2.30 Dissertasiya \u015euras\u0131 n\u0259zdind\u0259 Beyn\u0259lxalq m\u00fcnasib\u0259tl\u0259r&nbsp;ixtisas\u0131 \u00fczr\u0259 Elmi seminar\u0131n iclas\u0131 ke\u00e7iril\u0259c\u0259k. Ke\u00e7id almaq \u00fc\u00e7\u00fcn [&hellip;]<\/p>","protected":false},"author":2,"featured_media":13158,"comment_status":"closed","ping_status":"closed","sticky":false,"template":"","format":"standard","meta":[],"categories":[137],"tags":[],"_links":{"self":[{"href":"https:\/\/legacy.dia.edu.az\/en\/wp-json\/wp\/v2\/posts\/13157"}],"collection":[{"href":"https:\/\/legacy.dia.edu.az\/en\/wp-json\/wp\/v2\/posts"}],"about":[{"href":"https:\/\/legacy.dia.edu.az\/en\/wp-json\/wp\/v2\/types\/post"}],"author":[{"embeddable":true,"href":"https:\/\/legacy.dia.edu.az\/en\/wp-json\/wp\/v2\/users\/2"}],"replies":[{"embeddable":true,"href":"https:\/\/legacy.dia.edu.az\/en\/wp-json\/wp\/v2\/comments?post=13157"}],"version-history":[{"count":0,"href":"https:\/\/legacy.dia.edu.az\/en\/wp-json\/wp\/v2\/posts\/13157\/revisions"}],"wp:featuredmedia":[{"embeddable":true,"href":"https:\/\/legacy.dia.edu.az\/en\/wp-json\/wp\/v2\/media\/13158"}],"wp:attachment":[{"href":"https:\/\/legacy.dia.edu.az\/en\/wp-json\/wp\/v2\/media?parent=13157"}],"wp:term":[{"taxonomy":"category","embeddable":true,"href":"https:\/\/legacy.dia.edu.az\/en\/wp-json\/wp\/v2\/categories?post=13157"},{"taxonomy":"post_tag","embeddable":true,"href":"https:\/\/legacy.dia.edu.az\/en\/wp-json\/wp\/v2\/tags?post=13157"}],"curies":[{"name":"wp","href":"https:\/\/api.w.org\/{rel}","templated":true}]}}