{"id":13140,"date":"2021-04-07T18:02:00","date_gmt":"2021-04-07T15:02:00","guid":{"rendered":"https:\/\/dia.edu.az\/?p=13140"},"modified":"2021-04-09T18:03:41","modified_gmt":"2021-04-09T15:03:41","slug":"turkm%c9%99nistanin-s%c9%99firi-il%c9%99-dovl%c9%99t-idar%c9%99cilik-akademiyasinda-gorus-kecirilib","status":"publish","type":"post","link":"https:\/\/legacy.dia.edu.az\/en\/arxivl\u0259r\/13140","title":{"rendered":"T\u00fcrkm\u0259nistan\u0131n s\u0259firi il\u0259 D\u00f6vl\u0259t \u0130dar\u0259\u00e7ilik Akademiyas\u0131nda g\u00f6r\u00fc\u015f ke\u00e7irilib"},"content":{"rendered":"<p><strong>T\u00fcrkm\u0259nistan\u0131n s\u0259firi il\u0259 D\u00f6vl\u0259t \u0130dar\u0259\u00e7ilik Akademiyas\u0131nda g\u00f6r\u00fc\u015f ke\u00e7irilib<\/strong><br><\/p>\n\n\n\n<p><\/p>\n\n\n\n<p>T\u00fcrkm\u0259nistan\u0131n Az\u0259rbaycan Respublikas\u0131ndak\u0131 F\u00f6vqalad\u0259 v\u0259 S\u0259lahiyy\u0259tli s\u0259firi M\u0259kan \u0130sanquliyev Az\u0259rbaycan Respublikas\u0131n\u0131n Prezidenti yan\u0131nda D\u00f6vl\u0259t \u0130dar\u0259\u00e7ilik Akademiyas\u0131nda olub.<\/p>\n\n\n\n<p>Akademiyan\u0131n r\u0259hb\u0259rliyinin i\u015ftirak\u0131 il\u0259 ke\u00e7iril\u0259n g\u00f6r\u00fc\u015fd\u0259 Az\u0259rbaycan Respublikas\u0131n\u0131n Prezidenti yan\u0131nda D\u00f6vl\u0259t \u0130dar\u0259\u00e7ilik Akademiyas\u0131 rektoru akademik U.\u018fl\u0259kb\u0259rovun s\u0259fir\u0259 Akademiyan\u0131n f\u0259aliyy\u0259ti haqq\u0131nda m\u0259lumat verib.<\/p>\n\n\n\n<p>Az\u0259rbaycan Respublikas\u0131n\u0131n Prezidenti yan\u0131nda D\u00f6vl\u0259t \u0130dar\u0259\u00e7ilik Akademiyas\u0131n\u0131n rektoru, akademik Urxan \u018fl\u0259kb\u0259rov \u0259sas\u0131n\u0131 \u00dcmummilli Lider Heyd\u0259r \u018fliyevin qoydu\u011fu, \u00f6lk\u0259 Prezidenti c\u0259nab \u0130lham \u018fliyevin u\u011furla davam etdirdiyi inki\u015faf strategiyas\u0131 say\u0259sind\u0259 Az\u0259rbaycan Respublikas\u0131n\u0131n qazand\u0131\u011f\u0131 nailiyy\u0259tl\u0259r\u0259 diqq\u0259t \u00e7\u0259kib. Rektor Prezident \u0130lham \u018fliyev t\u0259r\u0259find\u0259n i\u015fl\u0259nmi\u015f v\u0259 t\u0259tbiq edilmi\u015f sinergetik, komplementar v\u0259 kompensasion prinsip v\u0259 yana\u015fmalar kompleksini ehtiva ed\u0259n yeni d\u00f6vl\u0259t idar\u0259\u00e7iliyi texnologiyalar\u0131n\u0131n Az\u0259rbaycan\u0131n davaml\u0131 inkl\u00fcziv inki\u015faf namin\u0259 resurslardan s\u0259m\u0259r\u0259li istifad\u0259 sah\u0259sind\u0259 regional v\u0259 qlobal lider\u0259 cevrilm\u0259sin\u0259 yol a\u00e7d\u0131\u011f\u0131n\u0131 x\u00fcsusi vur\u011fulay\u0131b.<\/p>\n\n\n\n<p>Rektor h\u0259m\u00e7inin Az\u0259rbaycanda t\u0259tbiq edil\u0259n innovativ idar\u0259\u00e7ilik texnologiyalar\u0131 kompleksinin y\u00fcks\u0259k s\u0259m\u0259r\u0259liliyinin BMT T\u0259hl\u00fck\u0259sizlik \u015euras\u0131n\u0131n 4 q\u0259tnam\u0259sinin u\u011furla yerin\u0259 yetirilm\u0259sind\u0259 v\u0259 30 il Erm\u0259nistan t\u0259r\u0259find\u0259n i\u015f\u011fal alt\u0131nda saxlan\u0131lan \u0259razil\u0259rin azad edilm\u0259sind\u0259 t\u0259zah\u00fcr\u00fcn\u00fc tapd\u0131\u011f\u0131n\u0131 da x\u00fcsusi vur\u011fulay\u0131b. U.\u018fl\u0259kb\u0259rov bu Z\u0259f\u0259rin c\u0259mi 44 g\u00fcn\u0259 ba\u015fa g\u0259lm\u0259si v\u0259 Az\u0259rbaycan\u0131n \u0259razi b\u00fct\u00f6vl\u00fcy\u00fcn\u00fcn tam b\u0259rpas\u0131n\u0131 \u00f6lk\u0259 Prezidentinin innovativ inki\u015faf strategiyas\u0131n\u0131n t\u0259nt\u0259n\u0259li yekunu kimi d\u0259y\u0259rl\u0259ndirib.<\/p>\n\n\n\n<p>G\u00f6r\u00fc\u015f zaman\u0131 c\u0131x\u0131\u015f ed\u0259n s\u0259fir Az\u0259rbaycan v\u0259 T\u00fcrkm\u0259nistan aras\u0131nda \u0259laq\u0259l\u0259rin strateji t\u0259r\u0259fda\u015fl\u0131q m\u00fcst\u0259visind\u0259 dostluq v\u0259 qar\u015f\u0131l\u0131ql\u0131 anla\u015fma \u015f\u0259raitind\u0259 inki\u015faf\u0131ndan m\u0259mnunluq ifad\u0259 edib, \u00f6lk\u0259l\u0259rimiz aras\u0131ndak\u0131 \u0259laq\u0259l\u0259rin qar\u0131\u015f\u0131l\u0131ql\u0131 etimada s\u00f6yk\u0259ndiyini vur\u011fulay\u0131b.<\/p>\n\n\n\n<p>G\u00f6r\u00fc\u015fd\u0259 eyni zamanda d\u00f6vl\u0259t idar\u0259\u00e7iliyi sah\u0259sind\u0259 t\u0259hsil ver\u0259n anoloji akademiyalar\u0131n qar\u015f\u0131l\u0131ql\u0131 f\u0259aliyy\u0259ti bar\u0259d\u0259 fikir m\u00fcbadil\u0259si apar\u0131l\u0131b.<\/p>\n\n\n\n<p><\/p>\n\n\n\n<figure class=\"wp-container-2 wp-block-gallery-1 wp-block-gallery columns-1 is-cropped\"><ul class=\"blocks-gallery-grid\"><li class=\"blocks-gallery-item\"><figure><img width=\"1024\" height=\"766\" src=\"https:\/\/dia.edu.az\/wp-content\/uploads\/2021\/04\/SEFR_0-1024x766.jpg\" alt=\"\" data-id=\"13141\" data-full-url=\"https:\/\/dia.edu.az\/wp-content\/uploads\/2021\/04\/SEFR_0.jpg\" data-link=\"https:\/\/dia.edu.az\/?attachment_id=13141\" class=\"wp-image-13141\" srcset=\"https:\/\/legacy.dia.edu.az\/wp-content\/uploads\/2021\/04\/SEFR_0-1024x766.jpg 1024w, https:\/\/legacy.dia.edu.az\/wp-content\/uploads\/2021\/04\/SEFR_0-300x225.jpg 300w, https:\/\/legacy.dia.edu.az\/wp-content\/uploads\/2021\/04\/SEFR_0-16x12.jpg 16w, https:\/\/legacy.dia.edu.az\/wp-content\/uploads\/2021\/04\/SEFR_0.jpg 1280w, https:\/\/legacy.dia.edu.az\/wp-content\/uploads\/2021\/04\/SEFR_0-300x225@2x.jpg 600w\" sizes=\"(max-width: 1024px) 100vw, 1024px\" \/><\/figure><\/li><\/ul><\/figure>","protected":false},"excerpt":{"rendered":"<p>T\u00fcrkm\u0259nistan\u0131n s\u0259firi il\u0259 D\u00f6vl\u0259t \u0130dar\u0259\u00e7ilik Akademiyas\u0131nda g\u00f6r\u00fc\u015f ke\u00e7irilib T\u00fcrkm\u0259nistan\u0131n Az\u0259rbaycan Respublikas\u0131ndak\u0131 F\u00f6vqalad\u0259 v\u0259 S\u0259lahiyy\u0259tli s\u0259firi M\u0259kan \u0130sanquliyev Az\u0259rbaycan Respublikas\u0131n\u0131n Prezidenti yan\u0131nda D\u00f6vl\u0259t \u0130dar\u0259\u00e7ilik Akademiyas\u0131nda olub. Akademiyan\u0131n r\u0259hb\u0259rliyinin i\u015ftirak\u0131 il\u0259 ke\u00e7iril\u0259n g\u00f6r\u00fc\u015fd\u0259 Az\u0259rbaycan Respublikas\u0131n\u0131n Prezidenti yan\u0131nda D\u00f6vl\u0259t \u0130dar\u0259\u00e7ilik Akademiyas\u0131 rektoru akademik U.\u018fl\u0259kb\u0259rovun s\u0259fir\u0259 Akademiyan\u0131n f\u0259aliyy\u0259ti haqq\u0131nda m\u0259lumat verib. Az\u0259rbaycan Respublikas\u0131n\u0131n Prezidenti yan\u0131nda D\u00f6vl\u0259t \u0130dar\u0259\u00e7ilik Akademiyas\u0131n\u0131n rektoru, [&hellip;]<\/p>","protected":false},"author":2,"featured_media":13141,"comment_status":"closed","ping_status":"closed","sticky":false,"template":"","format":"standard","meta":[],"categories":[137],"tags":[],"_links":{"self":[{"href":"https:\/\/legacy.dia.edu.az\/en\/wp-json\/wp\/v2\/posts\/13140"}],"collection":[{"href":"https:\/\/legacy.dia.edu.az\/en\/wp-json\/wp\/v2\/posts"}],"about":[{"href":"https:\/\/legacy.dia.edu.az\/en\/wp-json\/wp\/v2\/types\/post"}],"author":[{"embeddable":true,"href":"https:\/\/legacy.dia.edu.az\/en\/wp-json\/wp\/v2\/users\/2"}],"replies":[{"embeddable":true,"href":"https:\/\/legacy.dia.edu.az\/en\/wp-json\/wp\/v2\/comments?post=13140"}],"version-history":[{"count":0,"href":"https:\/\/legacy.dia.edu.az\/en\/wp-json\/wp\/v2\/posts\/13140\/revisions"}],"wp:featuredmedia":[{"embeddable":true,"href":"https:\/\/legacy.dia.edu.az\/en\/wp-json\/wp\/v2\/media\/13141"}],"wp:attachment":[{"href":"https:\/\/legacy.dia.edu.az\/en\/wp-json\/wp\/v2\/media?parent=13140"}],"wp:term":[{"taxonomy":"category","embeddable":true,"href":"https:\/\/legacy.dia.edu.az\/en\/wp-json\/wp\/v2\/categories?post=13140"},{"taxonomy":"post_tag","embeddable":true,"href":"https:\/\/legacy.dia.edu.az\/en\/wp-json\/wp\/v2\/tags?post=13140"}],"curies":[{"name":"wp","href":"https:\/\/api.w.org\/{rel}","templated":true}]}}