{"id":13122,"date":"2021-03-31T09:23:00","date_gmt":"2021-03-31T06:23:00","guid":{"rendered":"https:\/\/dia.edu.az\/?p=13122"},"modified":"2021-04-01T09:25:23","modified_gmt":"2021-04-01T06:25:23","slug":"01-aprel-2021-ci-il-tarixind%c9%99-saat-1500-da-az%c9%99rbaycan-respublikasinin-prezidenti-yaninda-dovl%c9%99t-idar%c9%99cilik-akademiyasi-bd-2-30-dissertasiya-surasi-n%c9%99zdind%c9%99-5908-01-si","status":"publish","type":"post","link":"https:\/\/legacy.dia.edu.az\/en\/arxivl\u0259r\/13122","title":{"rendered":"01 aprel 2021- ci il tarixind\u0259 saat 15:00-da Az\u0259rbaycan Respublikas\u0131n\u0131n Prezidenti yan\u0131nda D\u00f6vl\u0259t \u0130dar\u0259\u00e7ilik Akademiyas\u0131 BD 2.30 Dissertasiya \u015euras\u0131 n\u0259zdind\u0259 5908.01 &#8211; Siyasi n\u0259z\u0259riyy\u0259 ixtisas\u0131 \u00fczr\u0259 Elmi seminar\u0131n iclas\u0131 ke\u00e7iril\u0259c\u0259k"},"content":{"rendered":"<p><strong>01 aprel 2021- ci il tarixind\u0259 saat 15:00-da Az\u0259rbaycan Respublikas\u0131n\u0131n Prezidenti yan\u0131nda D\u00f6vl\u0259t \u0130dar\u0259\u00e7ilik Akademiyas\u0131 BD 2.30 Dissertasiya \u015euras\u0131 n\u0259zdind\u0259 5908.01 &#8211; Siyasi n\u0259z\u0259riyy\u0259 ixtisas\u0131 \u00fczr\u0259 Elmi seminar\u0131n iclas\u0131 ke\u00e7iril\u0259c\u0259k<\/strong><br><\/p>\n\n\n\n<p><\/p>\n\n\n\n<p class=\"has-text-align-center\"><strong>01 aprel 2021- ci il tarixind\u0259 saat 15:00-da Az\u0259rbaycan Respublikas\u0131n\u0131n Prezidenti yan\u0131nda<\/strong><\/p>\n\n\n\n<p class=\"has-text-align-center\"><strong>D\u00f6vl\u0259t \u0130dar\u0259\u00e7ilik Akademiyas\u0131<\/strong><\/p>\n\n\n\n<p class=\"has-text-align-center\"><strong>BD 2.30 Dissertasiya \u015euras\u0131 n\u0259zdind\u0259 5908.01 &#8211; Siyasi n\u0259z\u0259riyy\u0259 ixtisas\u0131 \u00fczr\u0259<\/strong><\/p>\n\n\n\n<p class=\"has-text-align-center\"><strong>Elmi seminar\u0131n iclas\u0131 ke\u00e7iril\u0259c\u0259k.<\/strong><\/p>\n\n\n\n<p class=\"has-text-align-center\"><strong>Ke\u00e7id almaq \u00fc\u00e7\u00fcn a\u015fa\u011f\u0131dak\u0131 linkd\u0259n istifad\u0259 ed\u0259 bil\u0259rsiz!<\/strong><\/p>\n\n\n\n<p><\/p>\n\n\n\n<p class=\"has-text-align-center\"><a href=\"https:\/\/us02web.zoom.us\/j\/6758149820?pwd=eVlMNmR6TW9nNkNvNUJpSzNIUmZadz09\">https:\/\/us02web.zoom.us\/j\/6758149820?pwd=eVlMNmR6TW9nNkNvNUJpSzNIUmZadz09<\/a><\/p>","protected":false},"excerpt":{"rendered":"<p>01 aprel 2021- ci il tarixind\u0259 saat 15:00-da Az\u0259rbaycan Respublikas\u0131n\u0131n Prezidenti yan\u0131nda D\u00f6vl\u0259t \u0130dar\u0259\u00e7ilik Akademiyas\u0131 BD 2.30 Dissertasiya \u015euras\u0131 n\u0259zdind\u0259 5908.01 &#8211; Siyasi n\u0259z\u0259riyy\u0259 ixtisas\u0131 \u00fczr\u0259 Elmi seminar\u0131n iclas\u0131 ke\u00e7iril\u0259c\u0259k 01 aprel 2021- ci il tarixind\u0259 saat 15:00-da Az\u0259rbaycan Respublikas\u0131n\u0131n Prezidenti yan\u0131nda D\u00f6vl\u0259t \u0130dar\u0259\u00e7ilik Akademiyas\u0131 BD 2.30 Dissertasiya \u015euras\u0131 n\u0259zdind\u0259 5908.01 &#8211; Siyasi n\u0259z\u0259riyy\u0259 ixtisas\u0131 [&hellip;]<\/p>","protected":false},"author":2,"featured_media":13123,"comment_status":"closed","ping_status":"closed","sticky":false,"template":"","format":"standard","meta":[],"categories":[137],"tags":[],"_links":{"self":[{"href":"https:\/\/legacy.dia.edu.az\/en\/wp-json\/wp\/v2\/posts\/13122"}],"collection":[{"href":"https:\/\/legacy.dia.edu.az\/en\/wp-json\/wp\/v2\/posts"}],"about":[{"href":"https:\/\/legacy.dia.edu.az\/en\/wp-json\/wp\/v2\/types\/post"}],"author":[{"embeddable":true,"href":"https:\/\/legacy.dia.edu.az\/en\/wp-json\/wp\/v2\/users\/2"}],"replies":[{"embeddable":true,"href":"https:\/\/legacy.dia.edu.az\/en\/wp-json\/wp\/v2\/comments?post=13122"}],"version-history":[{"count":0,"href":"https:\/\/legacy.dia.edu.az\/en\/wp-json\/wp\/v2\/posts\/13122\/revisions"}],"wp:featuredmedia":[{"embeddable":true,"href":"https:\/\/legacy.dia.edu.az\/en\/wp-json\/wp\/v2\/media\/13123"}],"wp:attachment":[{"href":"https:\/\/legacy.dia.edu.az\/en\/wp-json\/wp\/v2\/media?parent=13122"}],"wp:term":[{"taxonomy":"category","embeddable":true,"href":"https:\/\/legacy.dia.edu.az\/en\/wp-json\/wp\/v2\/categories?post=13122"},{"taxonomy":"post_tag","embeddable":true,"href":"https:\/\/legacy.dia.edu.az\/en\/wp-json\/wp\/v2\/tags?post=13122"}],"curies":[{"name":"wp","href":"https:\/\/api.w.org\/{rel}","templated":true}]}}