{"id":13030,"date":"2014-11-07T12:27:00","date_gmt":"2014-11-07T09:27:00","guid":{"rendered":"https:\/\/dia.edu.az\/?p=13030"},"modified":"2021-03-17T12:28:59","modified_gmt":"2021-03-17T09:28:59","slug":"dovl%c9%99t-idar%c9%99cilik-akademiyasinda-dovl%c9%99t-bayragi-gunun%c9%99-h%c9%99sr-edilmis-t%c9%99dbir-kecirildi","status":"publish","type":"post","link":"https:\/\/legacy.dia.edu.az\/en\/arxivl\u0259r\/13030","title":{"rendered":"D\u00f6vl\u0259t \u0130dar\u0259\u00e7ilik Akademiyasinda D\u00f6vl\u0259t bayra\u011fi g\u00fcn\u00fcn\u0259 h\u0259sr edilmi\u015f t\u0259dbir ke\u00e7irildi"},"content":{"rendered":"<p><strong>D\u00f6vl\u0259t \u0130dar\u0259\u00e7ilik Akademiyasinda D\u00f6vl\u0259t bayra\u011fi g\u00fcn\u00fcn\u0259 h\u0259sr edilmi\u015f t\u0259dbir ke\u00e7irildi<\/strong><br><em>Noy 07 , 2014 &#8211; 01:28<\/em><\/p>\n\n\n\n<p>7 noyabr 2014-ci ild\u0259 D\u00f6vl\u0259t \u0130dar\u0259\u00e7ilik Akademiyas\u0131nda D\u00f6vl\u0259t Bayra\u011f\u0131 g\u00fcn\u00fcn\u0259 h\u0259sr edilmi\u015f t\u0259dbir ke\u00e7irilmi\u015fdir. Prezident \u0130lham \u018fliyevin d\u00f6vl\u0259t\u00e7iliyimizin m\u00f6hk\u0259ml\u0259nm\u0259sind\u0259ki u\u011furlu xidm\u0259tl\u0259ri, d\u00f6vl\u0259t atributlar\u0131m\u0131za olan x\u00fcsusi diqq\u0259t v\u0259 qay\u011f\u0131s\u0131,&nbsp;Az\u0259rbaycan prezidentinin s\u0259r\u0259ncam\u0131 il\u0259 m\u0259hz noyabr\u0131n 9-u Az\u0259rbaycanda bundan sonra h\u0259r il Az\u0259rbaycan D\u00f6vl\u0259t Bayra\u011f\u0131 G\u00fcn\u00fc kimi qeyd olunmas\u0131n\u0131n x\u00fcsusi \u0259h\u0259miyy\u0259ti vard\u0131r.&nbsp;Bayraq h\u0259r bir d\u00f6vl\u0259tin m\u00fcst\u0259qilliyini, mill\u0259tin kimliyini v\u0259 m\u0259nsubiyy\u0259tini, hans\u0131 amallar u\u011frunda m\u00fcbariz\u0259 apard\u0131\u011f\u0131n\u0131 ifad\u0259 ed\u0259n x\u00fcsusi bir q\u00fcrur m\u0259nb\u0259yi oldu\u011funu qiym\u0259l\u0259ndir\u0259n D\u00f6vl\u0259t \u0130dar\u0259\u00e7ilik Akademiyas\u0131n\u0131n kollektivi ilk d\u0259rs saatlar\u0131n\u0131 d\u00f6vl\u0259t himninin s\u0259sl\u0259nm\u0259si il\u0259 ba\u015flad\u0131.<\/p>\n\n\n\n<p>T\u0259dbird\u0259 r\u0259smi a\u00e7\u0131l\u0131\u015f nitqi il\u0259 \u00e7\u0131x\u0131\u015f ed\u0259n akademiyan\u0131n I prorektoru, professor \u018flikram Abdullayev, \u201cTarix\u201d kafedras\u0131n\u0131n m\u00fcdiri dos. Firdovsiyy\u0259 \u018fhm\u0259dova v\u0259 dig\u0259rl\u0259ri bu g\u00fcn\u00fcn \u0259h\u0259miyy\u0259tind\u0259n, g\u0259ncl\u0259rin bu g\u00fcn\u00fcn x\u00fcsusi bir d\u0259y\u0259r da\u015f\u0131d\u0131\u011f\u0131n\u0131 bildirdil\u0259r. Daha sonra t\u0259l\u0259b\u0259l\u0259rin haz\u0131rlad\u0131qlar\u0131 \u0259d\u0259bi-b\u0259dii kompazisiya v\u0259 bayraq haqq\u0131nda x\u00fcsusi haz\u0131rlanm\u0131\u015f video fiml n\u00fcmayi\u015f etdirildi.<\/p>\n\n\n\n<p><\/p>\n\n\n\n<figure class=\"wp-container-2 wp-block-gallery-1 wp-block-gallery columns-2 is-cropped\"><ul class=\"blocks-gallery-grid\"><li class=\"blocks-gallery-item\"><figure><img width=\"640\" height=\"426\" src=\"https:\/\/dia.edu.az\/wp-content\/uploads\/2021\/03\/07.11.14.1.jpg\" alt=\"\" data-id=\"13031\" data-full-url=\"https:\/\/dia.edu.az\/wp-content\/uploads\/2021\/03\/07.11.14.1.jpg\" data-link=\"https:\/\/dia.edu.az\/?attachment_id=13031\" class=\"wp-image-13031\" srcset=\"https:\/\/legacy.dia.edu.az\/wp-content\/uploads\/2021\/03\/07.11.14.1.jpg 640w, https:\/\/legacy.dia.edu.az\/wp-content\/uploads\/2021\/03\/07.11.14.1-300x200.jpg 300w, https:\/\/legacy.dia.edu.az\/wp-content\/uploads\/2021\/03\/07.11.14.1-16x12.jpg 16w, https:\/\/legacy.dia.edu.az\/wp-content\/uploads\/2021\/03\/07.11.14.1-150x100.jpg 150w, https:\/\/legacy.dia.edu.az\/wp-content\/uploads\/2021\/03\/07.11.14.1-300x200@2x.jpg 600w\" sizes=\"(max-width: 640px) 100vw, 640px\" \/><\/figure><\/li><li class=\"blocks-gallery-item\"><figure><img width=\"640\" height=\"426\" src=\"https:\/\/dia.edu.az\/wp-content\/uploads\/2021\/03\/07.11.14.jpg\" alt=\"\" data-id=\"13032\" data-full-url=\"https:\/\/dia.edu.az\/wp-content\/uploads\/2021\/03\/07.11.14.jpg\" data-link=\"https:\/\/dia.edu.az\/?attachment_id=13032\" class=\"wp-image-13032\" srcset=\"https:\/\/legacy.dia.edu.az\/wp-content\/uploads\/2021\/03\/07.11.14.jpg 640w, https:\/\/legacy.dia.edu.az\/wp-content\/uploads\/2021\/03\/07.11.14-300x200.jpg 300w, https:\/\/legacy.dia.edu.az\/wp-content\/uploads\/2021\/03\/07.11.14-16x12.jpg 16w, https:\/\/legacy.dia.edu.az\/wp-content\/uploads\/2021\/03\/07.11.14-150x100.jpg 150w, https:\/\/legacy.dia.edu.az\/wp-content\/uploads\/2021\/03\/07.11.14-300x200@2x.jpg 600w\" sizes=\"(max-width: 640px) 100vw, 640px\" \/><\/figure><\/li><\/ul><\/figure>","protected":false},"excerpt":{"rendered":"<p>D\u00f6vl\u0259t \u0130dar\u0259\u00e7ilik Akademiyasinda D\u00f6vl\u0259t bayra\u011fi g\u00fcn\u00fcn\u0259 h\u0259sr edilmi\u015f t\u0259dbir ke\u00e7irildiNoy 07 , 2014 &#8211; 01:28 7 noyabr 2014-ci ild\u0259 D\u00f6vl\u0259t \u0130dar\u0259\u00e7ilik Akademiyas\u0131nda D\u00f6vl\u0259t Bayra\u011f\u0131 g\u00fcn\u00fcn\u0259 h\u0259sr edilmi\u015f t\u0259dbir ke\u00e7irilmi\u015fdir. Prezident \u0130lham \u018fliyevin d\u00f6vl\u0259t\u00e7iliyimizin m\u00f6hk\u0259ml\u0259nm\u0259sind\u0259ki u\u011furlu xidm\u0259tl\u0259ri, d\u00f6vl\u0259t atributlar\u0131m\u0131za olan x\u00fcsusi diqq\u0259t v\u0259 qay\u011f\u0131s\u0131,&nbsp;Az\u0259rbaycan prezidentinin s\u0259r\u0259ncam\u0131 il\u0259 m\u0259hz noyabr\u0131n 9-u Az\u0259rbaycanda bundan sonra h\u0259r il Az\u0259rbaycan [&hellip;]<\/p>","protected":false},"author":2,"featured_media":13031,"comment_status":"closed","ping_status":"closed","sticky":false,"template":"","format":"standard","meta":[],"categories":[137],"tags":[],"_links":{"self":[{"href":"https:\/\/legacy.dia.edu.az\/en\/wp-json\/wp\/v2\/posts\/13030"}],"collection":[{"href":"https:\/\/legacy.dia.edu.az\/en\/wp-json\/wp\/v2\/posts"}],"about":[{"href":"https:\/\/legacy.dia.edu.az\/en\/wp-json\/wp\/v2\/types\/post"}],"author":[{"embeddable":true,"href":"https:\/\/legacy.dia.edu.az\/en\/wp-json\/wp\/v2\/users\/2"}],"replies":[{"embeddable":true,"href":"https:\/\/legacy.dia.edu.az\/en\/wp-json\/wp\/v2\/comments?post=13030"}],"version-history":[{"count":0,"href":"https:\/\/legacy.dia.edu.az\/en\/wp-json\/wp\/v2\/posts\/13030\/revisions"}],"wp:featuredmedia":[{"embeddable":true,"href":"https:\/\/legacy.dia.edu.az\/en\/wp-json\/wp\/v2\/media\/13031"}],"wp:attachment":[{"href":"https:\/\/legacy.dia.edu.az\/en\/wp-json\/wp\/v2\/media?parent=13030"}],"wp:term":[{"taxonomy":"category","embeddable":true,"href":"https:\/\/legacy.dia.edu.az\/en\/wp-json\/wp\/v2\/categories?post=13030"},{"taxonomy":"post_tag","embeddable":true,"href":"https:\/\/legacy.dia.edu.az\/en\/wp-json\/wp\/v2\/tags?post=13030"}],"curies":[{"name":"wp","href":"https:\/\/api.w.org\/{rel}","templated":true}]}}