{"id":13027,"date":"2014-11-11T12:25:00","date_gmt":"2014-11-11T09:25:00","guid":{"rendered":"https:\/\/dia.edu.az\/?p=13027"},"modified":"2021-03-17T12:26:30","modified_gmt":"2021-03-17T09:26:30","slug":"az%c9%99rbaycan-respublikasi-milli-t%c9%99hluk%c9%99sizlik-nazirliyi-%c9%99sir-v%c9%99-itkin-dusmus-girov-goturulmus-v%c9%99t%c9%99ndaslarla-%c9%99laq%c9%99dar-dovl%c9%99t-komissiyasi-v%c9%99-az","status":"publish","type":"post","link":"https:\/\/legacy.dia.edu.az\/en\/arxivl\u0259r\/13027","title":{"rendered":"Az\u0259rbaycan Respublikas\u0131 Milli T\u0259hl\u00fck\u0259sizlik Nazirliyi, \u018fsir v\u0259 itkin d\u00fc\u015fm\u00fc\u015f, girov g\u00f6t\u00fcr\u00fclm\u00fc\u015f v\u0259t\u0259nda\u015flarla \u0259laq\u0259dar D\u00f6vl\u0259t Komissiyas\u0131 v\u0259 Az\u0259rbaycan Respublikas\u0131n\u0131n Prezidenti yan\u0131nda D\u00f6vl\u0259t \u0130dar\u0259\u00e7ilik Akademiyas\u0131n\u0131n birg\u0259 t\u0259\u015fkilat\u00e7\u0131l\u0131\u011f\u0131 il\u0259 \u201cErm\u0259nistan-Az\u0259rbaycan, Da\u011fl\u0131q Qaraba\u011f m\u00fcnaqi\u015f\u0259si: D\u00fcnya h\u0259qiq\u0259tl\u0259ri bilm\u0259lidir\u201d m\u00f6vzusunda konfrans ke\u00e7irilib"},"content":{"rendered":"<p><strong>Az\u0259rbaycan Respublikas\u0131 Milli T\u0259hl\u00fck\u0259sizlik Nazirliyi, \u018fsir v\u0259 itkin d\u00fc\u015fm\u00fc\u015f, girov g\u00f6t\u00fcr\u00fclm\u00fc\u015f v\u0259t\u0259nda\u015flarla \u0259laq\u0259dar D\u00f6vl\u0259t Komissiyas\u0131 v\u0259 Az\u0259rbaycan Respublikas\u0131n\u0131n Prezidenti yan\u0131nda D\u00f6vl\u0259t \u0130dar\u0259\u00e7ilik Akademiyas\u0131n\u0131n birg\u0259 t\u0259\u015fkilat\u00e7\u0131l\u0131\u011f\u0131 il\u0259 \u201cErm\u0259nistan-Az\u0259rbaycan, Da\u011fl\u0131q Qaraba\u011f m\u00fcnaqi\u015f\u0259si: D\u00fcnya h\u0259qiq\u0259tl\u0259ri bilm\u0259lidir\u201d m\u00f6vzusunda konfrans ke\u00e7irilib<\/strong><br><em>Noy 11 , 2014 &#8211; 02:05<\/em><\/p>\n\n\n\n<p>Az\u0259rbaycan Respublikas\u0131 Milli T\u0259hl\u00fck\u0259sizlik Nazirliyi, \u018fsir v\u0259 itkin d\u00fc\u015fm\u00fc\u015f, girov g\u00f6t\u00fcr\u00fclm\u00fc\u015f v\u0259t\u0259nda\u015flarla \u0259laq\u0259dar D\u00f6vl\u0259t Komissiyas\u0131 v\u0259 Az\u0259rbaycan Respublikas\u0131n\u0131n Prezidenti yan\u0131nda D\u00f6vl\u0259t \u0130dar\u0259\u00e7ilik Akademiyas\u0131n\u0131n birg\u0259 t\u0259\u015fkilat\u00e7\u0131l\u0131\u011f\u0131 il\u0259 \u201cErm\u0259nistan-Az\u0259rbaycan, Da\u011fl\u0131q Qaraba\u011f m\u00fcnaqi\u015f\u0259si: D\u00fcnya h\u0259qiq\u0259tl\u0259ri bilm\u0259lidir\u201d m\u00f6vzusunda konfrans ke\u00e7irilib.<br>D\u00f6vl\u0259t \u0130dar\u0259\u00e7ilik Akademiyas\u0131nda ke\u00e7iril\u0259n konfransda rektor, akademik Urxan \u018fl\u0259kb\u0259rov \u00e7\u0131x\u0131\u015f ed\u0259r\u0259k b\u00f6y\u00fck Erm\u0259nistan x\u00fclyas\u0131 il\u0259 ya\u015fayan erm\u0259nil\u0259rin \u00f6z m\u0259qs\u0259dl\u0259rin\u0259 \u00e7atmaq \u00fc\u00e7\u00fcn xarici q\u00fcvv\u0259l\u0259rd\u0259n d\u0259 istifad\u0259 ed\u0259r\u0259k Az\u0259rbaycana qar\u015f\u0131 m\u00fcxt\u0259lif \u0259razi iddialar\u0131 ir\u0259li s\u00fcrd\u00fckl\u0259rini s\u00f6yl\u0259yib.<\/p>\n\n\n\n<p>Rektor \u00f6lk\u0259mizin \u0259sas problemi olan Erm\u0259nistan-Az\u0259rbaycan, Da\u011fl\u0131q Qaraba\u011f m\u00fcnaqi\u015f\u0259si, erm\u0259nil\u0259rin tarix\u0259n az\u0259rbaycanl\u0131lara qar\u015f\u0131 h\u0259yata ke\u00e7irdiyi soyq\u0131r\u0131m\u0131 v\u0259 etnik t\u0259mizl\u0259m\u0259 siyas\u0259ti il\u0259 ba\u011fl\u0131 h\u0259qiq\u0259tl\u0259rin d\u00fcnya ictimaiyy\u0259tin\u0259 \u00e7atd\u0131r\u0131lmas\u0131n\u0131n vacibliyind\u0259n dan\u0131\u015f\u0131b.<br>Sonra Milli T\u0259hl\u00fck\u0259sizlik Nazirliyinin Heyd\u0259r \u018fliyev ad\u0131na Akademiyas\u0131n\u0131n ba\u015f m\u00fc\u0259llimi, terror\u00e7ulu\u011fa qar\u015f\u0131 m\u00fcbariz\u0259 \u00fczr\u0259 ekspert Az\u0259r S\u0259limov \u201cTerror\u00e7uluq v\u0259 t\u0259cav\u00fczkar separat\u00e7\u0131l\u0131q Erm\u0259nistan\u0131n d\u00f6vl\u0259t siyas\u0259tinin t\u0259rkib hiss\u0259sidir\u201d m\u00f6vzusunda m\u0259ruz\u0259 il\u0259 \u00e7\u0131x\u0131\u015f edib.<br>A.S\u0259limov deyib ki, m\u00fcasir d\u00f6vrd\u0259 terror\u00e7uluq b\u00fct\u00fcn \u00f6lk\u0259l\u0259ri h\u0259d\u0259f\u0259 \u00e7evir\u0259 bil\u0259c\u0259yi \u00fc\u00e7\u00fcn qlobal problemdir. Terror\u00e7uluqla m\u00fcbariz\u0259d\u0259 b\u00fct\u00fcn beyn\u0259lxalq ictimaiyy\u0259t s\u0259yl\u0259rini birl\u0259\u015fdirm\u0259lidir. Az\u0259rbaycan terror\u00e7uluqdan uzun ill\u0259r \u0259ziyy\u0259t \u00e7\u0259k\u0259n bir \u00f6lk\u0259 olub. XX \u0259srin sonlar\u0131nda yenid\u0259n m\u00fcst\u0259qilliy\u0259 qovu\u015fan Az\u0259rbaycan Erm\u0259nistan\u0131n i\u015f\u011fal\u00e7\u0131l\u0131q siyas\u0259ti il\u0259 \u00fczl\u0259\u015fdi, Da\u011fl\u0131q Qaraba\u011f v\u0259 \u0259traf rayonlar\u0131m\u0131z i\u015f\u011fal edildi, 1 milyondan art\u0131q az\u0259rbaycanl\u0131 qa\u00e7q\u0131n v\u0259 m\u0259cburi k\u00f6\u00e7k\u00fcn v\u0259ziyy\u0259tind\u0259 ya\u015fama\u011fa m\u0259hkum oldu. M\u00fcst\u0259qilliyimizin b\u0259rpas\u0131ndan sonrak\u0131 ill\u0259rd\u0259n etibar\u0259n Az\u0259rbaycan \u0259razisind\u0259 373 terror akt\u0131 t\u00f6r\u0259dilib ki, onlar\u0131n n\u0259tic\u0259sind\u0259 minl\u0259rl\u0259 insan h\u0259yat\u0131n\u0131 itirib, yaralan\u0131b, \u015fik\u0259st olub. Az\u0259rbaycan d\u00f6vl\u0259tin\u0259 v\u0259 xalq\u0131na b\u00f6y\u00fck maddi v\u0259 m\u0259n\u0259vi ziyan d\u0259yib. Az\u0259rbaycan xalq\u0131 erm\u0259ni t\u0259cav\u00fczkarlar\u0131n\u0131n \u0259li il\u0259 XX \u0259srin \u0259n b\u00f6y\u00fck faci\u0259l\u0259rind\u0259n birini &#8211; Xocal\u0131 soyq\u0131r\u0131m\u0131n\u0131 ya\u015fay\u0131b.<\/p>\n\n\n\n<p>\u201cSovet t\u0259hl\u00fck\u0259sizlik orqanlar\u0131nda erm\u0259nil\u0259rin az\u0259rbaycanl\u0131lara qar\u015f\u0131 h\u0259yata ke\u00e7irdiyi soyq\u0131r\u0131m\u0131 siyas\u0259ti\u201d m\u00f6vzusunda m\u0259ruz\u0259 il\u0259 \u00e7\u0131x\u0131\u015f ed\u0259n Milli T\u0259hl\u00fck\u0259sizlik Nazirliyinin Heyd\u0259r \u018fliyev ad\u0131na Akademiyas\u0131n\u0131n kafedra r\u0259isi, professor&nbsp; C\u0259lal Qas\u0131mov bildirib ki, erm\u0259nil\u0259r bol\u015fevik imperiyas\u0131ndan kifay\u0259t q\u0259d\u0259r yararlan\u0131b v\u0259 \u00f6z xeyirl\u0259rin\u0259 istifad\u0259 edibl\u0259r. C.Qas\u0131mov erm\u0259nil\u0259rin Az\u0259rbaycan\u0131n milli m\u0259n\u0259vi d\u0259y\u0259rl\u0259rini \u00f6z\u00fcn\u00fcnk\u00fcl\u0259\u015fdirm\u0259k, g\u00f6rk\u0259mli \u015f\u0259xsiyy\u0259tl\u0259ri, milli t\u0259f\u0259kk\u00fcr\u0259 malik insanlar\u0131 aradan g\u00f6t\u00fcrm\u0259k v\u0259 \u0259razini par\u00e7alay\u0131b \u0259l\u0259 ke\u00e7irm\u0259k planlar\u0131ndan dan\u0131\u015f\u0131b. O \u0259lav\u0259 edib ki, \u00f6t\u0259n \u0259srin 50-ci ill\u0259rind\u0259n sonra ulu \u00f6nd\u0259r Heyd\u0259r \u018fliyevin birl\u0259\u015fdirm\u0259 siyas\u0259ti erm\u0259nil\u0259rin bu f\u0259aliyy\u0259tin\u0259 son qoydu.<br>\u018fsir v\u0259 itkin d\u00fc\u015fm\u00fc\u015f, girov g\u00f6t\u00fcr\u00fclm\u00fc\u015f v\u0259t\u0259nda\u015flarla \u0259laq\u0259dar D\u00f6vl\u0259t Komissiyas\u0131n\u0131n i\u015f\u00e7i qrupunun r\u0259hb\u0259ri Firudin Sad\u0131qov konfransda \u201cErm\u0259nistan-Az\u0259rbaycan, Da\u011fl\u0131q Qaraba\u011f m\u00fcnaqi\u015f\u0259si n\u0259tic\u0259sind\u0259 \u0259sir d\u00fc\u015fm\u00fc\u015f v\u0259 girov g\u00f6t\u00fcr\u00fclm\u00fc\u015f soyda\u015flar\u0131m\u0131z\u0131n \u00fczl\u0259\u015fdiyi m\u0259\u015f\u0259qq\u0259tl\u0259r\u201d m\u00f6vzusunda \u00e7\u0131x\u0131\u015f edib.<br>F.Sad\u0131qov deyib ki, Erm\u0259nistan-Az\u0259rbaycan, Da\u011fl\u0131q Qaraba\u011f m\u00fcnaqi\u015f\u0259sinin yaratd\u0131\u011f\u0131 f\u0259sadlardan biri d\u0259 itkin d\u00fc\u015fm\u00fc\u015f insanlarla ba\u011fl\u0131d\u0131r. Beyn\u0259lxalq h\u00fcquqda m\u00fcharib\u0259l\u0259r h\u0259mi\u015f\u0259 t\u0259nqid olunur. \u00c7\u00fcnki m\u00fcharib\u0259l\u0259r zaman\u0131 insanlar h\u0259lak olur, \u0259sir d\u00fc\u015f\u00fcr, girov g\u00f6t\u00fcr\u00fcl\u00fcrl\u0259r. Bu g\u00fcn Az\u0259rbaycan\u0131n \u00fczl\u0259\u015fdiyi problem is\u0259 \u00e7ox f\u0259rqlidir. \u0130nsanlar ya\u015fad\u0131qlar\u0131 yerl\u0259rd\u0259n, d\u0259d\u0259-baba yurdlar\u0131ndan deportasiya olunublar, sonra silahl\u0131 m\u00fcnaqi\u015f\u0259 ba\u015flay\u0131b. Bu m\u00fcnaqi\u015f\u0259 n\u0259tic\u0259sind\u0259 Az\u0259rbaycanda 20 mind\u0259n \u00e7ox insan h\u0259lak oldu. Bu g\u00fcn\u0259 q\u0259d\u0259r is\u0259 4 mind\u0259n art\u0131q itkin d\u00fc\u015fm\u00fc\u015f v\u0259t\u0259nda\u015f var. Haz\u0131rda komissiya onlar\u0131n axtar\u0131\u015f\u0131 il\u0259 m\u0259\u015f\u011ful olur. D\u00f6vl\u0259t Komissiyas\u0131n\u0131n yarad\u0131lmas\u0131ndan ke\u00e7\u0259n 20 il \u0259rzind\u0259 1400-d\u0259n art\u0131q Az\u0259rbaycan v\u0259t\u0259nda\u015f\u0131n\u0131n bir qisminin c\u0259naz\u0259si \u00f6lk\u0259y\u0259 g\u0259tirilib, bir qismi is\u0259 erm\u0259ni girovlu\u011fundan azad olunub.<\/p>\n\n\n\n<p>\u0130\u015f\u00e7i qrupunun r\u0259hb\u0259ri deyib: \u201cAz\u0259rbaycana qar\u015f\u0131 t\u00f6r\u0259dil\u0259n soyq\u0131r\u0131m\u0131 siyas\u0259tinin f\u0259rqli c\u0259h\u0259ti ondan ibar\u0259tdir ki, \u0259n d\u0259h\u015f\u0259tli m\u00fcharib\u0259l\u0259r zaman\u0131 bel\u0259 m\u00fclki \u0259haliy\u0259 erm\u0259nil\u0259rin biz\u0259 g\u00f6st\u0259rdiyi kimi q\u0259ddar m\u00fcnasib\u0259t g\u00f6st\u0259rilm\u0259yib. Bu, soyq\u0131r\u0131m\u0131 siyas\u0259tidir, h\u0259m d\u0259 Az\u0259rbaycan\u0131n tarixin\u0259, m\u0259d\u0259niyy\u0259tin\u0259 qar\u015f\u0131 cinay\u0259t akt\u0131d\u0131r\u201d.<br>F.Sad\u0131qov deyib ki, axtar\u0131\u015f prosesind\u0259 bir s\u0131ra dig\u0259r m\u0259qamlar &#8211; az\u0259rbaycanl\u0131lara qar\u015f\u0131 i\u015fg\u0259nc\u0259l\u0259r, memarl\u0131\u011f\u0131m\u0131za, m\u0259d\u0259niyy\u0259timiz\u0259, tarixi abid\u0259l\u0259rimiz\u0259 y\u00f6n\u0259lmi\u015f cinay\u0259t faktlar\u0131 da \u00fcz\u0259 \u00e7\u0131x\u0131r.<\/p>\n\n\n\n<p>Konfransda dig\u0259r \u00e7\u0131x\u0131\u015f ed\u0259nl\u0259r bildiribl\u0259r ki, Erm\u0259nistan t\u0259r\u0259find\u0259n Az\u0259rbaycana qar\u015f\u0131 y\u00fcr\u00fcd\u00fcl\u0259n i\u015f\u011fal\u00e7\u0131l\u0131q, soyq\u0131r\u0131m\u0131, terror\u00e7uluq v\u0259 silahl\u0131 separat\u00e7\u0131l\u0131q siyas\u0259tin\u0259, el\u0259c\u0259 d\u0259 tarixi \u0259razil\u0259rimiz, maddi m\u0259n\u0259vi abid\u0259l\u0259rimizl\u0259 ba\u011fl\u0131 iddialara qar\u015f\u0131 m\u00fcbariz\u0259nin daha da g\u00fccl\u0259ndirilm\u0259si, birba\u015fa h\u00fccum taktikas\u0131na \u00fcst\u00fcnl\u00fck verilm\u0259si il\u0259 \u0259laq\u0259dar Prezident \u0130lham \u018fliyevin t\u00f6vsiy\u0259l\u0259ri r\u0259hb\u0259r tutularaq bu istiqam\u0259td\u0259 g\u00f6r\u00fcl\u0259n i\u015fl\u0259rin daha m\u0259qs\u0259dy\u00f6nl\u00fc v\u0259 planl\u0131 \u015f\u0259kild\u0259 t\u0259\u015fkili \u00f6n\u0259mlidir. Bunlar\u0131 n\u0259z\u0259r\u0259 alaraq m\u00fcvafiq d\u00f6vl\u0259t qurumlar\u0131, el\u0259c\u0259 d\u0259 Az\u0259rbaycan v\u0259 T\u00fcrkiy\u0259 diaspor t\u0259\u015fkilatlar\u0131 aras\u0131ndak\u0131 \u0259laq\u0259l\u0259r, habel\u0259 \u00f6lk\u0259l\u0259rimizin beyn\u0259lxalq miqyasda m\u00f6vcud siyasi-iqtisadi v\u0259 elmi dair\u0259l\u0259rl\u0259 m\u00fcnasib\u0259tl\u0259ri daha da inki\u015faf etdirilm\u0259lidir.<\/p>\n\n\n\n<p><\/p>\n\n\n\n<figure class=\"wp-container-2 wp-block-gallery-1 wp-block-gallery columns-1 is-cropped\"><ul class=\"blocks-gallery-grid\"><li class=\"blocks-gallery-item\"><figure><img width=\"640\" height=\"426\" src=\"https:\/\/dia.edu.az\/wp-content\/uploads\/2021\/03\/123-2.jpg\" alt=\"\" data-id=\"13028\" data-full-url=\"https:\/\/dia.edu.az\/wp-content\/uploads\/2021\/03\/123-2.jpg\" data-link=\"https:\/\/dia.edu.az\/?attachment_id=13028\" class=\"wp-image-13028\" srcset=\"https:\/\/legacy.dia.edu.az\/wp-content\/uploads\/2021\/03\/123-2.jpg 640w, https:\/\/legacy.dia.edu.az\/wp-content\/uploads\/2021\/03\/123-2-300x200.jpg 300w, https:\/\/legacy.dia.edu.az\/wp-content\/uploads\/2021\/03\/123-2-16x12.jpg 16w, https:\/\/legacy.dia.edu.az\/wp-content\/uploads\/2021\/03\/123-2-150x100.jpg 150w, https:\/\/legacy.dia.edu.az\/wp-content\/uploads\/2021\/03\/123-2-300x200@2x.jpg 600w\" sizes=\"(max-width: 640px) 100vw, 640px\" \/><\/figure><\/li><\/ul><\/figure>","protected":false},"excerpt":{"rendered":"<p>Az\u0259rbaycan Respublikas\u0131 Milli T\u0259hl\u00fck\u0259sizlik Nazirliyi, \u018fsir v\u0259 itkin d\u00fc\u015fm\u00fc\u015f, girov g\u00f6t\u00fcr\u00fclm\u00fc\u015f v\u0259t\u0259nda\u015flarla \u0259laq\u0259dar D\u00f6vl\u0259t Komissiyas\u0131 v\u0259 Az\u0259rbaycan Respublikas\u0131n\u0131n Prezidenti yan\u0131nda D\u00f6vl\u0259t \u0130dar\u0259\u00e7ilik Akademiyas\u0131n\u0131n birg\u0259 t\u0259\u015fkilat\u00e7\u0131l\u0131\u011f\u0131 il\u0259 \u201cErm\u0259nistan-Az\u0259rbaycan, Da\u011fl\u0131q Qaraba\u011f m\u00fcnaqi\u015f\u0259si: D\u00fcnya h\u0259qiq\u0259tl\u0259ri bilm\u0259lidir\u201d m\u00f6vzusunda konfrans ke\u00e7irilibNoy 11 , 2014 &#8211; 02:05 Az\u0259rbaycan Respublikas\u0131 Milli T\u0259hl\u00fck\u0259sizlik Nazirliyi, \u018fsir v\u0259 itkin d\u00fc\u015fm\u00fc\u015f, girov g\u00f6t\u00fcr\u00fclm\u00fc\u015f v\u0259t\u0259nda\u015flarla \u0259laq\u0259dar D\u00f6vl\u0259t [&hellip;]<\/p>","protected":false},"author":2,"featured_media":13028,"comment_status":"closed","ping_status":"closed","sticky":false,"template":"","format":"standard","meta":[],"categories":[137],"tags":[],"_links":{"self":[{"href":"https:\/\/legacy.dia.edu.az\/en\/wp-json\/wp\/v2\/posts\/13027"}],"collection":[{"href":"https:\/\/legacy.dia.edu.az\/en\/wp-json\/wp\/v2\/posts"}],"about":[{"href":"https:\/\/legacy.dia.edu.az\/en\/wp-json\/wp\/v2\/types\/post"}],"author":[{"embeddable":true,"href":"https:\/\/legacy.dia.edu.az\/en\/wp-json\/wp\/v2\/users\/2"}],"replies":[{"embeddable":true,"href":"https:\/\/legacy.dia.edu.az\/en\/wp-json\/wp\/v2\/comments?post=13027"}],"version-history":[{"count":0,"href":"https:\/\/legacy.dia.edu.az\/en\/wp-json\/wp\/v2\/posts\/13027\/revisions"}],"wp:featuredmedia":[{"embeddable":true,"href":"https:\/\/legacy.dia.edu.az\/en\/wp-json\/wp\/v2\/media\/13028"}],"wp:attachment":[{"href":"https:\/\/legacy.dia.edu.az\/en\/wp-json\/wp\/v2\/media?parent=13027"}],"wp:term":[{"taxonomy":"category","embeddable":true,"href":"https:\/\/legacy.dia.edu.az\/en\/wp-json\/wp\/v2\/categories?post=13027"},{"taxonomy":"post_tag","embeddable":true,"href":"https:\/\/legacy.dia.edu.az\/en\/wp-json\/wp\/v2\/tags?post=13027"}],"curies":[{"name":"wp","href":"https:\/\/api.w.org\/{rel}","templated":true}]}}