{"id":13005,"date":"2014-12-22T12:13:00","date_gmt":"2014-12-22T09:13:00","guid":{"rendered":"https:\/\/dia.edu.az\/?p=13005"},"modified":"2021-03-17T12:15:50","modified_gmt":"2021-03-17T09:15:50","slug":"dekabrin-22-d%c9%99-az%c9%99rbaycan-respublikasinin-prezidenti-yaninda-dovl%c9%99t-idar%c9%99cilik-akademiyasinda-media-v%c9%99-t%c9%99hsil-dialoqu-movzusunda-konfrans-kecirilib","status":"publish","type":"post","link":"https:\/\/legacy.dia.edu.az\/en\/arxivl\u0259r\/13005","title":{"rendered":"Dekabr\u0131n 22-d\u0259 Az\u0259rbaycan Respublikas\u0131n\u0131n Prezidenti yan\u0131nda D\u00f6vl\u0259t \u0130dar\u0259\u00e7ilik Akademiyas\u0131nda \u201cMedia v\u0259 t\u0259hsil dialoqu\u201d m\u00f6vzusunda konfrans ke\u00e7irilib"},"content":{"rendered":"<p><strong>Dekabr\u0131n 22-d\u0259 Az\u0259rbaycan Respublikas\u0131n\u0131n Prezidenti yan\u0131nda D\u00f6vl\u0259t \u0130dar\u0259\u00e7ilik Akademiyas\u0131nda \u201cMedia v\u0259 t\u0259hsil dialoqu\u201d m\u00f6vzusunda konfrans ke\u00e7irilib<\/strong><br><em>Dek 22 , 2014 &#8211; 10:39<\/em><\/p>\n\n\n\n<p>Dekabr\u0131n 22-d\u0259 Az\u0259rbaycan Respublikas\u0131n\u0131n Prezidenti yan\u0131nda D\u00f6vl\u0259t \u0130dar\u0259\u00e7ilik Akademiyas\u0131nda \u201cMedia v\u0259 t\u0259hsil dialoqu\u201d m\u00f6vzusunda konfrans ke\u00e7irilib.<br>Konfransda T\u0259hsil Nazirliyinin n\u00fcmay\u0259nd\u0259l\u0259ri, ali m\u0259kt\u0259bl\u0259rin m\u0259tbuat xidm\u0259tl\u0259rinin v\u0259 media qurumlar\u0131n\u0131n r\u0259hb\u0259rl\u0259ri, tan\u0131nm\u0131\u015f t\u0259hsil ekspertl\u0259ri, jurnalistl\u0259r i\u015ftirak edirl\u0259r.<br>Konfransda D\u0130A-n\u0131n rektoru, akademik Urxan \u018fl\u0259kb\u0259rov \u00f6lk\u0259mizd\u0259 t\u0259hsil sah\u0259sind\u0259 m\u00fch\u00fcm islahatlar\u0131n h\u0259yata ke\u00e7irildiyini diqq\u0259t\u0259 \u00e7atd\u0131r\u0131b. T\u0259hsil Nazirliyinin bu sah\u0259d\u0259 g\u00f6rd\u00fcy\u00fc i\u015fl\u0259ri y\u00fcks\u0259k qiym\u0259tl\u0259ndir\u0259n akademik t\u0259hsild\u0259 apar\u0131lan islahatlarda m\u0259tbuat\u0131n rolunu x\u00fcsusi vur\u011fulay\u0131b. Rektor Prezident \u0130lham \u018fliyevin \u201cqara q\u0131z\u0131l\u0131n insan kapital\u0131na \u00e7evrilm\u0259si\u201d ideyas\u0131n\u0131n \u0259h\u0259miyy\u0259tini qeyd edib.<br>T\u0259hsil Nazirliyinin informasiya \u015f\u00f6b\u0259sinin QHT v\u0259 K\u0130V-l\u0259rl\u0259 i\u015f sektorunun m\u00fcdiri C\u0259sar\u0259t Valehov \u201cPress-relizl\u0259rin haz\u0131rlanmas\u0131 v\u0259 yay\u0131lmas\u0131\u201d m\u00f6vzusunda t\u0259qdimatla \u00e7\u0131x\u0131\u015f edib. Bildirib ki, konfrans\u0131n m\u0259qs\u0259di media v\u0259 t\u0259hsil dialoqu \u00e7\u0259r\u00e7iv\u0259sind\u0259 m\u00fczakir\u0259l\u0259rin davam etdirilm\u0259si, \u00f6lk\u0259nin m\u00fcxt\u0259lif media qurumlar\u0131 il\u0259 i\u015f t\u0259cr\u00fcb\u0259sinin daha da t\u0259kmill\u0259\u015fdirilm\u0259sidir.<br>T\u0259qdimatda K\u0130V-l\u0259rl\u0259 s\u0259m\u0259r\u0259li v\u0259 u\u011furlu m\u00fcnasib\u0259tl\u0259rin qurulmas\u0131, press-relizin m\u0259zmunu v\u0259 strukturu, x\u0259b\u0259rl\u0259rd\u0259 n\u0259yin \u0259ks etdirilm\u0259sinin vacibliyi, ictimaiyy\u0259tl\u0259 \u0259laq\u0259l\u0259rin qurulmas\u0131, c\u0259miyy\u0259td\u0259 median\u0131n rolu v\u0259 dig\u0259r m\u0259s\u0259l\u0259l\u0259rd\u0259n b\u0259hs olunub.<br>T\u0259dbird\u0259 T\u0259hsil Nazirliyinin veb-masteri Mehman \u015e\u0259faq\u0259tov \u201cUniversitet saytlar\u0131: h\u00f6r\u00fcm\u00e7\u0259k torunda haradas\u0131n\u0131z ?\u201d m\u00f6vzusundak\u0131 t\u0259qdimat\u0131nda ali m\u0259kt\u0259bl\u0259rin veb-resurslar\u0131 v\u0259 virtual al\u0259md\u0259ki f\u0259aliyy\u0259ti il\u0259 ba\u011fl\u0131 monitorinqin n\u0259tic\u0259l\u0259rini t\u0259qdim edib.<br>Dig\u0259r \u00e7\u0131x\u0131\u015f ed\u0259nl\u0259r d\u0259 m\u00fcasir d\u00fcnyada t\u0259hsilin v\u0259 m\u0259tbuat\u0131n m\u00fch\u00fcm rolundan, mediada t\u0259hsil sah\u0259sinin daha geni\u015f v\u0259 obyektiv i\u015f\u0131qland\u0131r\u0131lmas\u0131n\u0131n \u0259h\u0259miyy\u0259tind\u0259n dan\u0131\u015f\u0131b, media\u2013t\u0259hsil dialoqu bar\u0259d\u0259 fikirl\u0259r s\u0259sl\u0259ndiribl\u0259r.<br>Sonra t\u0259qdimatlarla ba\u011fl\u0131 m\u00fczakir\u0259l\u0259r apar\u0131l\u0131b, suallar cavabland\u0131r\u0131l\u0131b.<\/p>\n\n\n\n<p><\/p>\n\n\n\n<p><\/p>\n\n\n\n<figure class=\"wp-container-2 wp-block-gallery-1 wp-block-gallery columns-2 is-cropped\"><ul class=\"blocks-gallery-grid\"><li class=\"blocks-gallery-item\"><figure><img width=\"640\" height=\"426\" src=\"https:\/\/dia.edu.az\/wp-content\/uploads\/2021\/03\/ces1122.jpg\" alt=\"\" data-id=\"13006\" data-full-url=\"https:\/\/dia.edu.az\/wp-content\/uploads\/2021\/03\/ces1122.jpg\" data-link=\"https:\/\/dia.edu.az\/?attachment_id=13006\" class=\"wp-image-13006\" srcset=\"https:\/\/legacy.dia.edu.az\/wp-content\/uploads\/2021\/03\/ces1122.jpg 640w, https:\/\/legacy.dia.edu.az\/wp-content\/uploads\/2021\/03\/ces1122-300x200.jpg 300w, https:\/\/legacy.dia.edu.az\/wp-content\/uploads\/2021\/03\/ces1122-16x12.jpg 16w, https:\/\/legacy.dia.edu.az\/wp-content\/uploads\/2021\/03\/ces1122-150x100.jpg 150w, https:\/\/legacy.dia.edu.az\/wp-content\/uploads\/2021\/03\/ces1122-300x200@2x.jpg 600w\" sizes=\"(max-width: 640px) 100vw, 640px\" \/><\/figure><\/li><li class=\"blocks-gallery-item\"><figure><img width=\"640\" height=\"366\" src=\"https:\/\/dia.edu.az\/wp-content\/uploads\/2021\/03\/cesaret.jpg\" alt=\"\" data-id=\"13007\" data-full-url=\"https:\/\/dia.edu.az\/wp-content\/uploads\/2021\/03\/cesaret.jpg\" data-link=\"https:\/\/dia.edu.az\/?attachment_id=13007\" class=\"wp-image-13007\" srcset=\"https:\/\/legacy.dia.edu.az\/wp-content\/uploads\/2021\/03\/cesaret.jpg 640w, https:\/\/legacy.dia.edu.az\/wp-content\/uploads\/2021\/03\/cesaret-300x172.jpg 300w, https:\/\/legacy.dia.edu.az\/wp-content\/uploads\/2021\/03\/cesaret-16x9.jpg 16w, https:\/\/legacy.dia.edu.az\/wp-content\/uploads\/2021\/03\/cesaret-300x172@2x.jpg 600w\" sizes=\"(max-width: 640px) 100vw, 640px\" \/><\/figure><\/li><\/ul><\/figure>","protected":false},"excerpt":{"rendered":"<p>Dekabr\u0131n 22-d\u0259 Az\u0259rbaycan Respublikas\u0131n\u0131n Prezidenti yan\u0131nda D\u00f6vl\u0259t \u0130dar\u0259\u00e7ilik Akademiyas\u0131nda \u201cMedia v\u0259 t\u0259hsil dialoqu\u201d m\u00f6vzusunda konfrans ke\u00e7irilibDek 22 , 2014 &#8211; 10:39 Dekabr\u0131n 22-d\u0259 Az\u0259rbaycan Respublikas\u0131n\u0131n Prezidenti yan\u0131nda D\u00f6vl\u0259t \u0130dar\u0259\u00e7ilik Akademiyas\u0131nda \u201cMedia v\u0259 t\u0259hsil dialoqu\u201d m\u00f6vzusunda konfrans ke\u00e7irilib.Konfransda T\u0259hsil Nazirliyinin n\u00fcmay\u0259nd\u0259l\u0259ri, ali m\u0259kt\u0259bl\u0259rin m\u0259tbuat xidm\u0259tl\u0259rinin v\u0259 media qurumlar\u0131n\u0131n r\u0259hb\u0259rl\u0259ri, tan\u0131nm\u0131\u015f t\u0259hsil ekspertl\u0259ri, jurnalistl\u0259r i\u015ftirak edirl\u0259r.Konfransda D\u0130A-n\u0131n [&hellip;]<\/p>","protected":false},"author":2,"featured_media":13006,"comment_status":"closed","ping_status":"closed","sticky":false,"template":"","format":"standard","meta":[],"categories":[137],"tags":[],"_links":{"self":[{"href":"https:\/\/legacy.dia.edu.az\/en\/wp-json\/wp\/v2\/posts\/13005"}],"collection":[{"href":"https:\/\/legacy.dia.edu.az\/en\/wp-json\/wp\/v2\/posts"}],"about":[{"href":"https:\/\/legacy.dia.edu.az\/en\/wp-json\/wp\/v2\/types\/post"}],"author":[{"embeddable":true,"href":"https:\/\/legacy.dia.edu.az\/en\/wp-json\/wp\/v2\/users\/2"}],"replies":[{"embeddable":true,"href":"https:\/\/legacy.dia.edu.az\/en\/wp-json\/wp\/v2\/comments?post=13005"}],"version-history":[{"count":0,"href":"https:\/\/legacy.dia.edu.az\/en\/wp-json\/wp\/v2\/posts\/13005\/revisions"}],"wp:featuredmedia":[{"embeddable":true,"href":"https:\/\/legacy.dia.edu.az\/en\/wp-json\/wp\/v2\/media\/13006"}],"wp:attachment":[{"href":"https:\/\/legacy.dia.edu.az\/en\/wp-json\/wp\/v2\/media?parent=13005"}],"wp:term":[{"taxonomy":"category","embeddable":true,"href":"https:\/\/legacy.dia.edu.az\/en\/wp-json\/wp\/v2\/categories?post=13005"},{"taxonomy":"post_tag","embeddable":true,"href":"https:\/\/legacy.dia.edu.az\/en\/wp-json\/wp\/v2\/tags?post=13005"}],"curies":[{"name":"wp","href":"https:\/\/api.w.org\/{rel}","templated":true}]}}