{"id":13001,"date":"2014-12-27T12:11:00","date_gmt":"2014-12-27T09:11:00","guid":{"rendered":"https:\/\/dia.edu.az\/?p=13001"},"modified":"2021-03-17T12:12:47","modified_gmt":"2021-03-17T09:12:47","slug":"innovativ-idar%c9%99etm%c9%99-m%c9%99kt%c9%99binin-acilis-m%c9%99rasimi-kecirilib","status":"publish","type":"post","link":"https:\/\/legacy.dia.edu.az\/en\/arxivl\u0259r\/13001","title":{"rendered":"\u201c\u0130nnovativ idar\u0259etm\u0259 m\u0259kt\u0259bi\u201dnin a\u00e7\u0131l\u0131\u015f m\u0259rasimi ke\u00e7irilib"},"content":{"rendered":"<p><strong>\u201c\u0130nnovativ idar\u0259etm\u0259 m\u0259kt\u0259bi\u201dnin a\u00e7\u0131l\u0131\u015f m\u0259rasimi ke\u00e7irilib<\/strong><br><em>Dek 27 , 2014 &#8211; 11:27<\/em><\/p>\n\n\n\n<p>Dekabr\u0131n 27-d\u0259 Az\u0259rbaycan Respublikas\u0131n\u0131n Prezidenti yan\u0131nda V\u0259t\u0259nda\u015flara Xidm\u0259t v\u0259 Sosial \u0130nnovasiyalar \u00fczr\u0259 D\u00f6vl\u0259t Agentliyinin \u201cASAN School\u201d k\u00f6n\u00fcll\u00fcl\u00fck proqram\u0131 \u00e7\u0259r\u00e7iv\u0259sind\u0259 Az\u0259rbaycan Respublikas\u0131n\u0131n Prezidenti yan\u0131nda D\u00f6vl\u0259t \u0130dar\u0259\u00e7ilik Akademiyas\u0131 il\u0259 birg\u0259 layih\u0259si olan \u201c\u0130nnovativ idar\u0259etm\u0259 m\u0259kt\u0259bi\u201dnin a\u00e7\u0131l\u0131\u015f m\u0259rasimi ke\u00e7irilib.<br>T\u0259dbird\u0259 \u00e7\u0131x\u0131\u015f ed\u0259n D\u00f6vl\u0259t \u0130dar\u0259\u00e7ilik Akademiyas\u0131n\u0131n rektoru, akademik Urxan \u018fl\u0259kb\u0259rov idar\u0259etm\u0259nin m\u00fcasirl\u0259\u015fm\u0259sind\u0259 bilikl\u0259 yana\u015f\u0131, t\u0259cr\u00fcb\u0259nin d\u0259 m\u00fch\u00fcm rol oynad\u0131\u011f\u0131n\u0131 s\u00f6yl\u0259yib. Bildirib ki, bu bax\u0131mdan \u201c\u0130nnovativ idar\u0259etm\u0259 m\u0259kt\u0259bi\u201dnin yarad\u0131lmas\u0131 m\u00fch\u00fcm add\u0131md\u0131r.<br>Az\u0259rbaycan Respublikas\u0131n\u0131n Prezidenti yan\u0131nda V\u0259t\u0259nda\u015flara Xidm\u0259t v\u0259 Sosial \u0130nnovasiyalar \u00fczr\u0259 D\u00f6vl\u0259t Agentliyinin s\u0259dri \u0130nam K\u0259rimov \u00e7\u0131x\u0131\u015f\u0131nda deyib ki, \u201cASAN xidm\u0259t\u201din \u0259n b\u00f6y\u00fck amal\u0131 v\u0259t\u0259nda\u015f m\u0259mnunlu\u011funu t\u0259min etm\u0259kdir. Bu g\u00fcnl\u0259rd\u0259 \u201cASAN xidm\u0259t\u201d f\u0259aliyy\u0259t\u0259 ba\u015flamas\u0131n\u0131n iki illiyini qeyd ed\u0259c\u0259k. Bu m\u00fcdd\u0259td\u0259 \u00f6lk\u0259d\u0259 f\u0259aliyy\u0259t g\u00f6st\u0259r\u0259n 7 \u201cASAN xidm\u0259t\u201d m\u0259rk\u0259zind\u0259 3,5 milyon v\u0259t\u0259nda\u015fa xidm\u0259t g\u00f6st\u0259rilib.<br>Diqq\u0259t\u0259 \u00e7atd\u0131r\u0131l\u0131b ki, haz\u0131rda \u201cASAN xidm\u0259t\u201d m\u0259rk\u0259zl\u0259rind\u0259 500-\u0259 yax\u0131n k\u00f6n\u00fcll\u00fc \u00e7al\u0131\u015f\u0131r. Onlar\u0131n \u0259ks\u0259r hiss\u0259si D\u00f6vl\u0259t \u0130dar\u0259\u00e7ilik Akademiyas\u0131n\u0131n m\u0259zunlar\u0131 v\u0259 ya t\u0259l\u0259b\u0259l\u0259ridir. Prezident \u0130lham \u018fliyevin Sabirabadda ASAN K\u00f6n\u00fcll\u00fcl\u0259rinin I \u00dcmumrespublika Forumunun a\u00e7\u0131l\u0131\u015f\u0131ndak\u0131 \u00e7\u0131x\u0131\u015f\u0131na diqq\u0259ti c\u0259lb ed\u0259n \u0130.K\u0259rimov qeyd edib ki, k\u00f6n\u00fcll\u00fcl\u00fck art\u0131q \u201cASAN xidm\u0259t\u201d m\u0259rk\u0259zl\u0259rind\u0259 bir t\u0259cr\u00fcb\u0259 m\u0259kt\u0259bi kimi sistemli olaraq f\u0259aliyy\u0259t g\u00f6st\u0259rir. Bu t\u0259dris &#8211; t\u0259cr\u00fcb\u0259 proqram\u0131 2 m\u0259rh\u0259l\u0259d\u0259n ibar\u0259tdir. \u0130lkin m\u0259rh\u0259l\u0259d\u0259 k\u00f6n\u00fcll\u00fcl\u0259r 2 ay m\u00fcdd\u0259tind\u0259 \u201cASAN xidm\u0259t\u201d m\u0259rk\u0259zl\u0259rind\u0259 t\u0259cr\u00fcb\u0259 ke\u00e7irl\u0259r. \u0130kinci m\u0259rh\u0259l\u0259d\u0259, y\u0259ni \u201cASAN School\u201d k\u00f6n\u00fcll\u00fcl\u00fck proqram\u0131n\u0131n \u201cMaster 2\u201d m\u0259rh\u0259l\u0259sind\u0259 is\u0259 \u201cASAN xidm\u0259t\u201din d\u00f6vl\u0259t qurumlar\u0131 il\u0259 \u0259m\u0259kda\u015fl\u0131\u011f\u0131 \u00e7\u0259r\u00e7iv\u0259sind\u0259 k\u00f6n\u00fcll\u00fcl\u0259r bu qurumlarda 2 ay f\u0259aliyy\u0259tl\u0259rini davam etdirirl\u0259r. \u0130lkin olaraq pilot layih\u0259 kimi \u018fm\u0259k v\u0259 \u018fhalinin Sosial M\u00fcdafi\u0259si v\u0259 Vergil\u0259r nazirlikl\u0259ri layih\u0259y\u0259 c\u0259lb olunub. G\u0259l\u0259c\u0259kd\u0259 dig\u0259r d\u00f6vl\u0259t qurumlar\u0131n\u0131n da layih\u0259y\u0259 qo\u015fulmas\u0131 n\u0259z\u0259rd\u0259 tutulub.<br>\u018fm\u0259k v\u0259 \u0259halinin sosial m\u00fcdafi\u0259si nazirinin m\u00fcavini \u0130dris \u0130sayev bildirib ki, g\u0259ncl\u0259rin \u0259m\u0259k bazar\u0131na ke\u00e7idi prosesi \u00e7\u0259tin oldu\u011fu \u00fc\u00e7\u00fcn \u201c\u0130nnovativ idar\u0259etm\u0259 m\u0259kt\u0259bi\u201dnin yarad\u0131lmas\u0131 m\u00fch\u00fcm add\u0131md\u0131r. O, \u018fm\u0259k v\u0259 \u018fhalinin Sosial M\u00fcdafi\u0259si Nazirliyinin bu istiqam\u0259td\u0259 g\u0259ncl\u0259r\u0259 d\u0259st\u0259k verm\u0259y\u0259 haz\u0131r oldu\u011funu bildirib.<br>Vergil\u0259r Nazirliyinin insan resurslar\u0131 idar\u0259sinin r\u0259isi Faiq \u015eahbazov bu layih\u0259nin realla\u015fmas\u0131na g\u00f6r\u0259 t\u0259\u015fkilat\u00e7\u0131lara t\u0259\u015f\u0259kk\u00fcr\u00fcn\u00fc bildirib.<br>Sonra \u201cASAN xidm\u0259t\u201din k\u00f6n\u00fcll\u00fcl\u0259ri \u00e7\u0131x\u0131\u015f edibl\u0259r.<br>Daha sonra k\u00f6n\u00fcll\u00fcl\u0259rin haz\u0131rlad\u0131qlar\u0131 video\u00e7arx n\u00fcmayi\u015f etdirilib. \u201cASAN School\u201d proqram\u0131n\u0131n \u201cMaster 2\u201d m\u0259rh\u0259l\u0259sind\u0259 i\u015ftirak ed\u0259n k\u00f6n\u00fcll\u00fcl\u0259r\u0259 sertifikatlar t\u0259qdim olunub.<br>\u201c\u0130nnovativ idar\u0259etm\u0259 m\u0259kt\u0259bi\u201d \u00e7\u0259r\u00e7iv\u0259sind\u0259 t\u0259\u015fkil edil\u0259c\u0259k m\u00fcxt\u0259lif t\u0259lim, t\u0259dbir v\u0259 g\u00f6r\u00fc\u015fl\u0259rd\u0259 k\u00f6n\u00fcll\u00fcl\u0259r \u00f6lk\u0259nin bir s\u0131ra tan\u0131nm\u0131\u015f ictimai-siyasi, elm v\u0259 m\u0259d\u0259niyy\u0259t xadiml\u0259ri il\u0259 g\u00f6r\u00fc\u015fm\u0259k imkan\u0131 \u0259ld\u0259 ed\u0259c\u0259kl\u0259r.<\/p>\n\n\n\n<p><\/p>\n\n\n\n<p><\/p>\n\n\n\n<figure class=\"wp-container-2 wp-block-gallery-1 wp-block-gallery columns-2 is-cropped\"><ul class=\"blocks-gallery-grid\"><li class=\"blocks-gallery-item\"><figure><img width=\"640\" height=\"426\" src=\"https:\/\/dia.edu.az\/wp-content\/uploads\/2021\/03\/1-76.jpg\" alt=\"\" data-id=\"13002\" data-full-url=\"https:\/\/dia.edu.az\/wp-content\/uploads\/2021\/03\/1-76.jpg\" data-link=\"https:\/\/dia.edu.az\/?attachment_id=13002\" class=\"wp-image-13002\" srcset=\"https:\/\/legacy.dia.edu.az\/wp-content\/uploads\/2021\/03\/1-76.jpg 640w, https:\/\/legacy.dia.edu.az\/wp-content\/uploads\/2021\/03\/1-76-300x200.jpg 300w, https:\/\/legacy.dia.edu.az\/wp-content\/uploads\/2021\/03\/1-76-16x12.jpg 16w, https:\/\/legacy.dia.edu.az\/wp-content\/uploads\/2021\/03\/1-76-150x100.jpg 150w, https:\/\/legacy.dia.edu.az\/wp-content\/uploads\/2021\/03\/1-76-300x200@2x.jpg 600w\" sizes=\"(max-width: 640px) 100vw, 640px\" \/><\/figure><\/li><li class=\"blocks-gallery-item\"><figure><img width=\"640\" height=\"410\" src=\"https:\/\/dia.edu.az\/wp-content\/uploads\/2021\/03\/2-68.jpg\" alt=\"\" data-id=\"13003\" data-full-url=\"https:\/\/dia.edu.az\/wp-content\/uploads\/2021\/03\/2-68.jpg\" data-link=\"https:\/\/dia.edu.az\/?attachment_id=13003\" class=\"wp-image-13003\" srcset=\"https:\/\/legacy.dia.edu.az\/wp-content\/uploads\/2021\/03\/2-68.jpg 640w, https:\/\/legacy.dia.edu.az\/wp-content\/uploads\/2021\/03\/2-68-300x192.jpg 300w, https:\/\/legacy.dia.edu.az\/wp-content\/uploads\/2021\/03\/2-68-16x10.jpg 16w, https:\/\/legacy.dia.edu.az\/wp-content\/uploads\/2021\/03\/2-68-300x192@2x.jpg 600w\" sizes=\"(max-width: 640px) 100vw, 640px\" \/><\/figure><\/li><\/ul><\/figure>","protected":false},"excerpt":{"rendered":"<p>\u201c\u0130nnovativ idar\u0259etm\u0259 m\u0259kt\u0259bi\u201dnin a\u00e7\u0131l\u0131\u015f m\u0259rasimi ke\u00e7irilibDek 27 , 2014 &#8211; 11:27 Dekabr\u0131n 27-d\u0259 Az\u0259rbaycan Respublikas\u0131n\u0131n Prezidenti yan\u0131nda V\u0259t\u0259nda\u015flara Xidm\u0259t v\u0259 Sosial \u0130nnovasiyalar \u00fczr\u0259 D\u00f6vl\u0259t Agentliyinin \u201cASAN School\u201d k\u00f6n\u00fcll\u00fcl\u00fck proqram\u0131 \u00e7\u0259r\u00e7iv\u0259sind\u0259 Az\u0259rbaycan Respublikas\u0131n\u0131n Prezidenti yan\u0131nda D\u00f6vl\u0259t \u0130dar\u0259\u00e7ilik Akademiyas\u0131 il\u0259 birg\u0259 layih\u0259si olan \u201c\u0130nnovativ idar\u0259etm\u0259 m\u0259kt\u0259bi\u201dnin a\u00e7\u0131l\u0131\u015f m\u0259rasimi ke\u00e7irilib.T\u0259dbird\u0259 \u00e7\u0131x\u0131\u015f ed\u0259n D\u00f6vl\u0259t \u0130dar\u0259\u00e7ilik Akademiyas\u0131n\u0131n rektoru, akademik Urxan [&hellip;]<\/p>","protected":false},"author":2,"featured_media":13002,"comment_status":"closed","ping_status":"closed","sticky":false,"template":"","format":"standard","meta":[],"categories":[137],"tags":[],"_links":{"self":[{"href":"https:\/\/legacy.dia.edu.az\/en\/wp-json\/wp\/v2\/posts\/13001"}],"collection":[{"href":"https:\/\/legacy.dia.edu.az\/en\/wp-json\/wp\/v2\/posts"}],"about":[{"href":"https:\/\/legacy.dia.edu.az\/en\/wp-json\/wp\/v2\/types\/post"}],"author":[{"embeddable":true,"href":"https:\/\/legacy.dia.edu.az\/en\/wp-json\/wp\/v2\/users\/2"}],"replies":[{"embeddable":true,"href":"https:\/\/legacy.dia.edu.az\/en\/wp-json\/wp\/v2\/comments?post=13001"}],"version-history":[{"count":0,"href":"https:\/\/legacy.dia.edu.az\/en\/wp-json\/wp\/v2\/posts\/13001\/revisions"}],"wp:featuredmedia":[{"embeddable":true,"href":"https:\/\/legacy.dia.edu.az\/en\/wp-json\/wp\/v2\/media\/13002"}],"wp:attachment":[{"href":"https:\/\/legacy.dia.edu.az\/en\/wp-json\/wp\/v2\/media?parent=13001"}],"wp:term":[{"taxonomy":"category","embeddable":true,"href":"https:\/\/legacy.dia.edu.az\/en\/wp-json\/wp\/v2\/categories?post=13001"},{"taxonomy":"post_tag","embeddable":true,"href":"https:\/\/legacy.dia.edu.az\/en\/wp-json\/wp\/v2\/tags?post=13001"}],"curies":[{"name":"wp","href":"https:\/\/api.w.org\/{rel}","templated":true}]}}