{"id":12998,"date":"2015-01-15T12:09:00","date_gmt":"2015-01-15T09:09:00","guid":{"rendered":"https:\/\/dia.edu.az\/?p=12998"},"modified":"2021-03-17T12:10:33","modified_gmt":"2021-03-17T09:10:33","slug":"akademiyada-r%c9%99hb%c9%99r-dovl%c9%99t-qulluqculari-ucun-uc-istiqam%c9%99t-uzr%c9%99-ixtisasartirma-kurslari-kecirilmisdir","status":"publish","type":"post","link":"https:\/\/legacy.dia.edu.az\/en\/arxivl\u0259r\/12998","title":{"rendered":"Akademiyada r\u0259hb\u0259r d\u00f6vl\u0259t qulluq\u00e7ular\u0131 \u00fc\u00e7\u00fcn \u00fc\u00e7 istiqam\u0259t \u00fczr\u0259 ixtisasart\u0131rma kurslar\u0131 ke\u00e7irilmi\u015fdir"},"content":{"rendered":"<p><strong>Akademiyada r\u0259hb\u0259r d\u00f6vl\u0259t qulluq\u00e7ular\u0131 \u00fc\u00e7\u00fcn \u00fc\u00e7 istiqam\u0259t \u00fczr\u0259 ixtisasart\u0131rma kurslar\u0131 ke\u00e7irilmi\u015fdir<\/strong><br><em>Yan 15 , 2015 &#8211; 11:44<\/em><\/p>\n\n\n\n<p>Az\u0259rbaycan Respublikas\u0131n\u0131n Prezidenti yan\u0131nda D\u00f6vl\u0259t \u0130dar\u0259\u00e7ilik Akademiyas\u0131nda \u201cD\u00f6vl\u0259t qullu\u011funun t\u0259\u015fkilati \u0259saslar\u0131 v\u0259 d\u00f6vl\u0259tin kadr siyas\u0259ti\u201d, \u201cMiqrasiya prosesl\u0259rinin d\u00f6vl\u0259t t\u0259nziml\u0259nm\u0259si\u201d, \u201dElektron h\u00f6kum\u0259t\u201d istiqam\u0259tl\u0259ri \u00fczr\u0259 q\u0131sam\u00fcdd\u0259tli ixtisasart\u0131rma kurslar\u0131 ke\u00e7irilmi\u015fdir. Kurslara d\u00f6vl\u0259t orqanlar\u0131nda, o c\u00fcml\u0259d\u0259n \u015f\u0259h\u0259r v\u0259 rayon icra hakimiyy\u0259tl\u0259rind\u0259 \u00e7al\u0131\u015fan m\u00fcvafiq d\u00f6vl\u0259t qulluq\u00e7ular\u0131 c\u0259lb olunmu\u015flar.<\/p>\n\n\n\n<p>Bu istiqam\u0259tl\u0259rd\u0259 kurslar\u0131n \u0259sas m\u0259qs\u0259di D\u00f6vl\u0259t qullu\u011funda insan inki\u015faf\u0131 amili, D\u00f6vl\u0259t orqanlar\u0131nda v\u0259t\u0259nda\u015flar\u0131n m\u00fcraci\u0259tl\u0259rin\u0259 bax\u0131lmas\u0131, D\u00f6vl\u0259t orqanlar\u0131nda kadr xidm\u0259tinin strukturu v\u0259 funksiyalar\u0131; Az\u0259rbaycan Respublikas\u0131nda miqrasiya rejimi v\u0259 bu sah\u0259d\u0259 apar\u0131lan islahatlar, Miqrasiya M\u0259c\u0259ll\u0259si, Az\u0259rbaycan Respublikas\u0131n\u0131n m\u00fcasir miqrasiya siyas\u0259tinin \u0259sas istiqam\u0259tl\u0259ri; Az\u0259rbaycanda informasiya c\u0259miyy\u0259ti quruculu\u011fu, Elektron xidm\u0259tl\u0259r, onlar\u0131n t\u0259\u015fkili v\u0259 t\u0259qdim olunmas\u0131.Elektron h\u00f6kum\u0259t portal\u0131 v\u0259 s. probleml\u0259rl\u0259 ba\u011fl\u0131 bilikl\u0259rin dinl\u0259yicil\u0259r\u0259 \u00e7atd\u0131r\u0131lmas\u0131 v\u0259 onlar il\u0259 fikir m\u00fcbadil\u0259sinin apar\u0131lmas\u0131 idi.<\/p>\n\n\n\n<p>Kurs \u0259rzind\u0259 \u201cD\u00f6vl\u0259t qullu\u011funun t\u0259\u015fkilati \u0259saslar\u0131 v\u0259 d\u00f6vl\u0259tin kadr siyas\u0259ti\u201d istiqam\u0259ti \u00fczr\u0259 \u2013Prezidenti Administrasiyas\u0131n\u0131n S\u0259n\u0259dl\u0259rl\u0259 v\u0259 v\u0259t\u0259nda\u015flar\u0131n m\u00fcraci\u0259tl\u0259ri il\u0259 i\u015f \u015f\u00f6b\u0259sinin m\u00fcdir m\u00fcavini Fikr\u0259t \u018fzizov, AR Prezidenti Administrasiyas\u0131n\u0131n Kadr M\u0259s\u0259l\u0259l\u0259ri \u015f\u00f6b\u0259sinin kadr siyas\u0259ti sektorunun m\u00fcdiri Vasif X\u0259l\u0259fov, Prezidenti yan\u0131nda D\u00f6vl\u0259t \u0130dar\u0259\u00e7ilik Akademiyas\u0131n\u0131n rektoru, akademik Urxan \u018fl\u0259kb\u0259rov, Akademiyan\u0131n t\u0259dris i\u015fl\u0259ri \u00fczr\u0259 prorektoru, professor \u018flikram Abdullayev, kafedra m\u00fcdirl\u0259ri dosent F\u0259xr\u0259ddin Na\u011f\u0131yev, dosent Oruc M\u0259mm\u0259dov, Elmi t\u0259\u015fkilat \u015f\u00f6b\u0259sinin m\u00fcdiri, dosent R\u0259c\u0259b R\u0259himli, professor Fuad M\u0259mm\u0259dov, dosent A\u011famehdi Mehdi\u0259liyev, dosent Ramazan \u015eabanov, dosent Eldar Aslanov, Anar H\u0259s\u0259nov, Naz\u0259nin H\u00fcseynova, Milli M\u0259clisin Sosial Siyas\u0259ti Komit\u0259sinin s\u0259dri Hadi R\u0259c\u0259bli, Prezidenti yan\u0131nda D\u00f6vl\u0259t Qullu\u011fu M\u0259s\u0259l\u0259l\u0259ri \u00fczr\u0259 Komissiyas\u0131n\u0131n \u015f\u00f6b\u0259 m\u00fcdiri Afaq H\u00fcseyn, \u0130qtisad Universitetinin T\u0259dris-Metodiki m\u0259rk\u0259zinin direktoru, dosent Eldar Azadov; \u201cMiqrasiya prosesl\u0259rinin d\u00f6vl\u0259t t\u0259nziml\u0259nm\u0259si\u201d istiqam\u0259ti \u00fczr\u0259 Az\u0259rbaycan Respublikas\u0131n\u0131n D\u00f6vl\u0259t Miqrasiya Xidm\u0259tinin r\u0259is m\u00fcavinl\u0259ri P\u0259rviz Musayev, Elman \u018fliyev,ba\u015f idar\u0259 r\u0259isl\u0259ri \u0130smay\u0131l Abdullayev, Siyas\u0259t Al\u0131yev, idar\u0259 r\u0259isi Nazim Salmanov v\u0259 \u015f\u00f6b\u0259 r\u0259isi Nazim Turabov, Daxili \u0130\u015fl\u0259r Nazirliyinin \u0259m\u0259kda\u015flar\u0131 Az\u0259r M\u0259mm\u0259dov, M\u0259ntiq \u015e\u0259rifov,Vahid S\u00fcleymanov, Dini Qurumlarla \u0130\u015f \u00fczr\u0259 D\u00f6vl\u0259t Komit\u0259snin s\u0259dr m\u00fcavini G\u00fcnd\u00fcz \u0130smay\u0131lov, Ail\u0259 Qad\u0131n v\u0259 U\u015faq Probleml\u0259ri \u00fczr\u0259 D\u00f6vl\u0259t Komit\u0259sinin s\u0259dr m\u00fcavini Aynur Sofiyeva, D\u00f6vl\u0259t S\u0259rh\u0259d Xidm\u0259tinin \u0259m\u0259kda\u015f\u0131 Azad Qas\u0131mov, Xarici \u0130\u015fl\u0259r Nazirliyinin \u00dcmumi Konsulluq M\u0259s\u0259l\u0259l\u0259ri \u015f\u00f6b\u0259sinin m\u00fcdiri Musa Haqverdiyev, S\u0259hiyy\u0259 Nazirliyinin \u0259m\u0259kda\u015f\u0131 Nabil Seyidov; \u00abElektron h\u00f6kum\u0259t\u00bb istiqam\u0259ti \u00fczr\u0259 rabit\u0259 v\u0259 y\u00fcks\u0259k texnologiyalar nazirinin m\u00fcavini Elmir V\u0259lizad\u0259 v\u0259 nazirliyin \u0259m\u0259kda\u015flar\u0131 Ayg\u00fcn \u018fhm\u0259dova,Nail M\u0259rdanov, \u0130lqar Abdullayev, Leyla \u018fliyeva, Ruh\u0259ngiz Qarayeva, Nadir R\u0259sulov,Vergil\u0259r Nazirliyinin \u0259m\u0259kda\u015f\u0131 \u0130lkin H\u0259s\u0259nov, AR Prezidenti yan\u0131nda V\u0259t\u0259nda\u015flara Xidm\u0259t v\u0259 Sosial \u0130nnovasiyalar \u00fczr\u0259 D\u00f6vl\u0259t Agentliyinin \u0259m\u0259kda\u015flar\u0131 Mehdi Cavadov, Novruz Orucov m\u00fcxt\u0259lif m\u00f6vzularda m\u00fchazir\u0259l\u0259rl\u0259 \u00e7\u0131x\u0131\u015f etmi\u015fl\u0259r.<\/p>\n\n\n\n<p>Kursun sonunda akademiyan\u0131n rektoru, akademik Urxan \u018fl\u0259kb\u0259rov dinl\u0259yicil\u0259r qar\u015f\u0131s\u0131nda \u00e7\u0131x\u0131\u015f etmi\u015f v\u0259 onlara kursu m\u00fcv\u0259ff\u0259qiyy\u0259tl\u0259 bitirdikl\u0259rin\u0259 g\u00f6r\u0259 sertifikatlar t\u0259qdim etmi\u015fl\u0259r.<\/p>\n\n\n\n<p><\/p>\n\n\n\n<figure class=\"wp-container-2 wp-block-gallery-1 wp-block-gallery columns-1 is-cropped\"><ul class=\"blocks-gallery-grid\"><li class=\"blocks-gallery-item\"><figure><img width=\"640\" height=\"426\" src=\"https:\/\/dia.edu.az\/wp-content\/uploads\/2021\/03\/sekil_kurs.jpg\" alt=\"\" data-id=\"12999\" data-full-url=\"https:\/\/dia.edu.az\/wp-content\/uploads\/2021\/03\/sekil_kurs.jpg\" data-link=\"https:\/\/dia.edu.az\/?attachment_id=12999\" class=\"wp-image-12999\" srcset=\"https:\/\/legacy.dia.edu.az\/wp-content\/uploads\/2021\/03\/sekil_kurs.jpg 640w, https:\/\/legacy.dia.edu.az\/wp-content\/uploads\/2021\/03\/sekil_kurs-300x200.jpg 300w, https:\/\/legacy.dia.edu.az\/wp-content\/uploads\/2021\/03\/sekil_kurs-16x12.jpg 16w, https:\/\/legacy.dia.edu.az\/wp-content\/uploads\/2021\/03\/sekil_kurs-150x100.jpg 150w, https:\/\/legacy.dia.edu.az\/wp-content\/uploads\/2021\/03\/sekil_kurs-300x200@2x.jpg 600w\" sizes=\"(max-width: 640px) 100vw, 640px\" \/><\/figure><\/li><\/ul><\/figure>","protected":false},"excerpt":{"rendered":"<p>Akademiyada r\u0259hb\u0259r d\u00f6vl\u0259t qulluq\u00e7ular\u0131 \u00fc\u00e7\u00fcn \u00fc\u00e7 istiqam\u0259t \u00fczr\u0259 ixtisasart\u0131rma kurslar\u0131 ke\u00e7irilmi\u015fdirYan 15 , 2015 &#8211; 11:44 Az\u0259rbaycan Respublikas\u0131n\u0131n Prezidenti yan\u0131nda D\u00f6vl\u0259t \u0130dar\u0259\u00e7ilik Akademiyas\u0131nda \u201cD\u00f6vl\u0259t qullu\u011funun t\u0259\u015fkilati \u0259saslar\u0131 v\u0259 d\u00f6vl\u0259tin kadr siyas\u0259ti\u201d, \u201cMiqrasiya prosesl\u0259rinin d\u00f6vl\u0259t t\u0259nziml\u0259nm\u0259si\u201d, \u201dElektron h\u00f6kum\u0259t\u201d istiqam\u0259tl\u0259ri \u00fczr\u0259 q\u0131sam\u00fcdd\u0259tli ixtisasart\u0131rma kurslar\u0131 ke\u00e7irilmi\u015fdir. Kurslara d\u00f6vl\u0259t orqanlar\u0131nda, o c\u00fcml\u0259d\u0259n \u015f\u0259h\u0259r v\u0259 rayon icra hakimiyy\u0259tl\u0259rind\u0259 \u00e7al\u0131\u015fan m\u00fcvafiq [&hellip;]<\/p>","protected":false},"author":2,"featured_media":12999,"comment_status":"closed","ping_status":"closed","sticky":false,"template":"","format":"standard","meta":[],"categories":[137],"tags":[],"_links":{"self":[{"href":"https:\/\/legacy.dia.edu.az\/en\/wp-json\/wp\/v2\/posts\/12998"}],"collection":[{"href":"https:\/\/legacy.dia.edu.az\/en\/wp-json\/wp\/v2\/posts"}],"about":[{"href":"https:\/\/legacy.dia.edu.az\/en\/wp-json\/wp\/v2\/types\/post"}],"author":[{"embeddable":true,"href":"https:\/\/legacy.dia.edu.az\/en\/wp-json\/wp\/v2\/users\/2"}],"replies":[{"embeddable":true,"href":"https:\/\/legacy.dia.edu.az\/en\/wp-json\/wp\/v2\/comments?post=12998"}],"version-history":[{"count":0,"href":"https:\/\/legacy.dia.edu.az\/en\/wp-json\/wp\/v2\/posts\/12998\/revisions"}],"wp:featuredmedia":[{"embeddable":true,"href":"https:\/\/legacy.dia.edu.az\/en\/wp-json\/wp\/v2\/media\/12999"}],"wp:attachment":[{"href":"https:\/\/legacy.dia.edu.az\/en\/wp-json\/wp\/v2\/media?parent=12998"}],"wp:term":[{"taxonomy":"category","embeddable":true,"href":"https:\/\/legacy.dia.edu.az\/en\/wp-json\/wp\/v2\/categories?post=12998"},{"taxonomy":"post_tag","embeddable":true,"href":"https:\/\/legacy.dia.edu.az\/en\/wp-json\/wp\/v2\/tags?post=12998"}],"curies":[{"name":"wp","href":"https:\/\/api.w.org\/{rel}","templated":true}]}}