{"id":12992,"date":"2015-01-26T12:07:00","date_gmt":"2015-01-26T09:07:00","guid":{"rendered":"https:\/\/dia.edu.az\/?p=12992"},"modified":"2021-03-17T12:09:14","modified_gmt":"2021-03-17T09:09:14","slug":"26-yanvar-2015-ci-il-tarixind%c9%99-az%c9%99rbaycan-respublikasinin-prezidenti-yaninda-dovl%c9%99t-idar%c9%99cilik-akademiyasinda-qafqaz-dovl%c9%99t-idar%c9%99ciliyi-arasdirma-v%c9%99-t%c9%99","status":"publish","type":"post","link":"https:\/\/legacy.dia.edu.az\/en\/arxivl\u0259r\/12992","title":{"rendered":"26 yanvar 2015-ci il tarixind\u0259 Az\u0259rbaycan Respublikas\u0131n\u0131n Prezidenti yan\u0131nda D\u00f6vl\u0259t \u0130dar\u0259\u00e7ilik Akademiyas\u0131nda \u201cQafqaz D\u00f6vl\u0259t \u0130dar\u0259\u00e7iliyi Ara\u015fd\u0131rma v\u0259 T\u0259dris M\u0259rk\u0259zi\u201dnin a\u00e7\u0131l\u0131\u015f m\u0259rasimi v\u0259 \u201cY\u00fcks\u0259k v\u0259zif\u0259li d\u00f6vl\u0259t qulluq\u00e7ular\u0131n\u0131n t\u0259limi\u201d proqram\u0131n\u0131n ilk m\u00fchazil\u0259ri ke\u00e7irilib"},"content":{"rendered":"<p><strong>26 yanvar 2015-ci il tarixind\u0259 Az\u0259rbaycan Respublikas\u0131n\u0131n Prezidenti yan\u0131nda D\u00f6vl\u0259t \u0130dar\u0259\u00e7ilik Akademiyas\u0131nda \u201cQafqaz D\u00f6vl\u0259t \u0130dar\u0259\u00e7iliyi Ara\u015fd\u0131rma v\u0259 T\u0259dris M\u0259rk\u0259zi\u201dnin a\u00e7\u0131l\u0131\u015f m\u0259rasimi v\u0259 \u201cY\u00fcks\u0259k v\u0259zif\u0259li d\u00f6vl\u0259t qulluq\u00e7ular\u0131n\u0131n t\u0259limi\u201d proqram\u0131n\u0131n ilk m\u00fchazil\u0259ri ke\u00e7irilib<\/strong><br><em>Yan 26 , 2015 &#8211; 02:25<\/em><\/p>\n\n\n\n<p>26 yanvar 2015-ci il tarixind\u0259 Az\u0259rbaycan Respublikas\u0131n\u0131n Prezidenti yan\u0131nda D\u00f6vl\u0259t \u0130dar\u0259\u00e7ilik Akademiyas\u0131nda&nbsp; \u201cQafqaz D\u00f6vl\u0259t \u0130dar\u0259\u00e7iliyi Ara\u015fd\u0131rma v\u0259 T\u0259dris M\u0259rk\u0259zi\u201dnin a\u00e7\u0131l\u0131\u015f m\u0259rasimi v\u0259 \u201cY\u00fcks\u0259k v\u0259zif\u0259li d\u00f6vl\u0259t qulluq\u00e7ular\u0131n\u0131n t\u0259limi\u201d proqram\u0131n\u0131n ilk m\u00fchazil\u0259ri&nbsp; ke\u00e7irilib.<\/p>\n\n\n\n<p>Az\u0259rbaycan Respublikas\u0131n\u0131n Prezidenti yan\u0131nda D\u00f6vl\u0259t \u0130dar\u0259\u00e7ilik Akademiyas\u0131 (D\u0130A) il\u0259 T\u00fcrkiy\u0259 v\u0259 Orta \u015e\u0259rq D\u00f6vl\u0259t \u0130dar\u0259etm\u0259 \u0130nstitutu (TODA\u0130E) aras\u0131nda imzalanm\u0131\u015f Anla\u015fma Protokolu \u0259sas\u0131nda ba\u015f tutan t\u0259dbirin a\u00e7\u0131l\u0131\u015f m\u0259rasimind\u0259 m\u00fcxt\u0259lif y\u00fcks\u0259k d\u00f6vl\u0259t qurumlar\u0131n\u0131n r\u0259b\u0259rl\u0259ri, Az\u0259rbaycan Respublikas\u0131n\u0131n Prezidenti yan\u0131nda D\u00f6vl\u0259t \u0130dar\u0259\u00e7ilik Akademiyas\u0131n\u0131n professor-m\u00fc\u0259llim hey\u0259ti, T\u00fcrkiy\u0259 Respublikas\u0131 \u018fm\u0259k v\u0259 Sosial T\u0259hl\u00fck\u0259sizlik Nazirliyinin r\u0259hb\u0259rliyi, T\u00fcrkiy\u0259 v\u0259 Orta \u015e\u0259rq D\u00f6vl\u0259t \u0130dar\u0259etm\u0259 \u0130nstitutu (TODA\u0130E)-nin r\u0259hb\u0259rliyi, T\u00fcrkiy\u0259 C\u00fcmhuriyy\u0259tinin Az\u0259rbaycan Respublikas\u0131ndak\u0131 S\u0259firi v\u0259 T\u00fcrkiy\u0259 \u018fm\u0259kda\u015fl\u0131q v\u0259 Koordinasiya Agentliyinin Bak\u0131 n\u00fcmay\u0259nd\u0259liyinin (T\u0130KA) r\u0259hb\u0259rliyi, Az\u0259rbaycan v\u0259 T\u00fcrkiy\u0259nin bir qrup v\u0259zif\u0259li d\u00f6vl\u0259t qulluq\u00e7ular\u0131 i\u015ftirak edibl\u0259r.<\/p>\n\n\n\n<p>H\u0259min g\u00fcn Az\u0259rbaycan Respublikas\u0131n\u0131n Prezidenti yan\u0131nda D\u00f6vl\u0259t \u0130dar\u0259\u00e7ilik Akademiyas\u0131 (D\u0130A) il\u0259 T\u00fcrkiy\u0259 v\u0259 Orta \u015e\u0259rq D\u00f6vl\u0259t \u0130dar\u0259etm\u0259 \u0130nstitutu (TODA\u0130E)-nin birg\u0259 t\u0259\u015fkil etdiyi \u201cY\u00fcks\u0259k v\u0259zif\u0259li d\u00f6vl\u0259t qulluq\u00e7ular\u0131n\u0131n t\u0259limi\u201d proqram\u0131n\u0131n ilk m\u00fchazil\u0259ri Az\u0259rbaycan Respublikas\u0131n\u0131n Prezidenti yan\u0131nda D\u00f6vl\u0259t \u0130dar\u0259\u00e7ilik Akademiyas\u0131n\u0131n rektoru, akademik Urxan \u018fl\u0259kb\u0259rov v\u0259 T\u00fcrkiy\u0259 v\u0259 Orta \u015e\u0259rq D\u00f6vl\u0259t \u0130dar\u0259etm\u0259 \u0130nstitutunun Ba\u015f Direktoru professor Onur Ender Aslan t\u0259r\u0259find\u0259n dinl\u0259nilib.<\/p>\n\n\n\n<p>26-30 yanvar 2015-ci il tarixl\u0259rini \u0259hat\u0259 ed\u0259n \u201cY\u00fcks\u0259k v\u0259zif\u0259li d\u00f6vl\u0259t qulluq\u00e7ular\u0131n\u0131n t\u0259limi\u201d proqram\u0131 \u00e7\u0259r\u00e7iv\u0259sind\u0259 T\u00fcrkiy\u0259 v\u0259 Orta \u015e\u0259rq D\u00f6vl\u0259t \u0130dar\u0259etm\u0259 \u0130nstitutu (TODA\u0130E)-nin m\u00fct\u0259x\u0259ssisl\u0259ri prof. Seriye Sezen \u201cD\u00f6vl\u0259t \u0130dar\u0259\u00e7iliyi \u0130slahatlar\u0131\u201d, dos. Sonay Bayramo\u011flu \u00d6zu\u011furlu \u201cD\u00f6vl\u0259t \u0130dar\u0259\u00e7iliyi N\u0259z\u0259riyy\u0259l\u0259ri\u201d, prof. Argun Akdo\u011fan \u201cD\u00f6vl\u0259td\u0259 Q\u0259rar Q\u0259bulu Prosesi\u201d, dos. Filiz Kartal \u201cSiyas\u0259t N\u0259z\u0259riyy\u0259l\u0259ri\u201d kimi m\u00fcxt\u0259lif m\u00f6vzularda d\u0259rsl\u0259r ke\u00e7iril\u0259c\u0259kdir.<\/p>\n\n\n\n<p>H\u0259r iki \u00f6lk\u0259nin birg\u0259 h\u0259yata ke\u00e7irdiyi layih\u0259l\u0259rin \u00f6n\u0259mi Az\u0259rbaycan-T\u00fcrkiy\u0259 \u0259laq\u0259l\u0259rinin regional \u0259m\u0259kda\u015fl\u0131\u011f\u0131n\u0131n g\u00fccl\u0259ndirilm\u0259sin\u0259 verdiyi t\u00f6hf\u0259 regionun iqtisadi g\u00fcc m\u0259rk\u0259zi olmaqla yana\u015f\u0131 eyni zamanda elm, bilik m\u0259rk\u0259zi kimi d\u0259 regionda \u00f6z s\u00f6z\u00fcn\u00fc dem\u0259y\u0259 \u0259sas verir. M\u0259hz bu amill\u0259rin \u0259sas\u0131nda Az\u0259rbaycan Respublikas\u0131n\u0131n Prezidenti yan\u0131nda D\u00f6vl\u0259t \u0130dar\u0259\u00e7ilik Akademiyas\u0131 (D\u0130A) il\u0259 T\u00fcrkiy\u0259 v\u0259 Orta \u015e\u0259rq D\u00f6vl\u0259t \u0130dar\u0259etm\u0259 \u0130nstitutu (TODA\u0130E) il\u0259 qar\u015f\u0131l\u0131ql\u0131 t\u0259cr\u00fcb\u0259 m\u00fcbadil\u0259si proqram\u0131 \u00e7\u0259r\u00e7iv\u0259sind\u0259 \u201cQafqaz D\u00f6vl\u0259t \u0130dar\u0259\u00e7iliyi Ara\u015fd\u0131rma v\u0259 T\u0259dris M\u0259rk\u0259zi\u201dnin f\u0259aliyy\u0259t istiqam\u0259tl\u0259ri kimi m\u00fc\u0259yy\u0259n edil\u0259n qar\u015f\u0131l\u0131ql\u0131 maraq\u00a0 k\u0259sb ed\u0259n m\u00f6vzularda birg\u0259 ara\u015fd\u0131rmalar aparmaq, t\u0259hsil v\u0259 ara\u015fd\u0131rma hey\u0259tl\u0259rinin m\u00fcbadil\u0259sini h\u0259yata ke\u00e7irm\u0259k, q\u0131sam\u00fcdd\u0259tli t\u0259dris proqramlar\u0131n\u0131 t\u0259\u015fkil etm\u0259k, m\u00fc\u015ft\u0259r\u0259k magistr t\u0259dris proqramlar\u0131 haz\u0131rlamaq, n\u0259z\u0259ri, t\u0259\u015fkilati v\u0259 elmi-praktiki konfranslar, seminarlar t\u0259\u015fkil etm\u0259k, birg\u0259 elmi i\u015fl\u0259r h\u0259yata ke\u00e7irm\u0259k, magistratura v\u0259 doktorantura d\u0259r\u0259c\u0259sind\u0259 t\u0259hsil alan t\u0259l\u0259b\u0259l\u0259rin m\u00fcbadil\u0259sini h\u0259yata ke\u00e7irm\u0259k v\u0259 s. kimi istiqam\u0259tl\u0259ri \u0259hat\u0259 ed\u0259c\u0259yi planla\u015fd\u0131r\u0131l\u0131b.<\/p>\n\n\n\n<p><\/p>\n\n\n\n<figure class=\"wp-container-2 wp-block-gallery-1 wp-block-gallery columns-3 is-cropped\"><ul class=\"blocks-gallery-grid\"><li class=\"blocks-gallery-item\"><figure><img width=\"640\" height=\"426\" src=\"https:\/\/dia.edu.az\/wp-content\/uploads\/2021\/03\/26.01.1.jpg\" alt=\"\" data-id=\"12993\" data-full-url=\"https:\/\/dia.edu.az\/wp-content\/uploads\/2021\/03\/26.01.1.jpg\" data-link=\"https:\/\/dia.edu.az\/?attachment_id=12993\" class=\"wp-image-12993\" srcset=\"https:\/\/legacy.dia.edu.az\/wp-content\/uploads\/2021\/03\/26.01.1.jpg 640w, https:\/\/legacy.dia.edu.az\/wp-content\/uploads\/2021\/03\/26.01.1-300x200.jpg 300w, https:\/\/legacy.dia.edu.az\/wp-content\/uploads\/2021\/03\/26.01.1-16x12.jpg 16w, https:\/\/legacy.dia.edu.az\/wp-content\/uploads\/2021\/03\/26.01.1-150x100.jpg 150w, https:\/\/legacy.dia.edu.az\/wp-content\/uploads\/2021\/03\/26.01.1-300x200@2x.jpg 600w\" sizes=\"(max-width: 640px) 100vw, 640px\" \/><\/figure><\/li><li class=\"blocks-gallery-item\"><figure><img width=\"640\" height=\"426\" src=\"https:\/\/dia.edu.az\/wp-content\/uploads\/2021\/03\/26.01.3.jpg\" alt=\"\" data-id=\"12994\" data-full-url=\"https:\/\/dia.edu.az\/wp-content\/uploads\/2021\/03\/26.01.3.jpg\" data-link=\"https:\/\/dia.edu.az\/?attachment_id=12994\" class=\"wp-image-12994\" srcset=\"https:\/\/legacy.dia.edu.az\/wp-content\/uploads\/2021\/03\/26.01.3.jpg 640w, https:\/\/legacy.dia.edu.az\/wp-content\/uploads\/2021\/03\/26.01.3-300x200.jpg 300w, https:\/\/legacy.dia.edu.az\/wp-content\/uploads\/2021\/03\/26.01.3-16x12.jpg 16w, https:\/\/legacy.dia.edu.az\/wp-content\/uploads\/2021\/03\/26.01.3-150x100.jpg 150w, https:\/\/legacy.dia.edu.az\/wp-content\/uploads\/2021\/03\/26.01.3-300x200@2x.jpg 600w\" sizes=\"(max-width: 640px) 100vw, 640px\" \/><\/figure><\/li><li class=\"blocks-gallery-item\"><figure><img width=\"640\" height=\"426\" src=\"https:\/\/dia.edu.az\/wp-content\/uploads\/2021\/03\/26.01-1.jpg\" alt=\"\" data-id=\"12995\" data-full-url=\"https:\/\/dia.edu.az\/wp-content\/uploads\/2021\/03\/26.01-1.jpg\" data-link=\"https:\/\/dia.edu.az\/?attachment_id=12995\" class=\"wp-image-12995\" srcset=\"https:\/\/legacy.dia.edu.az\/wp-content\/uploads\/2021\/03\/26.01-1.jpg 640w, https:\/\/legacy.dia.edu.az\/wp-content\/uploads\/2021\/03\/26.01-1-300x200.jpg 300w, https:\/\/legacy.dia.edu.az\/wp-content\/uploads\/2021\/03\/26.01-1-16x12.jpg 16w, https:\/\/legacy.dia.edu.az\/wp-content\/uploads\/2021\/03\/26.01-1-150x100.jpg 150w, https:\/\/legacy.dia.edu.az\/wp-content\/uploads\/2021\/03\/26.01-1-300x200@2x.jpg 600w\" sizes=\"(max-width: 640px) 100vw, 640px\" \/><\/figure><\/li><li class=\"blocks-gallery-item\"><figure><img width=\"640\" height=\"426\" src=\"https:\/\/dia.edu.az\/wp-content\/uploads\/2021\/03\/145623987.jpg\" alt=\"\" data-id=\"12996\" data-full-url=\"https:\/\/dia.edu.az\/wp-content\/uploads\/2021\/03\/145623987.jpg\" data-link=\"https:\/\/dia.edu.az\/?attachment_id=12996\" class=\"wp-image-12996\" srcset=\"https:\/\/legacy.dia.edu.az\/wp-content\/uploads\/2021\/03\/145623987.jpg 640w, https:\/\/legacy.dia.edu.az\/wp-content\/uploads\/2021\/03\/145623987-300x200.jpg 300w, https:\/\/legacy.dia.edu.az\/wp-content\/uploads\/2021\/03\/145623987-16x12.jpg 16w, https:\/\/legacy.dia.edu.az\/wp-content\/uploads\/2021\/03\/145623987-150x100.jpg 150w, https:\/\/legacy.dia.edu.az\/wp-content\/uploads\/2021\/03\/145623987-300x200@2x.jpg 600w\" sizes=\"(max-width: 640px) 100vw, 640px\" \/><\/figure><\/li><\/ul><\/figure>","protected":false},"excerpt":{"rendered":"<p>26 yanvar 2015-ci il tarixind\u0259 Az\u0259rbaycan Respublikas\u0131n\u0131n Prezidenti yan\u0131nda D\u00f6vl\u0259t \u0130dar\u0259\u00e7ilik Akademiyas\u0131nda \u201cQafqaz D\u00f6vl\u0259t \u0130dar\u0259\u00e7iliyi Ara\u015fd\u0131rma v\u0259 T\u0259dris M\u0259rk\u0259zi\u201dnin a\u00e7\u0131l\u0131\u015f m\u0259rasimi v\u0259 \u201cY\u00fcks\u0259k v\u0259zif\u0259li d\u00f6vl\u0259t qulluq\u00e7ular\u0131n\u0131n t\u0259limi\u201d proqram\u0131n\u0131n ilk m\u00fchazil\u0259ri ke\u00e7irilibYan 26 , 2015 &#8211; 02:25 26 yanvar 2015-ci il tarixind\u0259 Az\u0259rbaycan Respublikas\u0131n\u0131n Prezidenti yan\u0131nda D\u00f6vl\u0259t \u0130dar\u0259\u00e7ilik Akademiyas\u0131nda&nbsp; \u201cQafqaz D\u00f6vl\u0259t \u0130dar\u0259\u00e7iliyi Ara\u015fd\u0131rma v\u0259 T\u0259dris M\u0259rk\u0259zi\u201dnin [&hellip;]<\/p>","protected":false},"author":2,"featured_media":12994,"comment_status":"closed","ping_status":"closed","sticky":false,"template":"","format":"standard","meta":[],"categories":[137],"tags":[],"_links":{"self":[{"href":"https:\/\/legacy.dia.edu.az\/en\/wp-json\/wp\/v2\/posts\/12992"}],"collection":[{"href":"https:\/\/legacy.dia.edu.az\/en\/wp-json\/wp\/v2\/posts"}],"about":[{"href":"https:\/\/legacy.dia.edu.az\/en\/wp-json\/wp\/v2\/types\/post"}],"author":[{"embeddable":true,"href":"https:\/\/legacy.dia.edu.az\/en\/wp-json\/wp\/v2\/users\/2"}],"replies":[{"embeddable":true,"href":"https:\/\/legacy.dia.edu.az\/en\/wp-json\/wp\/v2\/comments?post=12992"}],"version-history":[{"count":0,"href":"https:\/\/legacy.dia.edu.az\/en\/wp-json\/wp\/v2\/posts\/12992\/revisions"}],"wp:featuredmedia":[{"embeddable":true,"href":"https:\/\/legacy.dia.edu.az\/en\/wp-json\/wp\/v2\/media\/12994"}],"wp:attachment":[{"href":"https:\/\/legacy.dia.edu.az\/en\/wp-json\/wp\/v2\/media?parent=12992"}],"wp:term":[{"taxonomy":"category","embeddable":true,"href":"https:\/\/legacy.dia.edu.az\/en\/wp-json\/wp\/v2\/categories?post=12992"},{"taxonomy":"post_tag","embeddable":true,"href":"https:\/\/legacy.dia.edu.az\/en\/wp-json\/wp\/v2\/tags?post=12992"}],"curies":[{"name":"wp","href":"https:\/\/api.w.org\/{rel}","templated":true}]}}