{"id":12976,"date":"2015-03-10T11:39:00","date_gmt":"2015-03-10T08:39:00","guid":{"rendered":"https:\/\/dia.edu.az\/?p=12976"},"modified":"2021-03-17T11:40:26","modified_gmt":"2021-03-17T08:40:26","slug":"dovl%c9%99t-idar%c9%99cilik-akademiyasinda-innovativ-idar%c9%99etm%c9%99-m%c9%99kt%c9%99bi-layih%c9%99sinin-novb%c9%99ti-gorusu-kecirilib-2","status":"publish","type":"post","link":"https:\/\/legacy.dia.edu.az\/en\/arxivl\u0259r\/12976","title":{"rendered":"D\u00f6vl\u0259t \u0130dar\u0259\u00e7ilik Akademiyas\u0131nda \u201c\u0130nnovativ idar\u0259etm\u0259 m\u0259kt\u0259bi\u201d layih\u0259sinin n\u00f6vb\u0259ti g\u00f6r\u00fc\u015f\u00fc ke\u00e7irilib"},"content":{"rendered":"<p><strong>D\u00f6vl\u0259t \u0130dar\u0259\u00e7ilik Akademiyas\u0131nda \u201c\u0130nnovativ idar\u0259etm\u0259 m\u0259kt\u0259bi\u201d layih\u0259sinin n\u00f6vb\u0259ti g\u00f6r\u00fc\u015f\u00fc ke\u00e7irilib<\/strong><br><em>Mart 10 , 2015 &#8211; 11:40<\/em><\/p>\n\n\n\n<p>D\u00f6vl\u0259t \u0130dar\u0259\u00e7ilik Akademiyas\u0131nda Az\u0259rbaycan Respublikas\u0131n\u0131n Prezidenti yan\u0131nda V\u0259t\u0259nda\u015flara Xidm\u0259t v\u0259 Sosial \u0130nnovasiyalar \u00fczr\u0259 D\u00f6vl\u0259t Agentliyi \u201cASAN School\u201d k\u00f6n\u00fcll\u00fcl\u00fck proqram\u0131 \u00e7\u0259r\u00e7iv\u0259sind\u0259 Az\u0259rbaycan Respublikas\u0131n\u0131n Prezidenti yan\u0131nda D\u00f6vl\u0259t \u0130dar\u0259\u00e7ilik Akademiyas\u0131 il\u0259 birg\u0259 h\u0259yata ke\u00e7irdiyi \u201c\u0130nnovativ idar\u0259etm\u0259 m\u0259kt\u0259bi\u201d layih\u0259sinin n\u00f6vb\u0259ti g\u00f6r\u00fc\u015f\u00fc&nbsp;ke\u00e7irilib.<\/p>\n\n\n\n<p>D\u00f6vl\u0259t \u0130dar\u0259\u00e7ilik Akademiyas\u0131nda ke\u00e7iril\u0259n g\u00f6r\u00fc\u015f\u00fcn bu d\u0259f\u0259ki qona\u011f\u0131 &nbsp;mill\u0259t v\u0259kili, g\u00f6rk\u0259mli \u0259d\u0259biyyat\u015f\u00fcnas, tan\u0131nm\u0131\u015f ictimai xadim, yaz\u0131\u00e7\u0131, publisist, t\u0259rc\u00fcm\u0259\u00e7i, Az\u0259rbaycan Yaz\u0131\u00e7\u0131lar Birliyinin \u00fczv\u00fc, Nizami G\u0259nc\u0259vi ad\u0131na Milli Az\u0259rbaycan \u018fd\u0259biyyat\u0131 Muzeyinin direktoru, Filologiya elml\u0259ri doktoru, AMEA-n\u0131n h\u0259qiqi \u00fczv\u00fc, professor Rafael H\u00fcseynov oldu.<\/p>\n\n\n\n<p>S\u00f6hb\u0259t zaman\u0131 R\u0259fael H\u00fcseynov k\u00f6n\u00fcll\u00fcl\u0259rimiz\u0259 \u00fcz tutaraq \u00f6z d\u0259y\u0259rli m\u0259sl\u0259h\u0259tl\u0259rini vermi\u015f, Az\u0259rbaycan Respublikas\u0131n\u0131n Prezidenti c\u0259nab \u0130lham \u018fliyevin ASAN k\u00f6n\u00fcll\u00fcl\u0259rinin I Forumunda etdiyi \u00e7\u0131x\u0131\u015f\u0131n ASAN k\u00f6n\u00fcll\u00fcl\u0259rin\u0259 olan diqq\u0259tin v\u0259 \u00fcmidl\u0259rin g\u00f6st\u0259ricisi oldu\u011funu qeyd etmi\u015fdir.<\/p>\n\n\n\n<p>Qonaq m\u00fcxt\u0259lif \u00f6lk\u0259l\u0259rd\u0259 qazand\u0131\u011f\u0131 h\u0259yat v\u0259 i\u015f t\u0259cr\u00fcb\u0259l\u0259rini b\u00f6l\u00fc\u015fm\u00fc\u015f, inki\u015faf etmi\u015f h\u0259m\u00e7inin inki\u015faf etm\u0259kd\u0259 olan \u00f6lk\u0259l\u0259rl\u0259 Az\u0259rbaycan\u0131 m\u00fcqayis\u0259 ed\u0259r\u0259k q\u0131sa m\u00fcdd\u0259t \u0259rzind\u0259 \u00f6lk\u0259mizin do\u011fru idar\u0259etm\u0259 sistemi n\u0259tic\u0259sind\u0259 qazan\u0131lan u\u011furlardan dan\u0131\u015fm\u0131\u015fd\u0131r. O, g\u0259ncl\u0259r\u0259 d\u0259y\u0259rli m\u0259sl\u0259h\u0259tl\u0259rini vermi\u015f, g\u0259ncl\u0259r\u0259 u\u011furlu karyera qurmaq \u00fc\u00e7\u00fcn \u0259n \u00f6n\u0259mli t\u0259l\u0259bl\u0259rd\u0259n biri kreativ d\u00fc\u015f\u00fcnm\u0259k, bilik v\u0259 bacar\u0131\u011fa yiy\u0259l\u0259nm\u0259k oldu\u011funu qeyd etmi\u015fdir.<\/p>\n\n\n\n<p>Bu m\u00f6vzuda \u0259sasland\u0131r\u0131lm\u0131\u015f fikirl\u0259rini b\u00f6l\u00fc\u015f\u0259n qona\u011f\u0131n d\u00fc\u015f\u00fcnc\u0259l\u0259ri geni\u015f auditoriya t\u0259r\u0259find\u0259n maraqla dinl\u0259nilmi\u015fdir. G\u0259ncl\u0259rin t\u0259\u015fkilat\u00e7\u0131l\u0131\u011f\u0131n\u0131n v\u0259 aktivliyinin y\u00fcks\u0259lidilm\u0259si istiqam\u0259tind\u0259 ASAN xidm\u0259t m\u0259rk\u0259zl\u0259rind\u0259 h\u0259yata ke\u00e7iril\u0259n k\u00f6n\u00fcll\u00fck fa\u0259liyy\u0259tinin g\u0259ncl\u0259rin g\u0259l\u0259c\u0259k karyeras\u0131ndak\u0131 m\u00fcsb\u0259t t\u0259siri \u00fczr\u0259 k\u00f6n\u00fcll\u00fcl\u0259rin fikirl\u0259ri il\u0259 raz\u0131la\u015fan qonaq ASAN k\u00f6n\u00fcll\u00fcl\u00fcl\u0259rinin t\u0259\u015f\u0259b\u00fcss\u00fcn\u00fc h\u0259r zaman y\u00fcks\u0259k d\u0259y\u0259rl\u0259ndiridiyini ifad\u0259 etmi\u015f v\u0259 bu n\u0259cib f\u0259aliyy\u0259tin \u00f6lk\u0259 ba\u015f\u00e7\u0131s\u0131n\u0131n g\u0259ncl\u0259r\u0259 g\u00f6st\u0259rdiyi diqq\u0259tin t\u0259zah\u00fcr\u00fc kimi d\u0259y\u0259rl\u0259ndirmi\u015fdir. G\u00f6r\u00fc\u015fd\u0259 Az\u0259rbaycan Respublikas\u0131n\u0131n Prezidenti yan\u0131nda V\u0259t\u0259nda\u015flara Xidm\u0259t v\u0259 Sosial \u0130nnovasiyalar \u00fczr\u0259 D\u00f6vl\u0259t Agentliyinin s\u0259dri \u0130nam K\u0259rimov i\u015ftirak etmi\u015fdir. G\u00f6r\u00fc\u015f qar\u015f\u0131l\u0131ql\u0131 fikir m\u00fcbadil\u0259si v\u0259 g\u0259ncl\u0259ri maraqland\u0131ran suallar\u0131n verilm\u0259si il\u0259 davam etmi\u015fdir.<\/p>\n\n\n\n<p><\/p>\n\n\n\n<figure class=\"wp-container-2 wp-block-gallery-1 wp-block-gallery columns-2 is-cropped\"><ul class=\"blocks-gallery-grid\"><li class=\"blocks-gallery-item\"><figure><img width=\"640\" height=\"427\" src=\"https:\/\/dia.edu.az\/wp-content\/uploads\/2021\/03\/2-67.jpg\" alt=\"\" data-id=\"12977\" data-full-url=\"https:\/\/dia.edu.az\/wp-content\/uploads\/2021\/03\/2-67.jpg\" data-link=\"https:\/\/dia.edu.az\/?attachment_id=12977\" class=\"wp-image-12977\" srcset=\"https:\/\/legacy.dia.edu.az\/wp-content\/uploads\/2021\/03\/2-67.jpg 640w, https:\/\/legacy.dia.edu.az\/wp-content\/uploads\/2021\/03\/2-67-300x200.jpg 300w, https:\/\/legacy.dia.edu.az\/wp-content\/uploads\/2021\/03\/2-67-16x12.jpg 16w, https:\/\/legacy.dia.edu.az\/wp-content\/uploads\/2021\/03\/2-67-150x100.jpg 150w, https:\/\/legacy.dia.edu.az\/wp-content\/uploads\/2021\/03\/2-67-300x200@2x.jpg 600w\" sizes=\"(max-width: 640px) 100vw, 640px\" \/><\/figure><\/li><li class=\"blocks-gallery-item\"><figure><img width=\"640\" height=\"427\" src=\"https:\/\/dia.edu.az\/wp-content\/uploads\/2021\/03\/3-65.jpg\" alt=\"\" data-id=\"12978\" data-full-url=\"https:\/\/dia.edu.az\/wp-content\/uploads\/2021\/03\/3-65.jpg\" data-link=\"https:\/\/dia.edu.az\/?attachment_id=12978\" class=\"wp-image-12978\" srcset=\"https:\/\/legacy.dia.edu.az\/wp-content\/uploads\/2021\/03\/3-65.jpg 640w, https:\/\/legacy.dia.edu.az\/wp-content\/uploads\/2021\/03\/3-65-300x200.jpg 300w, https:\/\/legacy.dia.edu.az\/wp-content\/uploads\/2021\/03\/3-65-16x12.jpg 16w, https:\/\/legacy.dia.edu.az\/wp-content\/uploads\/2021\/03\/3-65-150x100.jpg 150w, https:\/\/legacy.dia.edu.az\/wp-content\/uploads\/2021\/03\/3-65-300x200@2x.jpg 600w\" sizes=\"(max-width: 640px) 100vw, 640px\" \/><\/figure><\/li><\/ul><\/figure>","protected":false},"excerpt":{"rendered":"<p>D\u00f6vl\u0259t \u0130dar\u0259\u00e7ilik Akademiyas\u0131nda \u201c\u0130nnovativ idar\u0259etm\u0259 m\u0259kt\u0259bi\u201d layih\u0259sinin n\u00f6vb\u0259ti g\u00f6r\u00fc\u015f\u00fc ke\u00e7irilibMart 10 , 2015 &#8211; 11:40 D\u00f6vl\u0259t \u0130dar\u0259\u00e7ilik Akademiyas\u0131nda Az\u0259rbaycan Respublikas\u0131n\u0131n Prezidenti yan\u0131nda V\u0259t\u0259nda\u015flara Xidm\u0259t v\u0259 Sosial \u0130nnovasiyalar \u00fczr\u0259 D\u00f6vl\u0259t Agentliyi \u201cASAN School\u201d k\u00f6n\u00fcll\u00fcl\u00fck proqram\u0131 \u00e7\u0259r\u00e7iv\u0259sind\u0259 Az\u0259rbaycan Respublikas\u0131n\u0131n Prezidenti yan\u0131nda D\u00f6vl\u0259t \u0130dar\u0259\u00e7ilik Akademiyas\u0131 il\u0259 birg\u0259 h\u0259yata ke\u00e7irdiyi \u201c\u0130nnovativ idar\u0259etm\u0259 m\u0259kt\u0259bi\u201d layih\u0259sinin n\u00f6vb\u0259ti g\u00f6r\u00fc\u015f\u00fc&nbsp;ke\u00e7irilib. D\u00f6vl\u0259t \u0130dar\u0259\u00e7ilik Akademiyas\u0131nda [&hellip;]<\/p>","protected":false},"author":2,"featured_media":12977,"comment_status":"closed","ping_status":"closed","sticky":false,"template":"","format":"standard","meta":[],"categories":[137],"tags":[],"_links":{"self":[{"href":"https:\/\/legacy.dia.edu.az\/en\/wp-json\/wp\/v2\/posts\/12976"}],"collection":[{"href":"https:\/\/legacy.dia.edu.az\/en\/wp-json\/wp\/v2\/posts"}],"about":[{"href":"https:\/\/legacy.dia.edu.az\/en\/wp-json\/wp\/v2\/types\/post"}],"author":[{"embeddable":true,"href":"https:\/\/legacy.dia.edu.az\/en\/wp-json\/wp\/v2\/users\/2"}],"replies":[{"embeddable":true,"href":"https:\/\/legacy.dia.edu.az\/en\/wp-json\/wp\/v2\/comments?post=12976"}],"version-history":[{"count":0,"href":"https:\/\/legacy.dia.edu.az\/en\/wp-json\/wp\/v2\/posts\/12976\/revisions"}],"wp:featuredmedia":[{"embeddable":true,"href":"https:\/\/legacy.dia.edu.az\/en\/wp-json\/wp\/v2\/media\/12977"}],"wp:attachment":[{"href":"https:\/\/legacy.dia.edu.az\/en\/wp-json\/wp\/v2\/media?parent=12976"}],"wp:term":[{"taxonomy":"category","embeddable":true,"href":"https:\/\/legacy.dia.edu.az\/en\/wp-json\/wp\/v2\/categories?post=12976"},{"taxonomy":"post_tag","embeddable":true,"href":"https:\/\/legacy.dia.edu.az\/en\/wp-json\/wp\/v2\/tags?post=12976"}],"curies":[{"name":"wp","href":"https:\/\/api.w.org\/{rel}","templated":true}]}}