{"id":12973,"date":"2015-03-17T11:38:00","date_gmt":"2015-03-17T08:38:00","guid":{"rendered":"https:\/\/dia.edu.az\/?p=12973"},"modified":"2021-03-17T11:39:14","modified_gmt":"2021-03-17T08:39:14","slug":"dovl%c9%99t-idar%c9%99cilik-akademiyasinda-b%c9%99l%c9%99diyy%c9%99-idar%c9%99ciliyinin-aktual-probleml%c9%99ri-movzusunda-ixtisasartirma-kurslari-kecirilib","status":"publish","type":"post","link":"https:\/\/legacy.dia.edu.az\/en\/arxivl\u0259r\/12973","title":{"rendered":"D\u00f6vl\u0259t \u0130dar\u0259\u00e7ilik Akademiyas\u0131nda \u201cB\u0259l\u0259diyy\u0259 idar\u0259\u00e7iliyinin aktual probleml\u0259ri\u201d m\u00f6vzusunda ixtisasart\u0131rma kurslar\u0131 ke\u00e7irilib."},"content":{"rendered":"<p><strong>D\u00f6vl\u0259t \u0130dar\u0259\u00e7ilik Akademiyas\u0131nda \u201cB\u0259l\u0259diyy\u0259 idar\u0259\u00e7iliyinin aktual probleml\u0259ri\u201d m\u00f6vzusunda ixtisasart\u0131rma kurslar\u0131 ke\u00e7irilib.<\/strong><br><em>Mart 17 , 2015 &#8211; 12:09<\/em><\/p>\n\n\n\n<p>Respublikam\u0131zda yerli \u00f6z\u00fcn\u00fcidar\u0259etm\u0259nin inki\u015faf\u0131 istiqam\u0259tind\u0259 d\u00f6vl\u0259t t\u0259r\u0259find\u0259n h\u0259yata ke\u00e7iril\u0259n siyas\u0259t v\u0259 ard\u0131c\u0131l t\u0259dbirl\u0259r\u0259 m\u00fcvafiq olaraqAz\u0259rbaycan Respublikas\u0131n\u0131n Prezidenti yan\u0131nda D\u00f6vl\u0259t \u0130dar\u0259\u00e7ilik Akademiyas\u0131 R\u0259hb\u0259r D\u00f6vl\u0259t \u0130dar\u0259\u00e7iliyi Kadrlar\u0131n\u0131n \u0130xtisas\u0131n\u0131n Art\u0131r\u0131lmas\u0131 \u0130nstitutu R\u0259hb\u0259r kadrlar\u0131n fasil\u0259siz t\u0259hsili m\u0259rk\u0259zi&nbsp;\u201cQafqaz D\u00f6vl\u0259t \u0130dar\u0259\u00e7iliyi Ara\u015fd\u0131rma v\u0259 T\u0259dris M\u0259rk\u0259zi\u201dnd\u0259&nbsp;\u00abB\u0259l\u0259diyy\u0259 idar\u0259\u00e7iliyinin aktual probleml\u0259ri\u00bb istiqam\u0259tinin ixtisasart\u0131rma n\u00f6v\u00fc \u00fczr\u0259 \u0259lav\u0259 t\u0259hsil&nbsp;kurslar\u0131&nbsp;ke\u00e7irilir.<\/p>\n\n\n\n<p>Az\u0259rbaycan Respublikas\u0131n\u0131n Prezidenti yan\u0131nda D\u00f6vl\u0259t \u0130dar\u0259\u00e7ilik Akademiyas\u0131n\u0131n rektoru, akademik Urxan \u018fl\u0259kb\u0259rov v\u0259 T\u00fcrkiy\u0259 v\u0259 Orta \u015e\u0259rq D\u00f6vl\u0259t \u0130dar\u0259etm\u0259 \u0130nstitutu (TODA\u0130E) rektoru professor Onur Ender Aslan kurslar\u0131n a\u00e7\u0131l\u0131\u015f\u0131nda ilk m\u00fchazir\u0259l\u0259rl\u0259 \u00e7\u0131x\u0131\u015f ed\u0259r\u0259k yerli \u00f6z\u00fcn\u00fcidar\u0259etm\u0259nin inki\u015faf\u0131 istiqam\u0259tind\u0259 d\u00f6vl\u0259t t\u0259r\u0259find\u0259n h\u0259yata ke\u00e7iril\u0259n siyas\u0259t v\u0259 ard\u0131c\u0131l t\u0259dbirl\u0259rin \u0259h\u0259miyy\u0259tind\u0259n dan\u0131\u015fm\u0131\u015f, qeyd etmi\u015fl\u0259r ki, apar\u0131lan islahatlar\u0131n \u0259sas m\u0259qs\u0259dinin \u00e7evik idar\u0259\u00e7ilik sisteminin formala\u015fd\u0131r\u0131lmas\u0131, insan v\u0259 v\u0259t\u0259nda\u015f h\u00fcquq v\u0259 azadl\u0131qlar\u0131n\u0131n y\u00fcks\u0259k d\u00f6vl\u0259t t\u0259minat\u0131na nail olunmas\u0131 v\u0259 b\u00fct\u00f6vl\u00fckd\u0259 beyn\u0259lxalq al\u0259m\u0259 inteqrasiya prosesinin s\u00fcr\u0259tl\u0259ndirilm\u0259sind\u0259n ibar\u0259t oldu\u011funu bildirmi\u015fdir. Bu istiqam\u0259td\u0259 at\u0131lan m\u00fch\u00fcm add\u0131mlardan biri d\u0259&nbsp;T\u00fcrkiy\u0259 v\u0259 Orta \u015e\u0259rq D\u00f6vl\u0259t \u0130dar\u0259\u00e7ilik \u0130nstitutu (TODA\u0130E) il\u0259 \u0259m\u0259kda\u015fl\u0131q \u00e7\u0259r\u00e7iv\u0259sind\u0259 qar\u015f\u0131l\u0131ql\u0131 t\u0259cr\u00fcb\u0259 m\u00fcbadil\u0259si aparmaq, elmi ara\u015fd\u0131rmalar\u0131 t\u0259cr\u00fcb\u0259y\u0259 g\u0259tirm\u0259kd\u0259n ibar\u0259tdir. Yerli \u00f6z\u00fcn\u00fcidar\u0259etm\u0259nin inki\u015faf\u0131 sah\u0259sind\u0259 g\u00f6r\u00fcl\u0259n i\u015fl\u0259rin effektivliyinin davaml\u0131l\u0131\u011f\u0131 m\u0259hz t\u0259\u015fkil olunan kurslar\u0131n m\u0259qs\u0259dini ifad\u0259 ed\u0259r\u0259k, milli srtategiyan\u0131n t\u0259rkib hiss\u0259si olan idar\u0259\u00e7ilik \u00fczr\u0259 h\u0259yata ke\u00e7iril\u0259n islahatlar\u0131 t\u0259hlil etm\u0259k, yerli \u00f6z\u00fcn\u00fcidar\u0259etm\u0259d\u0259 \u0259ld\u0259 olunan u\u011furlar\u0131 v\u0259 g\u00f6zl\u0259ntil\u0259ri n\u0259z\u0259rd\u0259n ke\u00e7irm\u0259k, h\u0259m\u00e7inin inki\u015faf etmi\u015f \u00f6lk\u0259l\u0259rin s\u0259m\u0259r\u0259li t\u0259cr\u00fcb\u0259sinin t\u0259tbiqi imkanlar\u0131n\u0131 v\u0259 qar\u015f\u0131l\u0131ql\u0131 t\u0259cr\u00fcb\u0259 m\u00fcbadil\u0259sinin h\u0259yata ke\u00e7irilm\u0259sini ara\u015fd\u0131rmaqd\u0131r. Qeyd edilmi\u015fdir ki, yerli \u00f6z\u00fcn\u00fcidar\u0259etm\u0259 h\u0259r bir demokratik qurulu\u015fun \u0259sas institutlar\u0131ndan birin\u0259 \u00e7evirmi\u015fdir v\u0259&nbsp;yerli \u00f6z\u00fcn\u00fcidar\u0259etm\u0259nin&nbsp;inki\u015faf\u0131 istiqam\u0259tind\u0259 d\u00f6vl\u0259t t\u0259r\u0259find\u0259n h\u0259yata ke\u00e7iril\u0259n ard\u0131c\u0131l t\u0259dbirl\u0259rin \u0259sas\u0131nda, v\u0259t\u0259nda\u015flara xidm\u0259tin yerli \u00f6z\u00fcn\u00fcidar\u0259etm\u0259 qurumlar\u0131 vasit\u0259si il\u0259 daha effektiv \u015f\u0259kild\u0259 verilm\u0259sinin t\u0259mini, informasiya kommunikasiya texnologiyalar\u0131n\u0131n t\u0259tbiqi vasit\u0259si il\u0259 yerli \u00f6z\u00fcn\u00fcidar\u0259etm\u0259 qurumlar\u0131 resurslar\u0131 il\u0259 sosial xidm\u0259tl\u0259rin g\u00f6st\u0259rilm\u0259si strategiyas\u0131n\u0131n realla\u015fd\u0131r\u0131lmas\u0131 mexanizml\u0259ri, yerli \u00f6z\u00fcn\u00fcidar\u0259etm\u0259nin dekokratik inki\u015fafa t\u0259siri imkanlar\u0131 durur v\u0259 kurslarda bu v\u0259 dig\u0259r sah\u0259l\u0259ri \u0259hat\u0259 ed\u0259n aktual m\u00f6vzular \u0259traf\u0131nda m\u00fczakir\u0259l\u0259rin apar\u0131lmas\u0131 n\u0259z\u0259rd\u0259 tutulur.&nbsp;\u201cQafqaz D\u00f6vl\u0259t \u0130dar\u0259\u00e7iliyi Ara\u015fd\u0131rma v\u0259 T\u0259dris M\u0259rk\u0259zi\u201dnd\u0259&nbsp;\u00abB\u0259l\u0259diyy\u0259 idar\u0259\u00e7iliyinin aktual probleml\u0259ri\u00bb istiqam\u0259tinin ixtisasart\u0131rma n\u00f6v\u00fc \u00fczr\u0259 \u0259lav\u0259 t\u0259hsil kursunun proqram\u0131nda&nbsp;Az\u0259rbaycan Respublikas\u0131 Prezidentinin Administrasiyas\u0131 Regional \u0130dar\u0259etm\u0259 v\u0259 Yerli \u00d6z\u00fcn\u00fcidar\u0259etm\u0259 Orqanlar\u0131 il\u0259 i\u015f \u015f\u00f6b\u0259si, sektor m\u00fcdiri Kamran Bayramov,&nbsp;Az\u0259rbaycan Respublikas\u0131 \u018fdliyy\u0259 nazirliyi B\u0259l\u0259diyy\u0259l\u0259rl\u0259 \u0130\u015f M\u0259rk\u0259zinin r\u0259isi Mehdi S\u0259limzad\u0259,&nbsp;Az\u0259rbaycan Respublikas\u0131 \u018fdliyy\u0259 nazirliyi B\u0259l\u0259diyy\u0259l\u0259rl\u0259 \u0130\u015f M\u0259rk\u0259zi, m\u0259sl\u0259h\u0259t\u00e7i Bahadur K\u0259rimov,D\u00f6vl\u0259t \u0130dar\u0259\u00e7ilik Akademiyas\u0131 Elmi T\u0259\u015fkilat \u015f\u00f6b\u0259sinin m\u00fcdiri, dosent R\u0259c\u0259b R\u0259himli, T\u00fcrkiy\u0259d\u0259n d\u0259v\u0259t olunana m\u00fct\u0259x\u0259sisl\u0259rd\u0259n Ankara Universitetinin professoru Tayfun \u00c7inar, TODA\u0130E-d\u0259n dosent Asl\u0131 Akay, Ke\u00e7i\u00f6ren Belediye Ba\u015fkan\u0131 Mustafa Ak, Gazi Universitetind\u0259n professor Hikmet Kavruk, Y\u0131ld\u0131r\u0131m Beyazit Universitetind\u0259n professor Ahmet Kesik v\u0259 dig\u0259r m\u00fct\u0259x\u0259sisl\u0259rin i\u015ftirak\u0131 n\u0259z\u0259rd\u0259 tutulub.<\/p>","protected":false},"excerpt":{"rendered":"<p>D\u00f6vl\u0259t \u0130dar\u0259\u00e7ilik Akademiyas\u0131nda \u201cB\u0259l\u0259diyy\u0259 idar\u0259\u00e7iliyinin aktual probleml\u0259ri\u201d m\u00f6vzusunda ixtisasart\u0131rma kurslar\u0131 ke\u00e7irilib.Mart 17 , 2015 &#8211; 12:09 Respublikam\u0131zda yerli \u00f6z\u00fcn\u00fcidar\u0259etm\u0259nin inki\u015faf\u0131 istiqam\u0259tind\u0259 d\u00f6vl\u0259t t\u0259r\u0259find\u0259n h\u0259yata ke\u00e7iril\u0259n siyas\u0259t v\u0259 ard\u0131c\u0131l t\u0259dbirl\u0259r\u0259 m\u00fcvafiq olaraqAz\u0259rbaycan Respublikas\u0131n\u0131n Prezidenti yan\u0131nda D\u00f6vl\u0259t \u0130dar\u0259\u00e7ilik Akademiyas\u0131 R\u0259hb\u0259r D\u00f6vl\u0259t \u0130dar\u0259\u00e7iliyi Kadrlar\u0131n\u0131n \u0130xtisas\u0131n\u0131n Art\u0131r\u0131lmas\u0131 \u0130nstitutu R\u0259hb\u0259r kadrlar\u0131n fasil\u0259siz t\u0259hsili m\u0259rk\u0259zi&nbsp;\u201cQafqaz D\u00f6vl\u0259t \u0130dar\u0259\u00e7iliyi Ara\u015fd\u0131rma v\u0259 T\u0259dris M\u0259rk\u0259zi\u201dnd\u0259&nbsp;\u00abB\u0259l\u0259diyy\u0259 [&hellip;]<\/p>","protected":false},"author":2,"featured_media":12974,"comment_status":"closed","ping_status":"closed","sticky":false,"template":"","format":"standard","meta":[],"categories":[137],"tags":[],"_links":{"self":[{"href":"https:\/\/legacy.dia.edu.az\/en\/wp-json\/wp\/v2\/posts\/12973"}],"collection":[{"href":"https:\/\/legacy.dia.edu.az\/en\/wp-json\/wp\/v2\/posts"}],"about":[{"href":"https:\/\/legacy.dia.edu.az\/en\/wp-json\/wp\/v2\/types\/post"}],"author":[{"embeddable":true,"href":"https:\/\/legacy.dia.edu.az\/en\/wp-json\/wp\/v2\/users\/2"}],"replies":[{"embeddable":true,"href":"https:\/\/legacy.dia.edu.az\/en\/wp-json\/wp\/v2\/comments?post=12973"}],"version-history":[{"count":0,"href":"https:\/\/legacy.dia.edu.az\/en\/wp-json\/wp\/v2\/posts\/12973\/revisions"}],"wp:featuredmedia":[{"embeddable":true,"href":"https:\/\/legacy.dia.edu.az\/en\/wp-json\/wp\/v2\/media\/12974"}],"wp:attachment":[{"href":"https:\/\/legacy.dia.edu.az\/en\/wp-json\/wp\/v2\/media?parent=12973"}],"wp:term":[{"taxonomy":"category","embeddable":true,"href":"https:\/\/legacy.dia.edu.az\/en\/wp-json\/wp\/v2\/categories?post=12973"},{"taxonomy":"post_tag","embeddable":true,"href":"https:\/\/legacy.dia.edu.az\/en\/wp-json\/wp\/v2\/tags?post=12973"}],"curies":[{"name":"wp","href":"https:\/\/api.w.org\/{rel}","templated":true}]}}