{"id":12960,"date":"2015-04-15T11:32:00","date_gmt":"2015-04-15T08:32:00","guid":{"rendered":"https:\/\/dia.edu.az\/?p=12960"},"modified":"2021-03-17T11:34:58","modified_gmt":"2021-03-17T08:34:58","slug":"dovl%c9%99t-idar%c9%99cilik-akademiyasinda-post-2015-qlobal-cagirislar-s%c9%99raitind%c9%99-az%c9%99rbaycanin-davamli-inkisafinin-idar%c9%99edilm%c9%99si-movzusunda-respublika-elmi","status":"publish","type":"post","link":"https:\/\/legacy.dia.edu.az\/en\/arxivl\u0259r\/12960","title":{"rendered":"D\u00f6vl\u0259t \u0130dar\u0259\u00e7ilik Akademiyas\u0131nda \u201cPOST 2015: qlobal \u00e7a\u011f\u0131r\u0131\u015flar \u015f\u0259raitind\u0259 Az\u0259rbaycan\u0131n davaml\u0131 inki\u015faf\u0131n\u0131n idar\u0259edilm\u0259si\u201d m\u00f6vzusunda respublika elmi-praktik konfrans\u0131 ke\u00e7irilir"},"content":{"rendered":"<p><strong>D\u00f6vl\u0259t \u0130dar\u0259\u00e7ilik Akademiyas\u0131nda \u201cPOST 2015: qlobal \u00e7a\u011f\u0131r\u0131\u015flar \u015f\u0259raitind\u0259 Az\u0259rbaycan\u0131n davaml\u0131 inki\u015faf\u0131n\u0131n idar\u0259edilm\u0259si\u201d m\u00f6vzusunda respublika elmi-praktik konfrans\u0131 ke\u00e7irilir<\/strong><br><em>Apr 15 , 2015 &#8211; 04:19<\/em><\/p>\n\n\n\n<p>Aprelin 15-d\u0259 Az\u0259rbaycan Respublikas\u0131n\u0131n Prezidenti yan\u0131nda D\u00f6vl\u0259t \u0130dar\u0259\u00e7ilik Akademiyas\u0131nda \u201cPOST 2015: qlobal \u00e7a\u011f\u0131r\u0131\u015flar \u015f\u0259raitind\u0259 Az\u0259rbaycan\u0131n davaml\u0131&nbsp;inki\u015faf\u0131n\u0131n idar\u0259edilm\u0259si\u201d respublika elmi-praktik konfrans\u0131 i\u015f\u0259 ba\u015flay\u0131b.<br>Konfrans D\u00f6vl\u0259t \u0130dar\u0259\u00e7ilik Akademiyas\u0131 v\u0259 D\u00f6vl\u0259t G\u00f6mr\u00fck Komit\u0259sinin Akademiyas\u0131 il\u0259 birg\u0259 \u0259m\u0259kda\u015fl\u0131q \u0259sas\u0131nda t\u0259\u015fkil edilib.<br>Respublika elmi-praktik konfrans\u0131nda a\u00e7\u0131l\u015f nitql\u0259ri il\u0259 \u00e7\u0131x\u0131\u015f ed\u0259n Az\u0259rbaycan Respublikas\u0131n\u0131n Prezidenti yan\u0131nda D\u00f6vl\u0259t \u0130dar\u0259\u00e7ilik Akademiyas\u0131n\u0131n rektoru, akademik&nbsp;Urxan \u018fl\u0259kb\u0259rov&nbsp;v\u0259&nbsp;&nbsp;D\u00f6vl\u0259t G\u00f6mr\u00fck Komit\u0259sinin s\u0259dr m\u00fcavini General-leytenant \u015eahin Ba\u011f\u0131rov&nbsp;t\u0259dbirin \u0259h\u0259miyy\u0259tind\u0259n s\u00f6z a\u00e7\u0131blar. Bildiribl\u0259r ki, t\u0259dbirin ke\u00e7irilm\u0259sind\u0259 m\u0259qs\u0259d Az\u0259rbaycan\u0131n iqtisadi inki\u015faf\u0131nda \u0259ld\u0259 etdiyi u\u011furlar\u0131n a\u00e7\u0131qlanmas\u0131, qlobal miqyasl\u0131 \u00e7a\u011f\u0131r\u0131\u015flardan meydana g\u0259l\u0259n probleml\u0259r, onlar\u0131n h\u0259lli yollar\u0131 v\u0259 \u00f6lk\u0259nin davaml\u0131 inki\u015faf\u0131n\u0131n idar\u0259 edilm\u0259sinin elmi \u0259sasland\u0131r\u0131lmas\u0131d\u0131r. Qeyd edilib ki, m\u00fcasir d\u00fcnyada ba\u015f ver\u0259n presesl\u0259rin gedi\u015fi bir \u00e7ox \u00f6lk\u0259l\u0259rd\u0259 uzunm\u00fcdd\u0259tli inki\u015faf strategiyas\u0131n\u0131n t\u0259rtib edilm\u0259sini g\u00fcnd\u0259liy\u0259 g\u0259tirmi\u015fdir. Yaranan qlobal \u00e7a\u011f\u0131r\u0131\u015flar\u0131n gedi\u015fini n\u0259z\u0259r\u0259 alaraq, BMT-nin Minilliyin Dekalyrasiyas\u0131na \u0259saslanan, 2015-ci ild\u0259n sonrak\u0131 d\u00f6vrd\u0259 \u0130nki\u015faf Proqram\u0131 milli, regional v\u0259 qlobal miqyasl\u0131 tematik m\u00fczakir\u0259l\u0259rd\u0259n ke\u00e7irilmi\u015fdir. Qlobal miqyasl\u0131 prosesl\u0259rin gedi\u015fi t\u0259bii ki h\u0259r bir \u00f6lk\u0259nin inki\u015faf\u0131na bilavasit\u0259 \u00f6z t\u0259sirini g\u00f6st\u0259rir. Bunu n\u0259z\u0259r\u0259 alaraq \u00f6lk\u0259mizd\u0259 \u201cAz\u0259rbycan 2020: g\u0259l\u0259c\u0259y\u0259 bax\u0131\u015f\u201d \u0130nki\u015faf Konsepsiyas\u0131 haz\u0131rlanm\u0131\u015f v\u0259 burada n\u0259z\u0259r\u0259 al\u0131nm\u0131\u015f inki\u015faf istiqam\u0259tl\u0259rin\u0259 uy\u011fun t\u0259dbirl\u0259r plan\u0131 u\u011furla h\u0259yata ke\u00e7irilm\u0259kd\u0259dir.<\/p>\n\n\n\n<p>Konfransda m\u0259ruz\u0259 il\u0259 \u00e7\u0131x\u0131\u015f ed\u0259n\u00a0D\u00f6vl\u0259t \u0130dar\u0259\u00e7ilik Akademiyas\u0131n\u0131n kafedra m\u00fcdiri professor \u00c7ingiz \u0130smay\u0131lov, \u201cElmi t\u0259\u015fkilat \u015f\u00f6b\u0259\u201dnin m\u00fcdir dos R\u0259c\u0259b R\u0259himli, D\u0130A-n\u0131n dekan\u0131, dosent Oqtay \u018fliyev, D\u00f6vl\u0259t G\u00f6mr\u00fck Komit\u0259si Akademiyas\u0131n\u0131n kafedra m\u00fcdiri, dosetn Kamran Eyyubov, BDU-nun kafedra m\u00fcdiri Kamil S\u0259limov v\u0259 ba\u015fqalar\u0131 Davaml\u0131 inki\u015faf\u0131n idar\u0259edilm\u0259si m\u00f6vzusunu haz\u0131rda d\u00fcnyada \u00e7ox aktual m\u0259s\u0259l\u0259 oldu\u011funu, davaml\u0131 inki\u015fafda kadr potensial\u0131n\u0131n t\u0259kmill\u0259\u015fdirilm\u0259si g\u00fcn\u00fcm\u00fcz\u00fcn aktual m\u0259s\u0259l\u0259l\u0259rind\u0259n biri oldu\u011funu vur\u011fulam\u0131\u015flar.\u00a0Bu bax\u0131mdan BMT-nin Ba\u015f Assambleyas\u0131n\u0131n \u201cH\u0259r k\u0259s \u00fc\u00e7\u00fcn layiqli ya\u015fay\u0131\u015f: inki\u015faf m\u0259qs\u0259dl\u0259rinin nail olmas\u0131n\u0131n tezl\u0259\u015fdirilm\u0259si sah\u0259sind\u0259 t\u0259dbirl\u0259rin g\u00f6r\u00fclm\u0259si\u201d q\u0259rar\u0131nda Minilliyin \u0130nki\u015faf M\u0259qs\u0259dl\u0259rinin nail olma istiqam\u0259tl\u0259ri g\u00f6st\u0259rilmi\u015fdir. Bununla yana\u015f\u0131 natiql\u0259r qeyd etmi\u015fl\u0259r ki, \u00f6lk\u0259mizin \u0130nki\u015faf Konsepsiyas\u0131na \u0259saslanan sosial-iqtisadi islahatlar u\u011furla h\u0259yata ke\u00e7irilm\u0259kd\u0259dir. M\u0259hs bel\u0259, uzunm\u00fcdd\u0259tli inki\u015faf proqram\u0131 respublikam\u0131z\u0131n davaml\u0131 inki\u015faf\u0131n\u0131n idar\u0259 edilm\u0259sind\u0259 h\u0259lledici rol oynamqdad\u0131r. Bunun n\u0259tic\u0259si kimi, iqtisadi inki\u015faf respublikam\u0131zda iri sosialy\u00f6n\u00fcml\u00fc proqramlar\u0131n realiz\u0259 edilm\u0259sin\u0259 \u015f\u0259rait yarad\u0131r.\u00a0Respublika elmi-praktik konfrans\u0131 panel iclaslar\u0131nda davam etdirilir.<\/p>\n\n\n\n<p><\/p>\n\n\n\n<figure class=\"wp-container-2 wp-block-gallery-1 wp-block-gallery columns-2 is-cropped\"><ul class=\"blocks-gallery-grid\"><li class=\"blocks-gallery-item\"><figure><img width=\"640\" height=\"424\" src=\"https:\/\/dia.edu.az\/wp-content\/uploads\/2021\/03\/01.jpg\" alt=\"\" data-id=\"12961\" data-full-url=\"https:\/\/dia.edu.az\/wp-content\/uploads\/2021\/03\/01.jpg\" data-link=\"https:\/\/dia.edu.az\/?attachment_id=12961\" class=\"wp-image-12961\" srcset=\"https:\/\/legacy.dia.edu.az\/wp-content\/uploads\/2021\/03\/01.jpg 640w, https:\/\/legacy.dia.edu.az\/wp-content\/uploads\/2021\/03\/01-300x199.jpg 300w, https:\/\/legacy.dia.edu.az\/wp-content\/uploads\/2021\/03\/01-16x12.jpg 16w, https:\/\/legacy.dia.edu.az\/wp-content\/uploads\/2021\/03\/01-150x100.jpg 150w, https:\/\/legacy.dia.edu.az\/wp-content\/uploads\/2021\/03\/01-300x199@2x.jpg 600w\" sizes=\"(max-width: 640px) 100vw, 640px\" \/><\/figure><\/li><li class=\"blocks-gallery-item\"><figure><img width=\"640\" height=\"424\" src=\"https:\/\/dia.edu.az\/wp-content\/uploads\/2021\/03\/02.jpg\" alt=\"\" data-id=\"12962\" data-full-url=\"https:\/\/dia.edu.az\/wp-content\/uploads\/2021\/03\/02.jpg\" data-link=\"https:\/\/dia.edu.az\/?attachment_id=12962\" class=\"wp-image-12962\" srcset=\"https:\/\/legacy.dia.edu.az\/wp-content\/uploads\/2021\/03\/02.jpg 640w, https:\/\/legacy.dia.edu.az\/wp-content\/uploads\/2021\/03\/02-300x199.jpg 300w, https:\/\/legacy.dia.edu.az\/wp-content\/uploads\/2021\/03\/02-16x12.jpg 16w, https:\/\/legacy.dia.edu.az\/wp-content\/uploads\/2021\/03\/02-150x100.jpg 150w, https:\/\/legacy.dia.edu.az\/wp-content\/uploads\/2021\/03\/02-300x199@2x.jpg 600w\" sizes=\"(max-width: 640px) 100vw, 640px\" \/><\/figure><\/li><\/ul><\/figure>","protected":false},"excerpt":{"rendered":"<p>D\u00f6vl\u0259t \u0130dar\u0259\u00e7ilik Akademiyas\u0131nda \u201cPOST 2015: qlobal \u00e7a\u011f\u0131r\u0131\u015flar \u015f\u0259raitind\u0259 Az\u0259rbaycan\u0131n davaml\u0131 inki\u015faf\u0131n\u0131n idar\u0259edilm\u0259si\u201d m\u00f6vzusunda respublika elmi-praktik konfrans\u0131 ke\u00e7irilirApr 15 , 2015 &#8211; 04:19 Aprelin 15-d\u0259 Az\u0259rbaycan Respublikas\u0131n\u0131n Prezidenti yan\u0131nda D\u00f6vl\u0259t \u0130dar\u0259\u00e7ilik Akademiyas\u0131nda \u201cPOST 2015: qlobal \u00e7a\u011f\u0131r\u0131\u015flar \u015f\u0259raitind\u0259 Az\u0259rbaycan\u0131n davaml\u0131&nbsp;inki\u015faf\u0131n\u0131n idar\u0259edilm\u0259si\u201d respublika elmi-praktik konfrans\u0131 i\u015f\u0259 ba\u015flay\u0131b.Konfrans D\u00f6vl\u0259t \u0130dar\u0259\u00e7ilik Akademiyas\u0131 v\u0259 D\u00f6vl\u0259t G\u00f6mr\u00fck Komit\u0259sinin Akademiyas\u0131 il\u0259 birg\u0259 \u0259m\u0259kda\u015fl\u0131q [&hellip;]<\/p>","protected":false},"author":2,"featured_media":12961,"comment_status":"closed","ping_status":"closed","sticky":false,"template":"","format":"standard","meta":[],"categories":[137],"tags":[],"_links":{"self":[{"href":"https:\/\/legacy.dia.edu.az\/en\/wp-json\/wp\/v2\/posts\/12960"}],"collection":[{"href":"https:\/\/legacy.dia.edu.az\/en\/wp-json\/wp\/v2\/posts"}],"about":[{"href":"https:\/\/legacy.dia.edu.az\/en\/wp-json\/wp\/v2\/types\/post"}],"author":[{"embeddable":true,"href":"https:\/\/legacy.dia.edu.az\/en\/wp-json\/wp\/v2\/users\/2"}],"replies":[{"embeddable":true,"href":"https:\/\/legacy.dia.edu.az\/en\/wp-json\/wp\/v2\/comments?post=12960"}],"version-history":[{"count":0,"href":"https:\/\/legacy.dia.edu.az\/en\/wp-json\/wp\/v2\/posts\/12960\/revisions"}],"wp:featuredmedia":[{"embeddable":true,"href":"https:\/\/legacy.dia.edu.az\/en\/wp-json\/wp\/v2\/media\/12961"}],"wp:attachment":[{"href":"https:\/\/legacy.dia.edu.az\/en\/wp-json\/wp\/v2\/media?parent=12960"}],"wp:term":[{"taxonomy":"category","embeddable":true,"href":"https:\/\/legacy.dia.edu.az\/en\/wp-json\/wp\/v2\/categories?post=12960"},{"taxonomy":"post_tag","embeddable":true,"href":"https:\/\/legacy.dia.edu.az\/en\/wp-json\/wp\/v2\/tags?post=12960"}],"curies":[{"name":"wp","href":"https:\/\/api.w.org\/{rel}","templated":true}]}}