{"id":12957,"date":"2015-04-20T11:31:00","date_gmt":"2015-04-20T08:31:00","guid":{"rendered":"https:\/\/dia.edu.az\/?p=12957"},"modified":"2021-03-17T11:32:40","modified_gmt":"2021-03-17T08:32:40","slug":"dovl%c9%99t-idar%c9%99cilik-akademiyasinda-kibert%c9%99hluk%c9%99sizlik-movzusunda-gorus-kecirilmisdir","status":"publish","type":"post","link":"https:\/\/legacy.dia.edu.az\/en\/arxivl\u0259r\/12957","title":{"rendered":"D\u00f6vl\u0259t \u0130dar\u0259\u00e7ilik Akademiyas\u0131nda kibert\u0259hl\u00fck\u0259sizlik m\u00f6vzusunda g\u00f6r\u00fc\u015f ke\u00e7irilmi\u015fdir"},"content":{"rendered":"<p><strong>D\u00f6vl\u0259t \u0130dar\u0259\u00e7ilik Akademiyas\u0131nda kibert\u0259hl\u00fck\u0259sizlik m\u00f6vzusunda g\u00f6r\u00fc\u015f ke\u00e7irilmi\u015fdir<\/strong><br><em>Apr 20 , 2015 &#8211; 11:35<\/em><\/p>\n\n\n\n<p>17 aprel 2015-ci il tarixind\u0259 Az\u0259rbaycan Respublikas\u0131n\u0131n Prezidenti yan\u0131nda D\u00f6vl\u0259t \u0130dar\u0259\u00e7ilik Akademiyas\u0131nda Nova Southeastern Universitetinin Graduate School of Computer and Information Sciences fak\u00fclt\u0259sinin professoru Ceyms Kennedinin t\u0259l\u0259b\u0259l\u0259rl\u0259 g\u00f6r\u00fc\u015f\u00fc ke\u00e7irilmi\u015fdir. G\u00f6r\u00fc\u015f kibert\u0259hl\u00fck\u0259sizlik m\u0259s\u0259l\u0259l\u0259rin\u0259 h\u0259sr edilmi\u015fdir.<\/p>\n\n\n\n<p>T\u0259dbiri giri\u015f s\u00f6z\u00fc il\u0259 a\u00e7an D\u00f6vl\u0259t \u0130dar\u0259\u00e7ilik Akademiyas\u0131n\u0131n rektoru, akademik Urxan \u018fl\u0259kb\u0259rov professor Ceyms Kennedini v\u0259 Amerika Birl\u0259mi\u015f \u015etatlar\u0131n\u0131n Az\u0259rbaycandak\u0131 s\u0259firliyinin m\u0259d\u0259ni \u0259laq\u0259l\u0259r \u00fczr\u0259 eksperti F\u0259rqani \u018fliyevi t\u0259qdim edib, m\u00fcasir d\u00f6vrd\u0259 d\u00fcnyada \u0259n m\u00fch\u00fcm \u0259h\u0259miyy\u0259t k\u0259sb ed\u0259n m\u0259s\u0259l\u0259l\u0259rd\u0259n birinin t\u0259hl\u00fck\u0259sizlik, x\u00fcsusil\u0259 kibert\u0259hl\u00fck\u0259sizlik oldu\u011funu bildirdi v\u0259 g\u00f6r\u00fc\u015f\u00fcn g\u0259ncl\u0259rin maarifl\u0259ndirilm\u0259si bax\u0131m\u0131ndan b\u00f6y\u00fck \u0259h\u0259miyy\u0259t da\u015f\u0131d\u0131\u011f\u0131n\u0131 qeyd etdi.<\/p>\n\n\n\n<p>Daha sonra s\u00f6z professor Ceyms Kennediy\u0259 verildi. Professor Ceyms Kennedi D\u00f6vl\u0259t \u0130dar\u0259\u00e7ilik Akademiyas\u0131nda ke\u00e7iril\u0259n g\u00f6r\u00fc\u015fd\u0259n m\u0259mnunlu\u011funu ifad\u0259 ed\u0259r\u0259k, kibert\u0259hl\u00fck\u0259sizliyin m\u00fcasir d\u00f6vrd\u0259 vacib m\u0259s\u0259l\u0259 oldu\u011funu qeyd etdi. Eyni zamanda, informasiya t\u0259hl\u00fck\u0259sizliyinin d\u00f6vl\u0259tin siyas\u0259tind\u0259 m\u00fch\u00fcm rolunu vur\u011fulayan professor d\u00f6vl\u0259tin informasiya t\u0259hl\u00fck\u0259sizliyinin pozulmas\u0131 m\u0259s\u0259l\u0259sin\u0259 toxundu. Professor bildirdi ki, m\u00fcasir d\u00f6vrd\u0259 kiber m\u00fcharib\u0259l\u0259r ba\u015f verir v\u0259 bir s\u0131ra \u00f6lk\u0259l\u0259r aktiv kiber m\u00fcharib\u0259 kompaniyalar\u0131na haz\u0131rla\u015f\u0131rlar. Natiq informasiya t\u0259hl\u00fck\u0259sizliyinin t\u0259min olunmas\u0131 istiqam\u0259tind\u0259 kiberh\u00fccumlar\u0131n m\u00fc\u0259yy\u0259nl\u0259\u015fdirilm\u0259sinin \u00e7\u0259tin oldu\u011funu dey\u0259r\u0259k, bu problemin qar\u015f\u0131s\u0131n\u0131n al\u0131nmas\u0131nda m\u00f6vcud t\u0259cr\u00fcb\u0259l\u0259rin payla\u015f\u0131lmas\u0131n\u0131n \u0259sas vasit\u0259l\u0259rd\u0259n biri oldu\u011funu bildirdi. Professor kibert\u0259hl\u00fck\u0259sizliyin t\u0259min olunmas\u0131 istiqam\u0259tind\u0259 beyn\u0259lxalq t\u0259dbirl\u0259r v\u0259 qanunvericilik m\u0259s\u0259l\u0259sin\u0259 toxunark\u0259n bu prosesin uzunm\u00fcdd\u0259tli xarakter da\u015f\u0131d\u0131\u011f\u0131n\u0131\u00a0 qeyd etdi v\u0259 bildirdi ki, ilk n\u00f6vb\u0259d\u0259 h\u0259r k\u0259s, h\u0259r bir d\u00f6vl\u0259t \u00f6z informasiya t\u0259hl\u00fck\u0259sizliyini, kompyuter sisteml\u0259rinin m\u00fcdafi\u0259sini t\u0259min etm\u0259lidir. Kredit kartlar\u0131ndan istifad\u0259 il\u0259 \u0259laq\u0259dar m\u0259s\u0259l\u0259y\u0259 toxunan\u00a0 professor Ceyms Kennedi AB\u015e-da elektron ticar\u0259tin v\u0259 kredit kartlar\u0131ndan istifad\u0259nin geni\u015f yay\u0131ld\u0131\u011f\u0131n\u0131, \u0259halinin is\u0259 bu imkanlardan istifad\u0259 ed\u0259rk\u0259n probleml\u0259rl\u0259 qar\u015f\u0131la\u015fd\u0131\u011f\u0131n\u0131 bildirdi. AB\u015e-\u0131n d\u00fcnyada \u0259n \u00e7ox kiberh\u00fccumlara m\u0259ruz qalan \u00f6lk\u0259 oldu\u011funu dey\u0259n professor \u0259slind\u0259, bunun he\u00e7 d\u0259 t\u0259\u0259cc\u00fcbl\u00fc olmad\u0131\u011f\u0131n\u0131 v\u0259 AB\u015e-dak\u0131 kompyuter v\u0259 informasiya sisteml\u0259rinin \u00e7oxlu\u011fundan ir\u0259li g\u0259ldiyini, informasiya sisteml\u0259rinin t\u0259hl\u00fck\u0259sizliyinin t\u0259minat\u0131na v\u0259 bu sisteml\u0259r\u0259 n\u0259zar\u0259t\u0259 ayr\u0131lan v\u0259saitin h\u0259r il art\u0131r\u0131ld\u0131\u011f\u0131n\u0131 qeyd etdi. Natiq informasiya t\u0259hl\u00fck\u0259sizliyini t\u0259min etm\u0259k sah\u0259sind\u0259 \u0259halinin, x\u00fcsusil\u0259 ya\u015fl\u0131 n\u0259slin maarifl\u0259ndirilm\u0259sinin haz\u0131rda m\u00fcr\u0259kk\u0259b m\u0259s\u0259l\u0259 oldu\u011funu, lakin g\u0259ncl\u0259rin bu sah\u0259d\u0259 m\u0259lumatl\u0131 olmas\u0131n\u0131n \u00fcmidverici oldu\u011funu qeyd etdi.<\/p>\n\n\n\n<p><\/p>\n\n\n\n<figure class=\"wp-container-2 wp-block-gallery-1 wp-block-gallery columns-1 is-cropped\"><ul class=\"blocks-gallery-grid\"><li class=\"blocks-gallery-item\"><figure><img width=\"640\" height=\"424\" src=\"https:\/\/dia.edu.az\/wp-content\/uploads\/2021\/03\/1-74.jpg\" alt=\"\" data-id=\"12958\" data-full-url=\"https:\/\/dia.edu.az\/wp-content\/uploads\/2021\/03\/1-74.jpg\" data-link=\"https:\/\/dia.edu.az\/?attachment_id=12958\" class=\"wp-image-12958\" srcset=\"https:\/\/legacy.dia.edu.az\/wp-content\/uploads\/2021\/03\/1-74.jpg 640w, https:\/\/legacy.dia.edu.az\/wp-content\/uploads\/2021\/03\/1-74-300x199.jpg 300w, https:\/\/legacy.dia.edu.az\/wp-content\/uploads\/2021\/03\/1-74-16x12.jpg 16w, https:\/\/legacy.dia.edu.az\/wp-content\/uploads\/2021\/03\/1-74-150x100.jpg 150w, https:\/\/legacy.dia.edu.az\/wp-content\/uploads\/2021\/03\/1-74-300x199@2x.jpg 600w\" sizes=\"(max-width: 640px) 100vw, 640px\" \/><\/figure><\/li><\/ul><\/figure>","protected":false},"excerpt":{"rendered":"<p>D\u00f6vl\u0259t \u0130dar\u0259\u00e7ilik Akademiyas\u0131nda kibert\u0259hl\u00fck\u0259sizlik m\u00f6vzusunda g\u00f6r\u00fc\u015f ke\u00e7irilmi\u015fdirApr 20 , 2015 &#8211; 11:35 17 aprel 2015-ci il tarixind\u0259 Az\u0259rbaycan Respublikas\u0131n\u0131n Prezidenti yan\u0131nda D\u00f6vl\u0259t \u0130dar\u0259\u00e7ilik Akademiyas\u0131nda Nova Southeastern Universitetinin Graduate School of Computer and Information Sciences fak\u00fclt\u0259sinin professoru Ceyms Kennedinin t\u0259l\u0259b\u0259l\u0259rl\u0259 g\u00f6r\u00fc\u015f\u00fc ke\u00e7irilmi\u015fdir. G\u00f6r\u00fc\u015f kibert\u0259hl\u00fck\u0259sizlik m\u0259s\u0259l\u0259l\u0259rin\u0259 h\u0259sr edilmi\u015fdir. T\u0259dbiri giri\u015f s\u00f6z\u00fc il\u0259 a\u00e7an D\u00f6vl\u0259t \u0130dar\u0259\u00e7ilik Akademiyas\u0131n\u0131n rektoru, [&hellip;]<\/p>","protected":false},"author":2,"featured_media":12958,"comment_status":"closed","ping_status":"closed","sticky":false,"template":"","format":"standard","meta":[],"categories":[137],"tags":[],"_links":{"self":[{"href":"https:\/\/legacy.dia.edu.az\/en\/wp-json\/wp\/v2\/posts\/12957"}],"collection":[{"href":"https:\/\/legacy.dia.edu.az\/en\/wp-json\/wp\/v2\/posts"}],"about":[{"href":"https:\/\/legacy.dia.edu.az\/en\/wp-json\/wp\/v2\/types\/post"}],"author":[{"embeddable":true,"href":"https:\/\/legacy.dia.edu.az\/en\/wp-json\/wp\/v2\/users\/2"}],"replies":[{"embeddable":true,"href":"https:\/\/legacy.dia.edu.az\/en\/wp-json\/wp\/v2\/comments?post=12957"}],"version-history":[{"count":0,"href":"https:\/\/legacy.dia.edu.az\/en\/wp-json\/wp\/v2\/posts\/12957\/revisions"}],"wp:featuredmedia":[{"embeddable":true,"href":"https:\/\/legacy.dia.edu.az\/en\/wp-json\/wp\/v2\/media\/12958"}],"wp:attachment":[{"href":"https:\/\/legacy.dia.edu.az\/en\/wp-json\/wp\/v2\/media?parent=12957"}],"wp:term":[{"taxonomy":"category","embeddable":true,"href":"https:\/\/legacy.dia.edu.az\/en\/wp-json\/wp\/v2\/categories?post=12957"},{"taxonomy":"post_tag","embeddable":true,"href":"https:\/\/legacy.dia.edu.az\/en\/wp-json\/wp\/v2\/tags?post=12957"}],"curies":[{"name":"wp","href":"https:\/\/api.w.org\/{rel}","templated":true}]}}