{"id":12940,"date":"2015-04-27T11:22:00","date_gmt":"2015-04-27T08:22:00","guid":{"rendered":"https:\/\/dia.edu.az\/?p=12940"},"modified":"2021-03-17T11:23:13","modified_gmt":"2021-03-17T08:23:13","slug":"aprelin-27-d%c9%99-az%c9%99rbaycan-respublikasinin-prezidenti-yaninda-dovl%c9%99t-idar%c9%99cilik-akademiyasinda-dia-umummilli-lider-heyd%c9%99r-%c9%99liyevin-xatir%c9%99sin%c9%99-h%c9%99sr-olunmus","status":"publish","type":"post","link":"https:\/\/legacy.dia.edu.az\/en\/arxivl\u0259r\/12940","title":{"rendered":"Aprelin 27-d\u0259 Az\u0259rbaycan Respublikas\u0131n\u0131n Prezidenti yan\u0131nda D\u00f6vl\u0259t \u0130dar\u0259\u00e7ilik Akademiyas\u0131nda (D\u0130A) \u00fcmummilli lider Heyd\u0259r \u018fliyevin xatir\u0259sin\u0259 h\u0259sr olunmu\u015f \u201cRegionlar\u0131n inki\u015faf\u0131: innovativ iqtisadiyyat\u0131n formala\u015fmas\u0131 v\u0259 perspektiv imkanlar\u201d m\u00f6vzusunda respublika elmi-praktik konfrans ke\u00e7irilib"},"content":{"rendered":"<p><strong>Aprelin 27-d\u0259 Az\u0259rbaycan Respublikas\u0131n\u0131n Prezidenti yan\u0131nda D\u00f6vl\u0259t \u0130dar\u0259\u00e7ilik Akademiyas\u0131nda (D\u0130A) \u00fcmummilli lider Heyd\u0259r \u018fliyevin xatir\u0259sin\u0259 h\u0259sr olunmu\u015f \u201cRegionlar\u0131n inki\u015faf\u0131: innovativ iqtisadiyyat\u0131n formala\u015fmas\u0131 v\u0259 perspektiv imkanlar\u201d m\u00f6vzusunda respublika elmi-praktik konfrans ke\u00e7irilib<\/strong><br><em>Apr 27 , 2015 &#8211; 04:13<\/em><\/p>\n\n\n\n<p>Aprelin 27-d\u0259 Az\u0259rbaycan Respublikas\u0131n\u0131n Prezidenti yan\u0131nda D\u00f6vl\u0259t \u0130dar\u0259\u00e7ilik Akademiyas\u0131nda (D\u0130A) \u00fcmummilli lider Heyd\u0259r \u018fliyevin xatir\u0259sin\u0259 h\u0259sr olunmu\u015f \u201cRegionlar\u0131n inki\u015faf\u0131: innovativ iqtisadiyyat\u0131n formala\u015fmas\u0131 v\u0259 perspektiv imkanlar\u201d m\u00f6vzusunda respublika elmi-praktik konfrans ke\u00e7irilib.<\/p>\n\n\n\n<p>Konfrans regional innovativ prosesl\u0259r\u0259, innovativ iqtisadiyyat\u0131n formala\u015fmas\u0131 m\u0259s\u0259l\u0259l\u0259rin\u0259, perspektiv imkanlar\u0131n \u00f6yr\u0259nilm\u0259sin\u0259 h\u0259sr olunub.<\/p>\n\n\n\n<p>D\u0130A-n\u0131n rektoru, akademik Urxan \u018fl\u0259kb\u0259rov Az\u0259rbaycan\u0131n milli iqtisadiyyat\u0131n\u0131n formala\u015fmas\u0131nda \u00fcmummilli lider Heyd\u0259r \u018fliyevin misilsiz xidm\u0259tl\u0259rind\u0259n dan\u0131\u015f\u0131b. Akademik bildirib ki, bu g\u00fcn innovativ iqtisadiyyat\u0131n formala\u015fd\u0131r\u0131lmas\u0131, regionlar\u0131n inki\u015faf\u0131 m\u00fch\u00fcm m\u0259s\u0259l\u0259l\u0259rd\u0259ndir. Ona g\u00f6r\u0259 d\u0259 Az\u0259rbaycan Respublikas\u0131nda regionlar\u0131n inki\u015faf\u0131n\u0131n t\u0259min olunmas\u0131 istiqam\u0259tind\u0259 m\u00fch\u00fcm i\u015fl\u0259r g\u00f6r\u00fcl\u00fcr. Az\u0259rbaycanda inki\u015faf s\u00fcr\u0259tl\u0259 gedir v\u0259 bu inki\u015faf\u0131n h\u0259rt\u0259r\u0259fli olmas\u0131, ilk n\u00f6vb\u0259d\u0259, regionlar\u0131n inki\u015faf\u0131 il\u0259 \u0259laq\u0259dard\u0131r.<\/p>\n\n\n\n<p>Milli M\u0259clisin iqtisadi siyas\u0259t komit\u0259sinin s\u0259dri, akademik Ziyad S\u0259m\u0259dzad\u0259 \u201cRegionlar\u0131n inki\u015faf strategiyas\u0131 keyfiyy\u0259tli v\u0259 davaml\u0131 inki\u015faf\u0131n t\u0259minat\u0131d\u0131r\u201d m\u00f6vzusunda m\u0259ruz\u0259 il\u0259 \u00e7\u0131x\u0131\u015f edib. Ziyad S\u0259m\u0259dzad\u0259 bildirib ki, m\u00f6vcud olan iqtisadiyyat\u0131n Az\u0259rbaycan modeli strategiyas\u0131 \u00fcmummilli lider Heyd\u0259r \u018fliyevin ad\u0131 il\u0259 ba\u011fl\u0131d\u0131r. Bildirilib ki, Heyd\u0259r \u018fliyevin ciddi s\u0259yl\u0259ri n\u0259tic\u0259sind\u0259 h\u0259yata ke\u00e7iril\u0259n iqtisadi islahatlar bu g\u00fcn \u00f6z b\u0259hr\u0259sini verm\u0259kd\u0259dir. T\u0259m\u0259lini ulu \u00f6nd\u0259r Heyd\u0259r \u018fliyevin qoydu\u011fu iqtisadi siyas\u0259t bu g\u00fcn Prezident \u0130lham \u018fliyevin r\u0259hb\u0259rliyi alt\u0131nda u\u011furla davam etdirilir.<\/p>\n\n\n\n<p>Bildirilib ki, m\u00fcasir Az\u0259rbaycan\u0131n qurucusu Heyd\u0259r \u018fliyevin d\u00f6vl\u0259tin iqtisadi t\u0259hl\u00fck\u0259sizliyi m\u0259s\u0259l\u0259l\u0259ri il\u0259 ba\u011fl\u0131 fikirl\u0259ri ill\u0259r sonra da d\u0259rind\u0259n t\u0259hlil edil\u0259c\u0259k v\u0259 h\u0259min fikirl\u0259r iqtisadiyyat\u0131n inki\u015faf\u0131nda t\u0259tbiq olunacaq. H\u0259l\u0259 bundan sonra da g\u00fcnd\u0259n-g\u00fcn\u0259 m\u00fcr\u0259kk\u0259bl\u0259\u015f\u0259n d\u00fcnyada ulu \u00f6nd\u0259r Heyd\u0259r \u018fliyevin m\u00fc\u0259yy\u0259n etdiyi inki\u015faf strategiyas\u0131n\u0131n n\u0259 q\u0259d\u0259r d\u00fczg\u00fcn, sistemli oldu\u011funun bir daha \u015fahidi olaca\u011f\u0131q.<\/p>\n\n\n\n<p>Az\u0259rbaycan iqtisadiyyat\u0131n\u0131n inki\u015faf d\u00f6vrl\u0259rind\u0259n dan\u0131\u015fan Z.S\u0259m\u0259dzad\u0259 qeyd edib ki, haz\u0131rda Az\u0259rbaycan MDB v\u0259 Avropa m\u0259kan\u0131nda iqtisadi inki\u015faf s\u00fcr\u0259tin\u0259 g\u00f6r\u0259 qabaqc\u0131ld\u0131r: \u201cBiz MDB m\u0259kan\u0131nda adamba\u015f\u0131na d\u00fc\u015f\u0259n \u00dcDM-in miqdar\u0131na g\u00f6r\u0259 \u0259n qabaqc\u0131l yerl\u0259rd\u0259n birini tuturuq. Bunlar\u0131n ham\u0131s\u0131 iqtisadi art\u0131m\u0131n s\u00fcr\u0259tin\u0259 g\u00f6r\u0259 ba\u015f verir. \u00d6lk\u0259nin iqtisadi inki\u015faf\u0131n\u0131n davaml\u0131 olmas\u0131n\u0131 t\u0259min etm\u0259k \u00fc\u00e7\u00fcn h\u0259mi\u015f\u0259 bu g\u00f6st\u0259rici n\u0259zar\u0259td\u0259 saxlan\u0131lmal\u0131d\u0131r\u201d.<\/p>\n\n\n\n<p>Diqq\u0259t\u0259 \u00e7atd\u0131r\u0131l\u0131b ki, regionlar\u0131n sosial-iqtisadi inki\u015faf etdirilm\u0259si \u00fc\u00e7\u00fcn at\u0131lan add\u0131mlar Az\u0259rbaycan iqtisadi siyas\u0259tinin t\u0259rkib hiss\u0259sidir. Regionlar\u0131n sosial-iqtisadi inki\u015faf\u0131na dair D\u00f6vl\u0259t Proqram\u0131n\u0131n q\u0259bulu \u00f6lk\u0259nin iqtisadi t\u0259hl\u00fck\u0259sizliyini t\u0259min etm\u0259k \u00fc\u00e7\u00fcn \u0259n g\u00fccl\u00fc vasit\u0259l\u0259rd\u0259n biridir. Az\u0259rbaycan\u0131n g\u0259l\u0259c\u0259k inki\u015faf potensial\u0131n\u0131n regionlarda art\u0131r\u0131lmas\u0131 urbanizasiya prosesl\u0259rinin t\u0259kmill\u0259\u015fdirilm\u0259sin\u0259 imkan yaradacaq\u201d,-dey\u0259 Z.S\u0259m\u0259dzad\u0259 \u0259lav\u0259 edib.<\/p>\n\n\n\n<p>\u201cAz\u0259rbaycan regionlar\u0131n\u0131n inki\u015faf\u0131nda innovativ aspektl\u0259r\u201d m\u00f6vzusunda m\u0259ruz\u0259 ed\u0259n Az\u0259rbaycan Respublikas\u0131n\u0131n Prezidenti yan\u0131nda D\u00f6vl\u0259t \u0130dar\u0259\u00e7ilik Akademiyas\u0131n\u0131n \u201cD\u00f6vl\u0259t idar\u0259etm\u0259si v\u0259 menecment\u201d kafedras\u0131n\u0131n m\u00fcdiri, iqtisadi elml\u0259r doktoru Xatir\u0259 H\u00fcseynova konfrans i\u015ftirak\u00e7\u0131lar\u0131n\u0131n diqq\u0259tin\u0259 \u00e7atd\u0131r\u0131b ki, \u00f6lk\u0259mizd\u0259 m\u00fc\u0259yy\u0259nl\u0259\u015fdiril\u0259n idar\u0259etm\u0259 strategiyas\u0131 ulu \u00f6nd\u0259r Heyd\u0259r \u018fliyevin ad\u0131 il\u0259 ba\u011fl\u0131d\u0131r.<\/p>\n\n\n\n<p>Daha sonra konfrans \u00f6z i\u015fini b\u00f6lm\u0259l\u0259rl\u0259 davam etdirib.<\/p>\n\n\n\n<p><\/p>\n\n\n\n<figure class=\"wp-container-2 wp-block-gallery-1 wp-block-gallery columns-1 is-cropped\"><ul class=\"blocks-gallery-grid\"><li class=\"blocks-gallery-item\"><figure><img width=\"640\" height=\"460\" src=\"https:\/\/dia.edu.az\/wp-content\/uploads\/2021\/03\/konfr_xrite_1.jpg\" alt=\"\" data-id=\"12941\" data-full-url=\"https:\/\/dia.edu.az\/wp-content\/uploads\/2021\/03\/konfr_xrite_1.jpg\" data-link=\"https:\/\/dia.edu.az\/?attachment_id=12941\" class=\"wp-image-12941\" srcset=\"https:\/\/legacy.dia.edu.az\/wp-content\/uploads\/2021\/03\/konfr_xrite_1.jpg 640w, https:\/\/legacy.dia.edu.az\/wp-content\/uploads\/2021\/03\/konfr_xrite_1-300x216.jpg 300w, https:\/\/legacy.dia.edu.az\/wp-content\/uploads\/2021\/03\/konfr_xrite_1-16x12.jpg 16w, https:\/\/legacy.dia.edu.az\/wp-content\/uploads\/2021\/03\/konfr_xrite_1-360x260.jpg 360w, https:\/\/legacy.dia.edu.az\/wp-content\/uploads\/2021\/03\/konfr_xrite_1-300x216@2x.jpg 600w\" sizes=\"(max-width: 640px) 100vw, 640px\" \/><\/figure><\/li><\/ul><\/figure>","protected":false},"excerpt":{"rendered":"<p>Aprelin 27-d\u0259 Az\u0259rbaycan Respublikas\u0131n\u0131n Prezidenti yan\u0131nda D\u00f6vl\u0259t \u0130dar\u0259\u00e7ilik Akademiyas\u0131nda (D\u0130A) \u00fcmummilli lider Heyd\u0259r \u018fliyevin xatir\u0259sin\u0259 h\u0259sr olunmu\u015f \u201cRegionlar\u0131n inki\u015faf\u0131: innovativ iqtisadiyyat\u0131n formala\u015fmas\u0131 v\u0259 perspektiv imkanlar\u201d m\u00f6vzusunda respublika elmi-praktik konfrans ke\u00e7irilibApr 27 , 2015 &#8211; 04:13 Aprelin 27-d\u0259 Az\u0259rbaycan Respublikas\u0131n\u0131n Prezidenti yan\u0131nda D\u00f6vl\u0259t \u0130dar\u0259\u00e7ilik Akademiyas\u0131nda (D\u0130A) \u00fcmummilli lider Heyd\u0259r \u018fliyevin xatir\u0259sin\u0259 h\u0259sr olunmu\u015f \u201cRegionlar\u0131n inki\u015faf\u0131: innovativ [&hellip;]<\/p>","protected":false},"author":2,"featured_media":12941,"comment_status":"closed","ping_status":"closed","sticky":false,"template":"","format":"standard","meta":[],"categories":[137],"tags":[],"_links":{"self":[{"href":"https:\/\/legacy.dia.edu.az\/en\/wp-json\/wp\/v2\/posts\/12940"}],"collection":[{"href":"https:\/\/legacy.dia.edu.az\/en\/wp-json\/wp\/v2\/posts"}],"about":[{"href":"https:\/\/legacy.dia.edu.az\/en\/wp-json\/wp\/v2\/types\/post"}],"author":[{"embeddable":true,"href":"https:\/\/legacy.dia.edu.az\/en\/wp-json\/wp\/v2\/users\/2"}],"replies":[{"embeddable":true,"href":"https:\/\/legacy.dia.edu.az\/en\/wp-json\/wp\/v2\/comments?post=12940"}],"version-history":[{"count":0,"href":"https:\/\/legacy.dia.edu.az\/en\/wp-json\/wp\/v2\/posts\/12940\/revisions"}],"wp:featuredmedia":[{"embeddable":true,"href":"https:\/\/legacy.dia.edu.az\/en\/wp-json\/wp\/v2\/media\/12941"}],"wp:attachment":[{"href":"https:\/\/legacy.dia.edu.az\/en\/wp-json\/wp\/v2\/media?parent=12940"}],"wp:term":[{"taxonomy":"category","embeddable":true,"href":"https:\/\/legacy.dia.edu.az\/en\/wp-json\/wp\/v2\/categories?post=12940"},{"taxonomy":"post_tag","embeddable":true,"href":"https:\/\/legacy.dia.edu.az\/en\/wp-json\/wp\/v2\/tags?post=12940"}],"curies":[{"name":"wp","href":"https:\/\/api.w.org\/{rel}","templated":true}]}}