{"id":12936,"date":"2015-05-05T11:21:00","date_gmt":"2015-05-05T08:21:00","guid":{"rendered":"https:\/\/dia.edu.az\/?p=12936"},"modified":"2021-03-17T11:22:02","modified_gmt":"2021-03-17T08:22:02","slug":"dovl%c9%99t-idar%c9%99cilik-akademiyasinda-boyuk-v%c9%99t%c9%99n-muharib%c9%99sind%c9%99-q%c9%99l%c9%99b%c9%99nin-70-illik-yubileyi-qeyd-edilmisdir","status":"publish","type":"post","link":"https:\/\/legacy.dia.edu.az\/en\/arxivl\u0259r\/12936","title":{"rendered":"D\u00f6vl\u0259t \u0130dar\u0259\u00e7ilik Akademiyas\u0131nda B\u00f6y\u00fck V\u0259t\u0259n M\u00fcharib\u0259sind\u0259 q\u0259l\u0259b\u0259nin 70 illik yubileyi qeyd edilmi\u015fdir."},"content":{"rendered":"<p><strong>D\u00f6vl\u0259t \u0130dar\u0259\u00e7ilik Akademiyas\u0131nda B\u00f6y\u00fck V\u0259t\u0259n M\u00fcharib\u0259sind\u0259 q\u0259l\u0259b\u0259nin 70 illik yubileyi qeyd edilmi\u015fdir.<\/strong><br><em>May 05 , 2015 &#8211; 08:29<\/em><\/p>\n\n\n\n<p>6 may 2015-ci il tarixd\u0259&nbsp; Az\u0259rbaycan Respublikas\u0131n\u0131n Prezidenti yan\u0131nda D\u00f6vl\u0259t \u0130dar\u0259\u00e7ilik Akademiyas\u0131nda B\u00f6y\u00fck V\u0259t\u0259n M\u00fcharib\u0259sind\u0259 q\u0259l\u0259b\u0259nin 70 illik yubileyi m\u00fcnasib\u0259ti il\u0259 ba\u011fl\u0131 t\u0259dbir ke\u00e7irilmi\u015fdir.<\/p>\n\n\n\n<p>G\u00f6r\u00fc\u015f\u00fc giri\u015f s\u00f6z\u00fc il\u0259 a\u00e7an Az\u0259rbaycan Respublikas\u0131n\u0131n Prezidenti yan\u0131nda D\u00f6vl\u0259t \u0130dar\u0259\u00e7ilik Akademiyas\u0131n\u0131n rektoru, akademik Urxan&nbsp; \u018fl\u0259kb\u0259rov \u00dcmummilli lider Heyd\u0259r \u018fliyevin veteranlara daim diqq\u0259t v\u0259 qay\u011f\u0131 g\u00f6st\u0259rdiyini vur\u011fulay\u0131b, \u0259sas\u0131 Ulu \u00d6nd\u0259r t\u0259r\u0259find\u0259n qoyulan bu g\u0259ncl\u0259r siyas\u0259t bu g\u00fcn Prezident \u0130lham \u018fliyev t\u0259r\u0259find\u0259n u\u011furla h\u0259yata ke\u00e7irilir. O, yeniyetm\u0259 v\u0259 g\u0259ncl\u0259r aras\u0131nda v\u0259t\u0259np\u0259rv\u0259rlik hissl\u0259rini t\u0259bli\u011f etm\u0259k v\u0259 g\u0259l\u0259c\u0259k n\u0259sill\u0259r\u0259 \u00f6t\u00fcrm\u0259k istiqam\u0259tind\u0259 m\u00fch\u00fcm t\u0259dbirl\u0259rin h\u0259yata ke\u00e7irildiyini bildirib. B\u00f6y\u00fck V\u0259t\u0259n m\u00fcharib\u0259sind\u0259 veteranlar\u0131m\u0131z\u0131n \u015f\u0259r\u0259fli d\u00f6y\u00fc\u015f yollar\u0131 haqq\u0131nda g\u0259ncl\u0259rimizin m\u0259lumatland\u0131r\u0131lmas\u0131 onlarda v\u0259t\u0259np\u0259rv\u0259rlik hissl\u0259rinin g\u00fccl\u0259nm\u0259sind\u0259 m\u00fch\u00fcm rol oynad\u0131\u011f\u0131n\u0131 qeyd edib.<\/p>\n\n\n\n<p>Daha sonra \u00e7\u0131x\u0131\u015f ed\u0259n m\u0259ruz\u0259\u00e7il\u0259r Az\u0259rbaycan Respublikas\u0131n\u0131n Prezidenti yan\u0131nda D\u00f6vl\u0259t \u0130dar\u0259\u00e7ilik Akademiyas\u0131n\u0131n \u201cTarix\u201d kafedras\u0131n\u0131n m\u00fcdiri, dosent Firdovsiyy\u0259 \u018fhm\u0259dova, Respublika Veteranlar T\u0259\u015fkilat\u0131n\u0131n s\u0259dr m\u00fcavini C\u0259lil X\u0259lilov, Veteranlar T\u0259\u015fkilat\u0131n\u0131n \u00fczv\u00fc t\u0259dqiqat\u00e7\u0131 alim, professor Musa Ba\u011f\u0131rov, Dam\u0259t N\u0259biyev v\u0259 dig\u0259r natiql\u0259r \u00f6lk\u0259 r\u0259hb\u0259rliyinin Silahl\u0131 Q\u00fcvv\u0259l\u0259rimiz\u0259 h\u0259rt\u0259r\u0259fli diqq\u0259t v\u0259 qay\u011f\u0131s\u0131ndan dan\u0131\u015f\u0131b, g\u0259ncl\u0259rimizd\u0259 v\u0259t\u0259np\u0259rv\u0259rlik hissinin g\u00fccl\u0259nm\u0259sind\u0259 bel\u0259 g\u00f6r\u00fc\u015fl\u0259rin \u0259h\u0259miyy\u0259tini vur\u011fulay\u0131blar.<\/p>\n\n\n\n<p><\/p>\n\n\n\n<figure class=\"wp-container-2 wp-block-gallery-1 wp-block-gallery columns-2 is-cropped\"><ul class=\"blocks-gallery-grid\"><li class=\"blocks-gallery-item\"><figure><img width=\"640\" height=\"424\" src=\"https:\/\/dia.edu.az\/wp-content\/uploads\/2021\/03\/veteran.jpg\" alt=\"\" data-id=\"12937\" data-full-url=\"https:\/\/dia.edu.az\/wp-content\/uploads\/2021\/03\/veteran.jpg\" data-link=\"https:\/\/dia.edu.az\/?attachment_id=12937\" class=\"wp-image-12937\" srcset=\"https:\/\/legacy.dia.edu.az\/wp-content\/uploads\/2021\/03\/veteran.jpg 640w, https:\/\/legacy.dia.edu.az\/wp-content\/uploads\/2021\/03\/veteran-300x199.jpg 300w, https:\/\/legacy.dia.edu.az\/wp-content\/uploads\/2021\/03\/veteran-16x12.jpg 16w, https:\/\/legacy.dia.edu.az\/wp-content\/uploads\/2021\/03\/veteran-150x100.jpg 150w, https:\/\/legacy.dia.edu.az\/wp-content\/uploads\/2021\/03\/veteran-300x199@2x.jpg 600w\" sizes=\"(max-width: 640px) 100vw, 640px\" \/><\/figure><\/li><li class=\"blocks-gallery-item\"><figure><img width=\"640\" height=\"424\" src=\"https:\/\/dia.edu.az\/wp-content\/uploads\/2021\/03\/veteran-2.jpg\" alt=\"\" data-id=\"12938\" data-full-url=\"https:\/\/dia.edu.az\/wp-content\/uploads\/2021\/03\/veteran-2.jpg\" data-link=\"https:\/\/dia.edu.az\/?attachment_id=12938\" class=\"wp-image-12938\" srcset=\"https:\/\/legacy.dia.edu.az\/wp-content\/uploads\/2021\/03\/veteran-2.jpg 640w, https:\/\/legacy.dia.edu.az\/wp-content\/uploads\/2021\/03\/veteran-2-300x199.jpg 300w, https:\/\/legacy.dia.edu.az\/wp-content\/uploads\/2021\/03\/veteran-2-16x12.jpg 16w, https:\/\/legacy.dia.edu.az\/wp-content\/uploads\/2021\/03\/veteran-2-150x100.jpg 150w, https:\/\/legacy.dia.edu.az\/wp-content\/uploads\/2021\/03\/veteran-2-300x199@2x.jpg 600w\" sizes=\"(max-width: 640px) 100vw, 640px\" \/><\/figure><\/li><\/ul><\/figure>","protected":false},"excerpt":{"rendered":"<p>D\u00f6vl\u0259t \u0130dar\u0259\u00e7ilik Akademiyas\u0131nda B\u00f6y\u00fck V\u0259t\u0259n M\u00fcharib\u0259sind\u0259 q\u0259l\u0259b\u0259nin 70 illik yubileyi qeyd edilmi\u015fdir.May 05 , 2015 &#8211; 08:29 6 may 2015-ci il tarixd\u0259&nbsp; Az\u0259rbaycan Respublikas\u0131n\u0131n Prezidenti yan\u0131nda D\u00f6vl\u0259t \u0130dar\u0259\u00e7ilik Akademiyas\u0131nda B\u00f6y\u00fck V\u0259t\u0259n M\u00fcharib\u0259sind\u0259 q\u0259l\u0259b\u0259nin 70 illik yubileyi m\u00fcnasib\u0259ti il\u0259 ba\u011fl\u0131 t\u0259dbir ke\u00e7irilmi\u015fdir. G\u00f6r\u00fc\u015f\u00fc giri\u015f s\u00f6z\u00fc il\u0259 a\u00e7an Az\u0259rbaycan Respublikas\u0131n\u0131n Prezidenti yan\u0131nda D\u00f6vl\u0259t \u0130dar\u0259\u00e7ilik Akademiyas\u0131n\u0131n rektoru, akademik [&hellip;]<\/p>","protected":false},"author":2,"featured_media":12937,"comment_status":"closed","ping_status":"closed","sticky":false,"template":"","format":"standard","meta":[],"categories":[137],"tags":[],"_links":{"self":[{"href":"https:\/\/legacy.dia.edu.az\/en\/wp-json\/wp\/v2\/posts\/12936"}],"collection":[{"href":"https:\/\/legacy.dia.edu.az\/en\/wp-json\/wp\/v2\/posts"}],"about":[{"href":"https:\/\/legacy.dia.edu.az\/en\/wp-json\/wp\/v2\/types\/post"}],"author":[{"embeddable":true,"href":"https:\/\/legacy.dia.edu.az\/en\/wp-json\/wp\/v2\/users\/2"}],"replies":[{"embeddable":true,"href":"https:\/\/legacy.dia.edu.az\/en\/wp-json\/wp\/v2\/comments?post=12936"}],"version-history":[{"count":0,"href":"https:\/\/legacy.dia.edu.az\/en\/wp-json\/wp\/v2\/posts\/12936\/revisions"}],"wp:featuredmedia":[{"embeddable":true,"href":"https:\/\/legacy.dia.edu.az\/en\/wp-json\/wp\/v2\/media\/12937"}],"wp:attachment":[{"href":"https:\/\/legacy.dia.edu.az\/en\/wp-json\/wp\/v2\/media?parent=12936"}],"wp:term":[{"taxonomy":"category","embeddable":true,"href":"https:\/\/legacy.dia.edu.az\/en\/wp-json\/wp\/v2\/categories?post=12936"},{"taxonomy":"post_tag","embeddable":true,"href":"https:\/\/legacy.dia.edu.az\/en\/wp-json\/wp\/v2\/tags?post=12936"}],"curies":[{"name":"wp","href":"https:\/\/api.w.org\/{rel}","templated":true}]}}