{"id":12915,"date":"2015-05-27T11:14:00","date_gmt":"2015-05-27T08:14:00","guid":{"rendered":"https:\/\/dia.edu.az\/?p=12915"},"modified":"2021-03-17T11:15:29","modified_gmt":"2021-03-17T08:15:29","slug":"anadolu-universitetind%c9%99-gorus","status":"publish","type":"post","link":"https:\/\/legacy.dia.edu.az\/en\/arxivl\u0259r\/12915","title":{"rendered":"Anadolu Universitetind\u0259 g\u00f6r\u00fc\u015f"},"content":{"rendered":"<p><strong>Anadolu Universitetind\u0259 g\u00f6r\u00fc\u015f<\/strong><br><em>May 27 , 2015 &#8211; 04:25<\/em><\/p>\n\n\n\n<p>Az\u0259rbaycan Respublikas\u0131n\u0131n Prezidenti yan\u0131nda D\u00f6vl\u0259t \u0130dar\u0259\u00e7ilik Akademiyas\u0131n\u0131n rektoru akademik Urxan \u018fl\u0259kb\u0259rov, Elmi-t\u0259\u015fkilat \u015f\u00f6b\u0259sinin m\u00fcdiri R\u0259c\u0259b R\u0259himli Anadolu Universitetind\u0259 \u00dcmummilli Lider Heyd\u0259r \u018fliyevin anadan olmas\u0131n\u0131n 92-ci il d\u00f6n\u00fcm\u00fcn\u00fcn an\u0131m m\u0259rasimind\u0259 i\u015ftirak edibl\u0259r. Anadolu Universitetinin \u201cHeyd\u0259r \u018fliyev &nbsp; Ara\u015fd\u0131rma M\u0259rk\u0259zi\u201dnd\u0259 an\u0131m m\u0259rasimi ke\u00e7irilib.<\/p>\n\n\n\n<p>Anadolu Universitetinin rektoru prof. Naci G\u00fcndo\u011fan t\u0259dbird\u0259 \u00e7\u0131x\u0131\u015f\u0131 zaman\u0131 Heyd\u0259r \u018fliyevin t\u0259kc\u0259 Az\u0259rbaycan\u0131n deyil, b\u00fct\u00fcn t\u00fcrk d\u00fcnyas\u0131n\u0131n g\u00f6rk\u0259mli liderl\u0259rind\u0259n biri oldu\u011funu vur\u011fulay\u0131b. O, Az\u0259rbaycanla T\u00fcrkiy\u0259 aras\u0131nda m\u00f6vcud m\u00fcnasib\u0259tl\u0259rin t\u0259hsil m\u00fc\u0259ssis\u0259l\u0259ri aras\u0131ndak\u0131 \u0259laq\u0259l\u0259r vasit\u0259sil\u0259 daha da m\u00f6hk\u0259ml\u0259ndirildiyini, bu bax\u0131mdan D\u00f6vl\u0259t \u0130dar\u0259\u00e7ilik Akademiyas\u0131 il\u0259 Anadolu Universiteti aras\u0131ndak\u0131 \u0259laq\u0259l\u0259rin t\u0259qdir\u0259layiq oldu\u011funu qeyd edib. Qonaqlara m\u0259rk\u0259z haqq\u0131nda m\u0259lumat ver\u0259n rektor \u201cHeyd\u0259r \u018fliyev Ara\u015fd\u0131rma M\u0259rk\u0259zi\u201dnin Heyd\u0259r \u018fliyevin xatir\u0259sinin Andolu Universitetind\u0259 ya\u015fad\u0131lmas\u0131 m\u0259qs\u0259dil\u0259 3 il \u0259vv\u0259l a\u00e7\u0131ld\u0131\u011f\u0131n\u0131 bildirib.<\/p>\n\n\n\n<p>An\u0131m m\u0259rasimind\u0259n sonra Az\u0259rbaycan Respublikas\u0131n\u0131n Prezidenti yan\u0131nda D\u00f6vl\u0259t \u0130dar\u0259\u00e7ilik Akademiyas\u0131n\u0131n rektoru akad. Urxan \u018fl\u0259kb\u0259rov Ulu \u00d6nd\u0259rin v\u0259t\u0259n v\u0259 xalq qar\u015f\u0131s\u0131ndak\u0131 misilsiz xidm\u0259tl\u0259rind\u0259n, \u00f6lk\u0259mizin iqtisadi u\u011furlar\u0131n\u0131n \u0259ld\u0259 edilm\u0259si istiqam\u0259tind\u0259 zaman\u0131nda verdiyi q\u0259rarlardan, h\u0259yata ke\u00e7irdiyi strategiyan\u0131n \u0259h\u0259miyy\u0259tini qeyd etmi\u015f, \u00f6lk\u0259mizin m\u00fcasir inki\u015faf tarixinin Ulu \u00d6nd\u0259rin ad\u0131 il\u0259 ba\u011fl\u0131 oldu\u011funu diqq\u0259t\u0259 \u00e7atd\u0131rm\u0131\u015fd\u0131r. O, \u00f6lk\u0259 Prezidenti \u0130lham \u018fliyev t\u0259r\u0259find\u0259n u\u011furla davam etdiril\u0259n m\u0259qs\u0259dy\u00f6nl\u00fc sosial-iqtisadi siyas\u0259td\u0259n v\u0259 bu siyas\u0259t n\u0259tic\u0259sind\u0259 Az\u0259rbaycan\u0131n qazand\u0131\u011f\u0131 u\u011furlar\u0131 qeyd etmi\u015fdir. &nbsp; &nbsp; &nbsp; &nbsp; &nbsp; &nbsp; &nbsp; &nbsp; &nbsp; &nbsp;<\/p>\n\n\n\n<p>\u00a0Rektor \u201cDavaml\u0131 inki\u015faf v\u0259 ekoloji sivilizasiya namin\u0259 s\u0259m\u0259r\u0259li idar\u0259etm\u0259: Az\u0259rbaycan n\u00fcmun\u0259si\u201d adl\u0131 m\u0259ruz\u0259 il\u0259 \u00e7\u0131x\u0131\u015f edib. Ekoloji sivilizasiya konsepsiyas\u0131n\u0131n d\u00fcnyada ilk yarad\u0131c\u0131s\u0131 olan akademik Urxan \u018fl\u0259kb\u0259rov bildirib ki, g\u00f6r\u00fc\u015f i\u015ftirak\u00e7\u0131lar\u0131na t\u0259qdim olunan m\u0259lumatlar beyn\u0259lxalq t\u0259\u015fkilatlar\u0131n r\u0259smi hesabatlardan g\u00f6t\u00fcr\u00fcl\u00fcb v\u0259 Az\u0259rbaycan\u0131n inki\u015faf\u0131n\u0131 \u00f6z\u00fcnd\u0259 \u0259ks etdirir. M\u0259ruz\u0259\u00e7i davaml\u0131 inki\u015faf v\u0259 ekoloji sivilizasiyan\u0131n humanitar t\u0259hdidl\u0259rin qar\u015f\u0131s\u0131n\u0131n al\u0131nmas\u0131 \u00fc\u00e7\u00fcn yegan\u0259 vasit\u0259 oldu\u011funu diqq\u0259t\u0259 \u00e7atd\u0131r\u0131b. Az\u0259rbaycanda bu istiqam\u0259td\u0259 g\u00f6r\u00fcl\u0259n i\u015fl\u0259rd\u0259n dan\u0131\u015fan Urxan \u018fl\u0259kb\u0259rov davaml\u0131 inki\u015faf v\u0259 ekoloji sivilizasiyan\u0131n t\u0259rkib hiss\u0259l\u0259ri olan iqtisadi, ekoloji v\u0259 sosial aspektl\u0259r haqq\u0131nda m\u0259lumat verib. Son 10 ild\u0259 \u00f6lk\u0259mizd\u0259 davaml\u0131 inki\u015faf \u00a0\u00fc\u00e7\u00fcn iqtisadi baza yarad\u0131ld\u0131\u011f\u0131n\u0131 diqq\u0259t\u0259 \u00e7atd\u0131ran akademik h\u0259r enerji vahidin\u0259 d\u00fc\u015f\u0259n \u00dcDM istehsal\u0131 g\u00f6st\u0259ricisin\u0259 \u0259sas\u0259n, Az\u0259rbaycan\u0131 T\u00fcrkm\u0259nistan, Rusiya, Qazax\u0131stan, Qatar, Venesuela, K\u00fcveyt, B\u018f\u018f v\u0259 Norve\u00e7l\u0259 m\u00fcqayis\u0259 ed\u0259r\u0259k 2003-c\u00fc ild\u0259 Az\u0259rbaycan\u0131n bu \u00f6lk\u0259l\u0259r aras\u0131nda sondan 3-c\u00fc, 2014-c\u00fc ild\u0259 is\u0259 1-ci oldu\u011funu qeyd edib. M\u0259ruz\u0259\u00e7i enerji resurslar\u0131n\u0131n s\u0259m\u0259r\u0259li istifad\u0259sinin v\u0259 qorunub saxlanmas\u0131n\u0131n davaml\u0131 inki\u015fafla birba\u015fa \u0259laq\u0259sini n\u0259z\u0259r\u0259 \u00e7atd\u0131raraq bunun 2 s\u0259b\u0259bini a\u00e7\u0131qlay\u0131b. Bir t\u0259r\u0259fd\u0259n bu resurslar g\u0259l\u0259c\u0259k \u00fc\u00e7\u00fcn qorunur, dig\u0259r t\u0259r\u0259fd\u0259n \u0259traf m\u00fchit m\u00fchafiz\u0259 olunur. Natiq m\u0259lumat verib ki, Az\u0259rbaycan 2014-c\u00fc ild\u0259 Cini \u0259msal\u0131na g\u00f6r\u0259 \u201cB\u00f6y\u00fck \u0130yirmilik\u201d \u00f6lk\u0259l\u0259rinin \u0259ks\u0259riyy\u0259tini \u00fcst\u0259l\u0259mi\u015f, yaln\u0131z Kanada, Almaniya kimi \u00f6lk\u0259l\u0259rd\u0259n geri qalm\u0131\u015fd\u0131r. \u00c7\u0131x\u0131\u015f\u0131n\u0131n sonunda Urxan \u018fl\u0259kb\u0259rov qeyd etdi ki, bu u\u011furlar\u0131n s\u0259b\u0259bi yaln\u0131z s\u0259m\u0259r\u0259li idar\u0259\u00e7ilik v\u0259 d\u00f6vl\u0259t institutlar\u0131n\u0131n, v\u0259t\u0259nda\u015f c\u0259miyy\u0259tinin v\u0259 \u00f6z\u0259l sektorun f\u0259aliyy\u0259tinin kombinasiyas\u0131d\u0131r. Bu f\u0259aliyy\u0259tin \u0259sas\u0131nda t\u0259hsil v\u0259 biliyin durdu\u011funu vur\u011fulayan natiq Az\u0259rbaycanda davaml\u0131 inki\u015faf\u0131n t\u0259drisi v\u0259 d\u0259rslikl\u0259rin haz\u0131rlanmas\u0131 il\u0259 ba\u011fl\u0131 m\u0259lumatlar\u0131 da i\u015ftirak\u00e7\u0131lar\u0131n diqq\u0259tin\u0259 \u00e7atd\u0131rd\u0131. Bu g\u00fcn insan kapital\u0131n\u0131n formala\u015fd\u0131r\u0131lmas\u0131, intellektual s\u0259viyy\u0259li kadrlar\u0131n yeti\u015fdirilm\u0259si m\u00fch\u00fcm m\u0259s\u0259l\u0259dir. M\u00fcasir standartlara cavab ver\u0259n m\u0259kt\u0259b binalar\u0131n\u0131n tikilm\u0259si, onlar\u0131n m\u00fcasir avadanl\u0131qlarla t\u0259min edilm\u0259si, internet\u0259 \u00e7\u0131x\u0131\u015f bu g\u00fcn\u00fcn reall\u0131\u011f\u0131d\u0131r. B\u00fct\u00fcn bunlar Az\u0259rbaycanda insan amilin\u0259 g\u00f6st\u0259ril\u0259n b\u00f6y\u00fck qay\u011f\u0131n\u0131n n\u0259tic\u0259sidir.<\/p>\n\n\n\n<p><\/p>\n\n\n\n<figure class=\"wp-container-2 wp-block-gallery-1 wp-block-gallery columns-2 is-cropped\"><ul class=\"blocks-gallery-grid\"><li class=\"blocks-gallery-item\"><figure><img width=\"640\" height=\"426\" src=\"https:\/\/dia.edu.az\/wp-content\/uploads\/2021\/03\/3-64.jpg\" alt=\"\" data-id=\"12916\" data-full-url=\"https:\/\/dia.edu.az\/wp-content\/uploads\/2021\/03\/3-64.jpg\" data-link=\"https:\/\/dia.edu.az\/?attachment_id=12916\" class=\"wp-image-12916\" srcset=\"https:\/\/legacy.dia.edu.az\/wp-content\/uploads\/2021\/03\/3-64.jpg 640w, https:\/\/legacy.dia.edu.az\/wp-content\/uploads\/2021\/03\/3-64-300x200.jpg 300w, https:\/\/legacy.dia.edu.az\/wp-content\/uploads\/2021\/03\/3-64-16x12.jpg 16w, https:\/\/legacy.dia.edu.az\/wp-content\/uploads\/2021\/03\/3-64-150x100.jpg 150w, https:\/\/legacy.dia.edu.az\/wp-content\/uploads\/2021\/03\/3-64-300x200@2x.jpg 600w\" sizes=\"(max-width: 640px) 100vw, 640px\" \/><\/figure><\/li><li class=\"blocks-gallery-item\"><figure><img width=\"640\" height=\"426\" src=\"https:\/\/dia.edu.az\/wp-content\/uploads\/2021\/03\/4-57.jpg\" alt=\"\" data-id=\"12917\" data-full-url=\"https:\/\/dia.edu.az\/wp-content\/uploads\/2021\/03\/4-57.jpg\" data-link=\"https:\/\/dia.edu.az\/?attachment_id=12917\" class=\"wp-image-12917\" srcset=\"https:\/\/legacy.dia.edu.az\/wp-content\/uploads\/2021\/03\/4-57.jpg 640w, https:\/\/legacy.dia.edu.az\/wp-content\/uploads\/2021\/03\/4-57-300x200.jpg 300w, https:\/\/legacy.dia.edu.az\/wp-content\/uploads\/2021\/03\/4-57-16x12.jpg 16w, https:\/\/legacy.dia.edu.az\/wp-content\/uploads\/2021\/03\/4-57-150x100.jpg 150w, https:\/\/legacy.dia.edu.az\/wp-content\/uploads\/2021\/03\/4-57-300x200@2x.jpg 600w\" sizes=\"(max-width: 640px) 100vw, 640px\" \/><\/figure><\/li><\/ul><\/figure>","protected":false},"excerpt":{"rendered":"<p>Anadolu Universitetind\u0259 g\u00f6r\u00fc\u015fMay 27 , 2015 &#8211; 04:25 Az\u0259rbaycan Respublikas\u0131n\u0131n Prezidenti yan\u0131nda D\u00f6vl\u0259t \u0130dar\u0259\u00e7ilik Akademiyas\u0131n\u0131n rektoru akademik Urxan \u018fl\u0259kb\u0259rov, Elmi-t\u0259\u015fkilat \u015f\u00f6b\u0259sinin m\u00fcdiri R\u0259c\u0259b R\u0259himli Anadolu Universitetind\u0259 \u00dcmummilli Lider Heyd\u0259r \u018fliyevin anadan olmas\u0131n\u0131n 92-ci il d\u00f6n\u00fcm\u00fcn\u00fcn an\u0131m m\u0259rasimind\u0259 i\u015ftirak edibl\u0259r. Anadolu Universitetinin \u201cHeyd\u0259r \u018fliyev &nbsp; Ara\u015fd\u0131rma M\u0259rk\u0259zi\u201dnd\u0259 an\u0131m m\u0259rasimi ke\u00e7irilib. Anadolu Universitetinin rektoru prof. Naci G\u00fcndo\u011fan [&hellip;]<\/p>","protected":false},"author":2,"featured_media":12916,"comment_status":"closed","ping_status":"closed","sticky":false,"template":"","format":"standard","meta":[],"categories":[137],"tags":[],"_links":{"self":[{"href":"https:\/\/legacy.dia.edu.az\/en\/wp-json\/wp\/v2\/posts\/12915"}],"collection":[{"href":"https:\/\/legacy.dia.edu.az\/en\/wp-json\/wp\/v2\/posts"}],"about":[{"href":"https:\/\/legacy.dia.edu.az\/en\/wp-json\/wp\/v2\/types\/post"}],"author":[{"embeddable":true,"href":"https:\/\/legacy.dia.edu.az\/en\/wp-json\/wp\/v2\/users\/2"}],"replies":[{"embeddable":true,"href":"https:\/\/legacy.dia.edu.az\/en\/wp-json\/wp\/v2\/comments?post=12915"}],"version-history":[{"count":0,"href":"https:\/\/legacy.dia.edu.az\/en\/wp-json\/wp\/v2\/posts\/12915\/revisions"}],"wp:featuredmedia":[{"embeddable":true,"href":"https:\/\/legacy.dia.edu.az\/en\/wp-json\/wp\/v2\/media\/12916"}],"wp:attachment":[{"href":"https:\/\/legacy.dia.edu.az\/en\/wp-json\/wp\/v2\/media?parent=12915"}],"wp:term":[{"taxonomy":"category","embeddable":true,"href":"https:\/\/legacy.dia.edu.az\/en\/wp-json\/wp\/v2\/categories?post=12915"},{"taxonomy":"post_tag","embeddable":true,"href":"https:\/\/legacy.dia.edu.az\/en\/wp-json\/wp\/v2\/tags?post=12915"}],"curies":[{"name":"wp","href":"https:\/\/api.w.org\/{rel}","templated":true}]}}