{"id":12911,"date":"2015-05-29T11:13:00","date_gmt":"2015-05-29T08:13:00","guid":{"rendered":"https:\/\/dia.edu.az\/?p=12911"},"modified":"2021-03-17T11:14:18","modified_gmt":"2021-03-17T08:14:18","slug":"dovl%c9%99t-idar%c9%99cilik-akademiyasinda-respublika-gunun%c9%99-h%c9%99sr-olunmus-d%c9%99yirmi-masa","status":"publish","type":"post","link":"https:\/\/legacy.dia.edu.az\/en\/arxivl\u0259r\/12911","title":{"rendered":"D\u00f6vl\u0259t \u0130dar\u0259\u00e7ilik Akademiyas\u0131nda Respublika G\u00fcn\u00fcn\u0259 h\u0259sr olunmu\u015f \u201cd\u0259yirmi masa\u201d"},"content":{"rendered":"<p><strong>D\u00f6vl\u0259t \u0130dar\u0259\u00e7ilik Akademiyas\u0131nda Respublika G\u00fcn\u00fcn\u0259 h\u0259sr olunmu\u015f \u201cd\u0259yirmi masa\u201d<\/strong><br><em>May 29 , 2015 &#8211; 04:31<\/em><\/p>\n\n\n\n<p>May\u0131n 27-d\u0259 Az\u0259rbaycan Respublikas\u0131n\u0131n Prezidenti yan\u0131nda D\u00f6vl\u0259t \u0130dar\u0259\u00e7ilik Akademiyas\u0131 (D\u0130A) v\u0259 Heyd\u0259r \u018fliyev M\u0259rk\u0259zinin birg\u0259 \u0259m\u0259kda\u015fl\u0131\u011f\u0131 il\u0259 f\u0259aliyy\u0259t g\u00f6st\u0259r\u0259n Heyd\u0259r \u018fliyev D\u00f6vl\u0259t \u0130dar\u0259\u00e7iliyi M\u0259kt\u0259bind\u0259 28 May &#8211; Respublika G\u00fcn\u00fcn\u0259 h\u0259sr olunmu\u015f \u201cd\u0259yirmi masa\u201d ke\u00e7irilib.<\/p>\n\n\n\n<p>\u201cD\u0259yirmi masa\u201dda D\u0130A-n\u0131n rektoru, akademik Urxan \u018fl\u0259kb\u0259rov 1918-ci ild\u0259 yarad\u0131lan Az\u0259rbaycan Xalq C\u00fcmhuriyy\u0259tinin (AXC) f\u0259aliyy\u0259tind\u0259n dan\u0131\u015f\u0131b.<\/p>\n\n\n\n<p>Rektor 1991-ci ild\u0259 d\u00f6vl\u0259t m\u00fcst\u0259qilliyimizin b\u0259rpa olundu\u011funu diqq\u0259t\u0259 \u00e7atd\u0131r\u0131b, m\u00fcasir m\u00fcst\u0259qil d\u00f6vl\u0259timizin yaranmas\u0131nda v\u0259 inki\u015faf\u0131nda \u00fcmummilli lider Heyd\u0259r \u018fliyevin m\u00fcst\u0259sna rolunu vur\u011fulay\u0131b, dahi r\u0259hb\u0259rin ideyalar\u0131n\u0131n Prezident \u0130lham \u018fliyev t\u0259r\u0259find\u0259n q\u0259tiyy\u0259tl\u0259 h\u0259yata ke\u00e7irildiyini bildirib.<\/p>\n\n\n\n<p>Heyd\u0259r \u018fliyev irsinin t\u0259dqiqi v\u0259 elmi ara\u015fd\u0131rmalar departamentinin direktoru, filologiya \u00fczr\u0259 f\u0259ls\u0259f\u0259 doktoru M\u0259h\u0259bb\u0259t Mehdiyeva \u201cHeyd\u0259r \u018fliyev d\u00f6vl\u0259t\u00e7ilik irsinin t\u0259dqiqi v\u0259 t\u0259bli\u011find\u0259 Heyd\u0259r \u018fliyev M\u0259rk\u0259zinin rolu\u201d m\u00f6vzusunda m\u0259ruz\u0259 il\u0259 \u00e7\u0131x\u0131\u015f edib.<\/p>\n\n\n\n<p>Dahi r\u0259hb\u0259r Heyd\u0259r \u018fliyevin z\u0259ngin h\u0259yat v\u0259 f\u0259aliyy\u0259tind\u0259n, m\u00fcst\u0259sna tarixi xidm\u0259tl\u0259rind\u0259n, d\u00f6vl\u0259t\u00e7ilik t\u0259cr\u00fcb\u0259sinin \u0259h\u0259miyy\u0259tind\u0259n dan\u0131\u015fan M.Mehdiyeva \u00dcmummilli Liderin \u015f\u0259xsiyy\u0259tin\u0259 b\u00fct\u00fcn d\u00fcnyada b\u00f6y\u00fck maraq g\u00f6st\u0259rildiyini vur\u011fulay\u0131b. Qeyd edilib ki, ulu \u00f6nd\u0259r Heyd\u0259r \u018fliyev \u015f\u0259xsiyy\u0259tin\u0259 maraq zaman-zaman daha da artacaqd\u0131r.<\/p>\n\n\n\n<p>Heyd\u0259r \u018fliyev d\u00f6vl\u0259t\u00e7ilik irsinin t\u0259dqiqi v\u0259 t\u0259bli\u011find\u0259 Heyd\u0259r \u018fliyev M\u0259rk\u0259zinin rolundan b\u0259hs ed\u0259n m\u0259ruz\u0259\u00e7i bildirib ki, M\u0259rk\u0259zd\u0259 \u201cHeyd\u0259r \u018fliyev v\u0259 Az\u0259rbaycan tarixi\u201d, \u201cHeyd\u0259r \u018fliyev v\u0259 Az\u0259rbaycan d\u00f6vl\u0259t\u00e7ilik tarixi\u201d, \u201cAz\u0259rbaycan tarixind\u0259 Heyd\u0259r \u018fliyev \u015f\u0259xsiyy\u0259ti\u201d v\u0259 dig\u0259r m\u00f6vzularda ke\u00e7iril\u0259n respublika bilik yar\u0131\u015fmalar\u0131, m\u00fcsabiq\u0259l\u0259r b\u00f6y\u00fck maraq do\u011furub.<\/p>\n\n\n\n<p>M.Mehdiyeva Az\u0259rbaycan\u0131n regionlar\u0131nda Heyd\u0259r \u018fliyev m\u0259rk\u0259zl\u0259rinin yarad\u0131lmas\u0131nda M\u0259rk\u0259zin rolunu diqq\u0259t\u0259 \u00e7atd\u0131r\u0131b. Qeyd olunub ki, M\u0259rk\u0259zin k\u00f6m\u0259kliyi il\u0259 Qax, \u015e\u0259mkir, Sabirabad, G\u0259nc\u0259, Salyan, Bil\u0259suvar, A\u011fda\u015f, Neft\u00e7ala, \u015e\u0259ki, O\u011fuz, Goranboy \u015f\u0259h\u0259rl\u0259rind\u0259, Bak\u0131dak\u0131 23 n\u00f6mr\u0259li tam orta m\u0259kt\u0259bd\u0259, Az\u0259rbaycan Respublikas\u0131n\u0131n Prezidenti yan\u0131nda D\u00f6vl\u0259t \u0130dar\u0259\u00e7ilik Akademiyas\u0131nda, Sumqay\u0131t D\u00f6vl\u0259t Universitetind\u0259 v\u0259 dig\u0259r qurumlarda Heyd\u0259r \u018fliyev Muzeyi v\u0259 m\u0259kt\u0259bl\u0259ri yarad\u0131l\u0131b.<\/p>\n\n\n\n<p>Heyd\u0259r \u018fliyev siyasi irsinin \u0259h\u0259miyy\u0259tind\u0259n dan\u0131\u015fan M.Mehdiyeva bu z\u0259ngin irsin daha da d\u0259rind\u0259n ara\u015fd\u0131r\u0131lmas\u0131n\u0131n v\u0259 \u00f6yr\u0259nilm\u0259sinin vacibliyini vur\u011fulay\u0131b.<\/p>\n\n\n\n<p>D\u0130A-n\u0131n \u0259m\u0259kda\u015flar\u0131 Firdovsiyy\u0259 \u018fhm\u0259dovan\u0131n \u201cAz\u0259rbaycan Xalq C\u00fcmhuriyy\u0259ti \u015e\u0259rqd\u0259 ilkin modern d\u00f6vl\u0259t\u00e7ilik n\u00fcmun\u0259sidir\u201d, \u00c7ingiz \u0130smay\u0131lovun \u201cAz\u0259rbaycan Respublikas\u0131n\u0131n sosial-iqtisadi u\u011furlar\u0131\u201d m\u00f6vzular\u0131nda m\u0259ruz\u0259l\u0259ri dinl\u0259nilib.<\/p>\n\n\n\n<p>M\u0259ruz\u0259\u00e7il\u0259r AXC-nin tarixi bar\u0259d\u0259 m\u0259lumat ver\u0259r\u0259k bildiribl\u0259r ki, c\u0259mi 23 ay ya\u015famas\u0131na baxmayaraq, c\u00fcmhuriyy\u0259t d\u00f6vr\u00fcnd\u0259 \u00e7ox \u00f6n\u0259mli i\u015fl\u0259r g\u00f6r\u00fcl\u00fcb.<\/p>\n\n\n\n<p>Heyd\u0259r \u018fliyev siyas\u0259tinin Prezident \u0130lham \u018fliyev t\u0259r\u0259find\u0259n u\u011furla davam etdirildiyini vur\u011fulayan natiql\u0259r m\u00fcst\u0259qil \u00f6lk\u0259mizd\u0259 qazan\u0131lan nailiyy\u0259tl\u0259rd\u0259n dan\u0131\u015f\u0131blar.<\/p>\n\n\n\n<p><\/p>\n\n\n\n<figure class=\"wp-container-2 wp-block-gallery-1 wp-block-gallery columns-2 is-cropped\"><ul class=\"blocks-gallery-grid\"><li class=\"blocks-gallery-item\"><figure><img width=\"640\" height=\"427\" src=\"https:\/\/dia.edu.az\/wp-content\/uploads\/2021\/03\/1-73.jpg\" alt=\"\" data-id=\"12912\" data-full-url=\"https:\/\/dia.edu.az\/wp-content\/uploads\/2021\/03\/1-73.jpg\" data-link=\"https:\/\/dia.edu.az\/?attachment_id=12912\" class=\"wp-image-12912\" srcset=\"https:\/\/legacy.dia.edu.az\/wp-content\/uploads\/2021\/03\/1-73.jpg 640w, https:\/\/legacy.dia.edu.az\/wp-content\/uploads\/2021\/03\/1-73-300x200.jpg 300w, https:\/\/legacy.dia.edu.az\/wp-content\/uploads\/2021\/03\/1-73-16x12.jpg 16w, https:\/\/legacy.dia.edu.az\/wp-content\/uploads\/2021\/03\/1-73-150x100.jpg 150w, https:\/\/legacy.dia.edu.az\/wp-content\/uploads\/2021\/03\/1-73-300x200@2x.jpg 600w\" sizes=\"(max-width: 640px) 100vw, 640px\" \/><\/figure><\/li><li class=\"blocks-gallery-item\"><figure><img width=\"640\" height=\"427\" src=\"https:\/\/dia.edu.az\/wp-content\/uploads\/2021\/03\/2-66.jpg\" alt=\"\" data-id=\"12913\" data-full-url=\"https:\/\/dia.edu.az\/wp-content\/uploads\/2021\/03\/2-66.jpg\" data-link=\"https:\/\/dia.edu.az\/?attachment_id=12913\" class=\"wp-image-12913\" srcset=\"https:\/\/legacy.dia.edu.az\/wp-content\/uploads\/2021\/03\/2-66.jpg 640w, https:\/\/legacy.dia.edu.az\/wp-content\/uploads\/2021\/03\/2-66-300x200.jpg 300w, https:\/\/legacy.dia.edu.az\/wp-content\/uploads\/2021\/03\/2-66-16x12.jpg 16w, https:\/\/legacy.dia.edu.az\/wp-content\/uploads\/2021\/03\/2-66-150x100.jpg 150w, https:\/\/legacy.dia.edu.az\/wp-content\/uploads\/2021\/03\/2-66-300x200@2x.jpg 600w\" sizes=\"(max-width: 640px) 100vw, 640px\" \/><\/figure><\/li><\/ul><\/figure>","protected":false},"excerpt":{"rendered":"<p>D\u00f6vl\u0259t \u0130dar\u0259\u00e7ilik Akademiyas\u0131nda Respublika G\u00fcn\u00fcn\u0259 h\u0259sr olunmu\u015f \u201cd\u0259yirmi masa\u201dMay 29 , 2015 &#8211; 04:31 May\u0131n 27-d\u0259 Az\u0259rbaycan Respublikas\u0131n\u0131n Prezidenti yan\u0131nda D\u00f6vl\u0259t \u0130dar\u0259\u00e7ilik Akademiyas\u0131 (D\u0130A) v\u0259 Heyd\u0259r \u018fliyev M\u0259rk\u0259zinin birg\u0259 \u0259m\u0259kda\u015fl\u0131\u011f\u0131 il\u0259 f\u0259aliyy\u0259t g\u00f6st\u0259r\u0259n Heyd\u0259r \u018fliyev D\u00f6vl\u0259t \u0130dar\u0259\u00e7iliyi M\u0259kt\u0259bind\u0259 28 May &#8211; Respublika G\u00fcn\u00fcn\u0259 h\u0259sr olunmu\u015f \u201cd\u0259yirmi masa\u201d ke\u00e7irilib. \u201cD\u0259yirmi masa\u201dda D\u0130A-n\u0131n rektoru, akademik Urxan \u018fl\u0259kb\u0259rov [&hellip;]<\/p>","protected":false},"author":2,"featured_media":12912,"comment_status":"closed","ping_status":"closed","sticky":false,"template":"","format":"standard","meta":[],"categories":[137],"tags":[],"_links":{"self":[{"href":"https:\/\/legacy.dia.edu.az\/en\/wp-json\/wp\/v2\/posts\/12911"}],"collection":[{"href":"https:\/\/legacy.dia.edu.az\/en\/wp-json\/wp\/v2\/posts"}],"about":[{"href":"https:\/\/legacy.dia.edu.az\/en\/wp-json\/wp\/v2\/types\/post"}],"author":[{"embeddable":true,"href":"https:\/\/legacy.dia.edu.az\/en\/wp-json\/wp\/v2\/users\/2"}],"replies":[{"embeddable":true,"href":"https:\/\/legacy.dia.edu.az\/en\/wp-json\/wp\/v2\/comments?post=12911"}],"version-history":[{"count":0,"href":"https:\/\/legacy.dia.edu.az\/en\/wp-json\/wp\/v2\/posts\/12911\/revisions"}],"wp:featuredmedia":[{"embeddable":true,"href":"https:\/\/legacy.dia.edu.az\/en\/wp-json\/wp\/v2\/media\/12912"}],"wp:attachment":[{"href":"https:\/\/legacy.dia.edu.az\/en\/wp-json\/wp\/v2\/media?parent=12911"}],"wp:term":[{"taxonomy":"category","embeddable":true,"href":"https:\/\/legacy.dia.edu.az\/en\/wp-json\/wp\/v2\/categories?post=12911"},{"taxonomy":"post_tag","embeddable":true,"href":"https:\/\/legacy.dia.edu.az\/en\/wp-json\/wp\/v2\/tags?post=12911"}],"curies":[{"name":"wp","href":"https:\/\/api.w.org\/{rel}","templated":true}]}}