{"id":12907,"date":"2015-06-02T11:12:00","date_gmt":"2015-06-02T08:12:00","guid":{"rendered":"https:\/\/dia.edu.az\/?p=12907"},"modified":"2021-03-17T11:12:56","modified_gmt":"2021-03-17T08:12:56","slug":"dovl%c9%99t-idar%c9%99cilik-akademiyasinda-2015-ci-il-m%c9%99zunlarinin-buraxilisi-olub","status":"publish","type":"post","link":"https:\/\/legacy.dia.edu.az\/en\/arxivl\u0259r\/12907","title":{"rendered":"D\u00f6vl\u0259t \u0130dar\u0259\u00e7ilik Akademiyas\u0131nda 2015-ci il m\u0259zunlar\u0131n\u0131n burax\u0131l\u0131\u015f\u0131 olub"},"content":{"rendered":"<p><strong>D\u00f6vl\u0259t \u0130dar\u0259\u00e7ilik Akademiyas\u0131nda 2015-ci il m\u0259zunlar\u0131n\u0131n burax\u0131l\u0131\u015f\u0131 olub<\/strong><br><em>\u0130yn 02 , 2015 &#8211; 07:41<\/em><\/p>\n\n\n\n<p>\u0130yun ay\u0131n\u0131n 2-d\u0259 Az\u0259rbaycan Respublikas\u0131n\u0131n Prezidenti yan\u0131nda D\u00f6vl\u0259t \u0130dar\u0259\u00e7ilik Akademiyas\u0131n\u0131n 2015-ci il m\u0259zunlar\u0131n\u0131n burax\u0131l\u0131\u015f\u0131 olub. T\u0259dbiri D\u00f6vl\u0259t \u0130dar\u0259\u00e7ilik Akademiyan\u0131n rektoru, akademik Urxan \u018fl\u0259kb\u0259rov a\u00e7araq t\u0259m\u0259li \u00dcmummilli Lider Heyd\u0259r \u018fliyev t\u0259r\u0259find\u0259n qoyulmu\u015f D\u00f6vl\u0259t \u0130dar\u0259\u00e7ilik Akademiyas\u0131n\u0131n son ill\u0259r h\u0259yata ke\u00e7irdiyi f\u0259aliyy\u0259t bar\u0259d\u0259 m\u0259lumat verib, m\u0259zunlar\u0131 t\u0259brik edib, onlara u\u011furlar arzulay\u0131b. Bildirilib ki, bu il D\u00f6vl\u0259t \u0130dar\u0259\u00e7ilik Akademiyas\u0131ndan 188 bakalavr, 85 magistr pill\u0259sini ba\u015fa vuran g\u0259ncl\u0259r m\u0259zun olub. Bakalavr pill\u0259sind\u0259n m\u0259zun olan g\u0259ncl\u0259rd\u0259n 14 n\u0259f\u0259ri d\u00f6rd il m\u00fcdd\u0259tind\u0259 Prezident t\u0259qa\u00fcd\u00fcn\u00fc alan g\u0259ncl\u0259rdir. Vur\u011fulan\u0131b ki, bu g\u00fcn D\u00f6vl\u0259t \u0130dar\u0259\u00e7ilik Akademiyas\u0131 \u00f6z\u00fcn\u00fcn n\u00fcfuzunu art\u0131rmaqdad\u0131r v\u0259 bu i\u015fin h\u0259yata ke\u00e7m\u0259sind\u0259 m\u0259zunlar\u0131n x\u00fcsusi rolu var.<\/p>\n\n\n\n<p>Rektor, m\u00fcst\u0259qil d\u00f6vl\u0259timizin memar\u0131 v\u0259 qurucusu olan Ulu \u00d6nd\u0259r Heyd\u0259r \u018fliyevin t\u0259hsilin inki\u015faf\u0131 sah\u0259sind\u0259 g\u00f6rd\u00fcy\u00fc i\u015fl\u0259rd\u0259n dan\u0131\u015faraq, onun d\u00f6vl\u0259t\u00e7ilik salnam\u0259miz\u0259 yazd\u0131\u011f\u0131 s\u0259hif\u0259l\u0259ri bir daha xat\u0131rlam\u0131\u015f, Ulu \u00d6nd\u0259rin d\u00f6vl\u0259t idar\u0259\u00e7ilik irsinin \u00f6yr\u0259nilm\u0259si istiqam\u0259tind\u0259 \u00f6lk\u0259mizd\u0259 g\u00f6r\u00fcl\u0259n i\u015fl\u0259rd\u0259n, bu irsin t\u0259l\u0259b\u0259 v\u0259 magistrlara \u00f6yr\u0259dilm\u0259si istiqam\u0259tind\u0259 D\u00f6vl\u0259t idar\u0259\u00e7ilik Akademiyas\u0131n\u0131n f\u0259aliyy\u0259tind\u0259n s\u00f6z a\u00e7m\u0131\u015fd\u0131r. \u00dcmummilli Liderin siyas\u0259tinin bu g\u00fcn Prezident \u0130lham \u018fliyev t\u0259r\u0259find\u0259n u\u011furla davam etdirildiyini bildir\u0259n rektor d\u00f6vl\u0259t ba\u015f\u00e7\u0131s\u0131n\u0131n t\u0259hsill\u0259 ba\u011fl\u0131 imzalad\u0131\u011f\u0131 bir \u00e7ox s\u0259n\u0259din \u0259h\u0259miyy\u0259tini diqq\u0259t\u0259 \u00e7atd\u0131rm\u0131\u015fd\u0131r. \u00d6lk\u0259mizd\u0259 g\u0259ncl\u0259r\u0259 g\u00f6st\u0259ril\u0259n d\u00f6vl\u0259t qay\u011f\u0131s\u0131ndan, t\u0259hsil sah\u0259sind\u0259 qazan\u0131lan u\u011furlardan b\u0259hs ed\u0259r\u0259k, \u00fcmid etdiyini bildirmi\u015fdir ki, D\u0130A-n\u0131n \u0259n\u0259n\u0259l\u0259rin\u0259 sadiq qalan m\u0259zunlar\u0131 \u00f6z bilik v\u0259 bacar\u0131qlar\u0131 il\u0259 idar\u0259\u00e7ilik sah\u0259sin\u0259 \u00f6z t\u00f6hf\u0259l\u0259rini ver\u0259c\u0259k, u\u011furlar\u0131 il\u0259 bizi daim sevindir\u0259c\u0259kl\u0259r.<\/p>\n\n\n\n<p>T\u0259dbird\u0259 Mill\u0259t v\u0259kill\u0259ri, professor Musa Qas\u0131ml\u0131, professor Had\u0131 R\u0259c\u0259bli, Tarix kafedras\u0131n\u0131n m\u00fcdiri, dosent Firdovsiy\u0259 \u018fhm\u0259dova, Siyasi \u0130dar\u0259etm\u0259 fak\u00fclt\u0259sinin dekan\u0131, dosent Zaur Ba\u011f\u0131rov, \u0130nzibati idar\u0259etm\u0259 fak\u00fclt\u0259sinin dekan\u0131 dosent Oqtay \u018fliyev v\u0259 ba\u015fqalar\u0131 \u00e7\u0131x\u0131\u015f ed\u0259r\u0259k m\u0259zunlara g\u0259l\u0259c\u0259k f\u0259aliyy\u0259tl\u0259rind\u0259 u\u011furlar arzulay\u0131b, D\u0130A-n\u0131n bu g\u00fcn m\u00fcst\u0259qil Az\u0259rbaycanda d\u00f6vl\u0259t quruculu\u011funun m\u00f6hk\u0259ml\u0259ndirilm\u0259si, milli d\u00f6vl\u0259t\u00e7ilik ideologiyas\u0131n\u0131n t\u0259bli\u011fi sah\u0259sind\u0259 u\u011furlu f\u0259aliyy\u0259t g\u00f6st\u0259r\u0259n ali t\u0259hsil m\u00fc\u0259ssis\u0259l\u0259ri s\u0131ras\u0131nda m\u00fch\u00fcm yerl\u0259rd\u0259n birini tutdu\u011funu vur\u011fulam\u0131\u015flar. Magistratura pill\u0259si \u00fczr\u0259 m\u0259zun \u00dclk\u0259r Vahidli, Siyasi-idar\u0259etm\u0259 fak\u00fclt\u0259si \u00fczr\u0259 m\u0259zun T\u0259briz Raufo\u011flu, valideynl\u0259r ad\u0131ndan \u00e7\u0131x\u0131\u015f ed\u0259n Etibar \u0130sg\u0259nd\u0259rov m\u00fck\u0259mm\u0259l t\u0259hsil\u0259 g\u00f6r\u0259 D\u00f6vl\u0259t \u0130dar\u0259\u00e7ilik Akademiyas\u0131nda r\u0259hb\u0259rliyin\u0259, m\u00fc\u0259lliml\u0259r\u0259 t\u0259\u015f\u0259kk\u00fcrl\u0259rini bildirib, d\u00f6vl\u0259t\u0259, xalqa, ulu \u00f6nd\u0259rin ideallar\u0131na daim s\u0259daq\u0259tl\u0259 xidm\u0259t ed\u0259c\u0259kl\u0259rin\u0259 inamlar\u0131n\u0131 ifad\u0259 etmi\u015fl\u0259r.<\/p>\n\n\n\n<p><\/p>\n\n\n\n<figure class=\"wp-container-2 wp-block-gallery-1 wp-block-gallery columns-2 is-cropped\"><ul class=\"blocks-gallery-grid\"><li class=\"blocks-gallery-item\"><figure><img width=\"640\" height=\"457\" src=\"https:\/\/dia.edu.az\/wp-content\/uploads\/2021\/03\/MEZUN2.jpg\" alt=\"\" data-id=\"12909\" data-full-url=\"https:\/\/dia.edu.az\/wp-content\/uploads\/2021\/03\/MEZUN2.jpg\" data-link=\"https:\/\/dia.edu.az\/?attachment_id=12909\" class=\"wp-image-12909\" srcset=\"https:\/\/legacy.dia.edu.az\/wp-content\/uploads\/2021\/03\/MEZUN2.jpg 640w, https:\/\/legacy.dia.edu.az\/wp-content\/uploads\/2021\/03\/MEZUN2-300x214.jpg 300w, https:\/\/legacy.dia.edu.az\/wp-content\/uploads\/2021\/03\/MEZUN2-16x12.jpg 16w, https:\/\/legacy.dia.edu.az\/wp-content\/uploads\/2021\/03\/MEZUN2-300x214@2x.jpg 600w\" sizes=\"(max-width: 640px) 100vw, 640px\" \/><\/figure><\/li><li class=\"blocks-gallery-item\"><figure><img width=\"640\" height=\"424\" src=\"https:\/\/dia.edu.az\/wp-content\/uploads\/2021\/03\/MEZUN.jpg\" alt=\"\" data-id=\"12908\" data-full-url=\"https:\/\/dia.edu.az\/wp-content\/uploads\/2021\/03\/MEZUN.jpg\" data-link=\"https:\/\/dia.edu.az\/?attachment_id=12908\" class=\"wp-image-12908\" srcset=\"https:\/\/legacy.dia.edu.az\/wp-content\/uploads\/2021\/03\/MEZUN.jpg 640w, https:\/\/legacy.dia.edu.az\/wp-content\/uploads\/2021\/03\/MEZUN-300x199.jpg 300w, https:\/\/legacy.dia.edu.az\/wp-content\/uploads\/2021\/03\/MEZUN-16x12.jpg 16w, https:\/\/legacy.dia.edu.az\/wp-content\/uploads\/2021\/03\/MEZUN-150x100.jpg 150w, https:\/\/legacy.dia.edu.az\/wp-content\/uploads\/2021\/03\/MEZUN-300x199@2x.jpg 600w\" sizes=\"(max-width: 640px) 100vw, 640px\" \/><\/figure><\/li><\/ul><\/figure>","protected":false},"excerpt":{"rendered":"<p>D\u00f6vl\u0259t \u0130dar\u0259\u00e7ilik Akademiyas\u0131nda 2015-ci il m\u0259zunlar\u0131n\u0131n burax\u0131l\u0131\u015f\u0131 olub\u0130yn 02 , 2015 &#8211; 07:41 \u0130yun ay\u0131n\u0131n 2-d\u0259 Az\u0259rbaycan Respublikas\u0131n\u0131n Prezidenti yan\u0131nda D\u00f6vl\u0259t \u0130dar\u0259\u00e7ilik Akademiyas\u0131n\u0131n 2015-ci il m\u0259zunlar\u0131n\u0131n burax\u0131l\u0131\u015f\u0131 olub. T\u0259dbiri D\u00f6vl\u0259t \u0130dar\u0259\u00e7ilik Akademiyan\u0131n rektoru, akademik Urxan \u018fl\u0259kb\u0259rov a\u00e7araq t\u0259m\u0259li \u00dcmummilli Lider Heyd\u0259r \u018fliyev t\u0259r\u0259find\u0259n qoyulmu\u015f D\u00f6vl\u0259t \u0130dar\u0259\u00e7ilik Akademiyas\u0131n\u0131n son ill\u0259r h\u0259yata ke\u00e7irdiyi f\u0259aliyy\u0259t bar\u0259d\u0259 m\u0259lumat verib, [&hellip;]<\/p>","protected":false},"author":2,"featured_media":12909,"comment_status":"closed","ping_status":"closed","sticky":false,"template":"","format":"standard","meta":[],"categories":[137],"tags":[],"_links":{"self":[{"href":"https:\/\/legacy.dia.edu.az\/en\/wp-json\/wp\/v2\/posts\/12907"}],"collection":[{"href":"https:\/\/legacy.dia.edu.az\/en\/wp-json\/wp\/v2\/posts"}],"about":[{"href":"https:\/\/legacy.dia.edu.az\/en\/wp-json\/wp\/v2\/types\/post"}],"author":[{"embeddable":true,"href":"https:\/\/legacy.dia.edu.az\/en\/wp-json\/wp\/v2\/users\/2"}],"replies":[{"embeddable":true,"href":"https:\/\/legacy.dia.edu.az\/en\/wp-json\/wp\/v2\/comments?post=12907"}],"version-history":[{"count":0,"href":"https:\/\/legacy.dia.edu.az\/en\/wp-json\/wp\/v2\/posts\/12907\/revisions"}],"wp:featuredmedia":[{"embeddable":true,"href":"https:\/\/legacy.dia.edu.az\/en\/wp-json\/wp\/v2\/media\/12909"}],"wp:attachment":[{"href":"https:\/\/legacy.dia.edu.az\/en\/wp-json\/wp\/v2\/media?parent=12907"}],"wp:term":[{"taxonomy":"category","embeddable":true,"href":"https:\/\/legacy.dia.edu.az\/en\/wp-json\/wp\/v2\/categories?post=12907"},{"taxonomy":"post_tag","embeddable":true,"href":"https:\/\/legacy.dia.edu.az\/en\/wp-json\/wp\/v2\/tags?post=12907"}],"curies":[{"name":"wp","href":"https:\/\/api.w.org\/{rel}","templated":true}]}}