{"id":12902,"date":"2015-06-08T11:10:00","date_gmt":"2015-06-08T08:10:00","guid":{"rendered":"https:\/\/dia.edu.az\/?p=12902"},"modified":"2021-03-17T11:11:46","modified_gmt":"2021-03-17T08:11:46","slug":"g%c9%99nc%c9%99d%c9%99-innovativ-inkisafin-yeni-m%c9%99rh%c9%99l%c9%99sind%c9%99-sosial-mu%c9%99ssis%c9%99l%c9%99rin-potensiali-movzusunda-seminar-kecirilib","status":"publish","type":"post","link":"https:\/\/legacy.dia.edu.az\/en\/arxivl\u0259r\/12902","title":{"rendered":"G\u0259nc\u0259d\u0259 innovativ inki\u015faf\u0131n yeni m\u0259rh\u0259l\u0259sind\u0259 sosial m\u00fc\u0259ssis\u0259l\u0259rin potensial\u0131 m\u00f6vzusunda seminar ke\u00e7irilib"},"content":{"rendered":"<p><strong>G\u0259nc\u0259d\u0259 innovativ inki\u015faf\u0131n yeni m\u0259rh\u0259l\u0259sind\u0259 sosial m\u00fc\u0259ssis\u0259l\u0259rin potensial\u0131 m\u00f6vzusunda seminar ke\u00e7irilib<\/strong><br><em>\u0130yn 08 , 2015 &#8211; 09:47<\/em><\/p>\n\n\n\n<p>Az\u0259rbaycan Respublikas\u0131n\u0131n Prezidenti yan\u0131nda D\u00f6vl\u0259t \u0130dar\u0259\u00e7ilik Akademiyas\u0131 G\u0259nc\u0259 \u015e\u0259h\u0259r \u0130cra Hakimiyy\u0259ti il\u0259 birg\u0259 \u201cAz\u0259rbaycan Respublikas\u0131n\u0131n innovativ inki\u015faf\u0131n\u0131n yeni m\u0259rh\u0259l\u0259sind\u0259 sosial m\u00fc\u0259ssis\u0259l\u0259rin potensial\u0131\u201d m\u00f6vzusunda seminar ke\u00e7irib.<\/p>\n\n\n\n<p>Heyd\u0259r \u018fliyev M\u0259rk\u0259zind\u0259 ke\u00e7iril\u0259n seminardan \u0259vv\u0259l i\u015ftirak\u00e7\u0131lar Ulu \u00d6nd\u0259rin abid\u0259sini ziyar\u0259t edibl\u0259r. Sonra m\u0259rk\u0259zl\u0259 tan\u0131\u015fl\u0131q olub.<\/p>\n\n\n\n<p>G\u0259nc\u0259 \u015e\u0259h\u0259r \u0130cra Hakimiyy\u0259tinin ba\u015f\u00e7\u0131s\u0131 Elmar V\u0259liyev seminar\u0131 a\u00e7araq Az\u0259rbaycanda apar\u0131lan iqtisadi islahatlardan, bu islahatlar n\u0259tic\u0259sind\u0259 qazan\u0131lan u\u011furlardan dan\u0131\u015f\u0131b.<\/p>\n\n\n\n<p>Seminarda Az\u0259rbaycan Respublikas\u0131n\u0131n Prezidenti yan\u0131nda D\u00f6vl\u0259t \u0130dar\u0259\u00e7ilik Akademiyas\u0131n\u0131n rektoru, akademik Urxan \u018fl\u0259kb\u0259rovun \u201cAz\u0259rbaycan Respublikas\u0131n\u0131n iqtisadi v\u0259 sosial inki\u015faf\u0131 beyn\u0259lxalq t\u0259\u015fkilatlar\u0131n s\u0259n\u0259dl\u0259rind\u0259\u201d, Az\u0259rbaycan Milli Elml\u0259r Akademiyas\u0131n\u0131n G\u0259nc\u0259 b\u00f6lm\u0259sinin akademik katibi, akademik Fuad \u018fliyevin \u201cG\u0259nc\u0259 regionunda sosial sahibkarl\u0131\u011f\u0131n potensial\u0131\u201d, D\u00f6vl\u0259t \u0130dar\u0259\u00e7ilik Akademiyas\u0131n\u0131n elmi-t\u0259\u015fkilat \u015f\u00f6b\u0259sinin m\u00fcdiri, siyasi elml\u0259r \u00fczr\u0259 f\u0259ls\u0259f\u0259 doktoru R\u0259c\u0259b R\u0259himlinin \u201cAz\u0259rbaycan\u0131n innovativ inki\u015faf\u0131nda kadr potensial\u0131n\u0131n t\u0259kmill\u0259\u015fdirilm\u0259si\u201d, D\u00f6vl\u0259t \u0130dar\u0259\u00e7ilik Akademiyas\u0131n\u0131n analiik-t\u0259hlil i\u015fl\u0259ri \u00fczr\u0259 m\u00fc\u015faviri, filologiya \u00fczr\u0259 f\u0259ls\u0259f\u0259 doktoru Ziyaf\u0259t H\u0259bibovan\u0131n \u201cAz\u0259rbaycanda innovativ inki\u015faf\u0131n sabit v\u0259 davaml\u0131 faktoru kimi ictimai birlikl\u0259rin insan potensial\u0131 v\u0259 sosial sahibkarl\u0131q\u201d m\u00f6vzular\u0131nda m\u0259ruz\u0259l\u0259ri dinl\u0259nilib.<\/p>\n\n\n\n<p>Sonda i\u015ftirak\u00e7\u0131lar\u0131 maraqland\u0131ran suallar cavabland\u0131r\u0131l\u0131b.<\/p>\n\n\n\n<p><\/p>\n\n\n\n<figure class=\"wp-container-2 wp-block-gallery-1 wp-block-gallery columns-3 is-cropped\"><ul class=\"blocks-gallery-grid\"><li class=\"blocks-gallery-item\"><figure><img width=\"640\" height=\"427\" src=\"https:\/\/dia.edu.az\/wp-content\/uploads\/2021\/03\/cence.jpg\" alt=\"\" data-id=\"12903\" data-full-url=\"https:\/\/dia.edu.az\/wp-content\/uploads\/2021\/03\/cence.jpg\" data-link=\"https:\/\/dia.edu.az\/?attachment_id=12903\" class=\"wp-image-12903\" srcset=\"https:\/\/legacy.dia.edu.az\/wp-content\/uploads\/2021\/03\/cence.jpg 640w, https:\/\/legacy.dia.edu.az\/wp-content\/uploads\/2021\/03\/cence-300x200.jpg 300w, https:\/\/legacy.dia.edu.az\/wp-content\/uploads\/2021\/03\/cence-16x12.jpg 16w, https:\/\/legacy.dia.edu.az\/wp-content\/uploads\/2021\/03\/cence-150x100.jpg 150w, https:\/\/legacy.dia.edu.az\/wp-content\/uploads\/2021\/03\/cence-300x200@2x.jpg 600w\" sizes=\"(max-width: 640px) 100vw, 640px\" \/><\/figure><\/li><li class=\"blocks-gallery-item\"><figure><img width=\"640\" height=\"427\" src=\"https:\/\/dia.edu.az\/wp-content\/uploads\/2021\/03\/cence1.jpg\" alt=\"\" data-id=\"12904\" data-full-url=\"https:\/\/dia.edu.az\/wp-content\/uploads\/2021\/03\/cence1.jpg\" data-link=\"https:\/\/dia.edu.az\/?attachment_id=12904\" class=\"wp-image-12904\" srcset=\"https:\/\/legacy.dia.edu.az\/wp-content\/uploads\/2021\/03\/cence1.jpg 640w, https:\/\/legacy.dia.edu.az\/wp-content\/uploads\/2021\/03\/cence1-300x200.jpg 300w, https:\/\/legacy.dia.edu.az\/wp-content\/uploads\/2021\/03\/cence1-16x12.jpg 16w, https:\/\/legacy.dia.edu.az\/wp-content\/uploads\/2021\/03\/cence1-150x100.jpg 150w, https:\/\/legacy.dia.edu.az\/wp-content\/uploads\/2021\/03\/cence1-300x200@2x.jpg 600w\" sizes=\"(max-width: 640px) 100vw, 640px\" \/><\/figure><\/li><li class=\"blocks-gallery-item\"><figure><img width=\"640\" height=\"427\" src=\"https:\/\/dia.edu.az\/wp-content\/uploads\/2021\/03\/cenge11.jpg\" alt=\"\" data-id=\"12905\" data-full-url=\"https:\/\/dia.edu.az\/wp-content\/uploads\/2021\/03\/cenge11.jpg\" data-link=\"https:\/\/dia.edu.az\/?attachment_id=12905\" class=\"wp-image-12905\" srcset=\"https:\/\/legacy.dia.edu.az\/wp-content\/uploads\/2021\/03\/cenge11.jpg 640w, https:\/\/legacy.dia.edu.az\/wp-content\/uploads\/2021\/03\/cenge11-300x200.jpg 300w, https:\/\/legacy.dia.edu.az\/wp-content\/uploads\/2021\/03\/cenge11-16x12.jpg 16w, https:\/\/legacy.dia.edu.az\/wp-content\/uploads\/2021\/03\/cenge11-150x100.jpg 150w, https:\/\/legacy.dia.edu.az\/wp-content\/uploads\/2021\/03\/cenge11-300x200@2x.jpg 600w\" sizes=\"(max-width: 640px) 100vw, 640px\" \/><\/figure><\/li><\/ul><\/figure>","protected":false},"excerpt":{"rendered":"<p>G\u0259nc\u0259d\u0259 innovativ inki\u015faf\u0131n yeni m\u0259rh\u0259l\u0259sind\u0259 sosial m\u00fc\u0259ssis\u0259l\u0259rin potensial\u0131 m\u00f6vzusunda seminar ke\u00e7irilib\u0130yn 08 , 2015 &#8211; 09:47 Az\u0259rbaycan Respublikas\u0131n\u0131n Prezidenti yan\u0131nda D\u00f6vl\u0259t \u0130dar\u0259\u00e7ilik Akademiyas\u0131 G\u0259nc\u0259 \u015e\u0259h\u0259r \u0130cra Hakimiyy\u0259ti il\u0259 birg\u0259 \u201cAz\u0259rbaycan Respublikas\u0131n\u0131n innovativ inki\u015faf\u0131n\u0131n yeni m\u0259rh\u0259l\u0259sind\u0259 sosial m\u00fc\u0259ssis\u0259l\u0259rin potensial\u0131\u201d m\u00f6vzusunda seminar ke\u00e7irib. Heyd\u0259r \u018fliyev M\u0259rk\u0259zind\u0259 ke\u00e7iril\u0259n seminardan \u0259vv\u0259l i\u015ftirak\u00e7\u0131lar Ulu \u00d6nd\u0259rin abid\u0259sini ziyar\u0259t edibl\u0259r. Sonra m\u0259rk\u0259zl\u0259 [&hellip;]<\/p>","protected":false},"author":2,"featured_media":12905,"comment_status":"closed","ping_status":"closed","sticky":false,"template":"","format":"standard","meta":[],"categories":[137],"tags":[],"_links":{"self":[{"href":"https:\/\/legacy.dia.edu.az\/en\/wp-json\/wp\/v2\/posts\/12902"}],"collection":[{"href":"https:\/\/legacy.dia.edu.az\/en\/wp-json\/wp\/v2\/posts"}],"about":[{"href":"https:\/\/legacy.dia.edu.az\/en\/wp-json\/wp\/v2\/types\/post"}],"author":[{"embeddable":true,"href":"https:\/\/legacy.dia.edu.az\/en\/wp-json\/wp\/v2\/users\/2"}],"replies":[{"embeddable":true,"href":"https:\/\/legacy.dia.edu.az\/en\/wp-json\/wp\/v2\/comments?post=12902"}],"version-history":[{"count":0,"href":"https:\/\/legacy.dia.edu.az\/en\/wp-json\/wp\/v2\/posts\/12902\/revisions"}],"wp:featuredmedia":[{"embeddable":true,"href":"https:\/\/legacy.dia.edu.az\/en\/wp-json\/wp\/v2\/media\/12905"}],"wp:attachment":[{"href":"https:\/\/legacy.dia.edu.az\/en\/wp-json\/wp\/v2\/media?parent=12902"}],"wp:term":[{"taxonomy":"category","embeddable":true,"href":"https:\/\/legacy.dia.edu.az\/en\/wp-json\/wp\/v2\/categories?post=12902"},{"taxonomy":"post_tag","embeddable":true,"href":"https:\/\/legacy.dia.edu.az\/en\/wp-json\/wp\/v2\/tags?post=12902"}],"curies":[{"name":"wp","href":"https:\/\/api.w.org\/{rel}","templated":true}]}}