{"id":12899,"date":"2015-06-10T11:09:00","date_gmt":"2015-06-10T08:09:00","guid":{"rendered":"https:\/\/dia.edu.az\/?p=12899"},"modified":"2021-03-17T11:10:22","modified_gmt":"2021-03-17T08:10:22","slug":"dovl%c9%99t-idar%c9%99cilik-akademiyasinda-milli-qurtulus-gunun%c9%99-h%c9%99sr-olunmus-t%c9%99dbir-kecirilib","status":"publish","type":"post","link":"https:\/\/legacy.dia.edu.az\/en\/arxivl\u0259r\/12899","title":{"rendered":"D\u00f6vl\u0259t \u0130dar\u0259\u00e7ilik Akademiyas\u0131nda Milli Qurtulu\u015f G\u00fcn\u00fcn\u0259 h\u0259sr olunmu\u015f t\u0259dbir ke\u00e7irilib"},"content":{"rendered":"<p><strong>D\u00f6vl\u0259t \u0130dar\u0259\u00e7ilik Akademiyas\u0131nda Milli Qurtulu\u015f G\u00fcn\u00fcn\u0259 h\u0259sr olunmu\u015f t\u0259dbir ke\u00e7irilib<\/strong><br><em>\u0130yn 10 , 2015 &#8211; 05:06<\/em><\/p>\n\n\n\n<p>Az\u0259rbaycan Respublikas\u0131n\u0131n Prezidenti yan\u0131nda D\u00f6vl\u0259t \u0130dar\u0259\u00e7ilik Akademiyas\u0131 (D\u0130A) Heyd\u0259r \u018fliyev D\u00f6vl\u0259t \u0130dar\u0259\u00e7iliyi M\u0259kt\u0259bind\u0259 15 \u0130yun &#8211; Milli Qurtulu\u015f G\u00fcn\u00fcn\u0259 h\u0259sr olunmu\u015f \u201cd\u0259yirmi masa\u201d ke\u00e7irilib.<\/p>\n\n\n\n<p>T\u0259dbir D\u0130A v\u0259 Heyd\u0259r \u018fliyev M\u0259rk\u0259zi t\u0259r\u0259find\u0259n t\u0259\u015fkil olunub.<\/p>\n\n\n\n<p>T\u0259dbird\u0259 D\u0130A-n\u0131n rektoru, akademik Urxan \u018fl\u0259kb\u0259rov m\u00fcasir m\u00fcst\u0259qil d\u00f6vl\u0259timizin qurulmas\u0131nda v\u0259 m\u00f6hk\u0259ml\u0259nm\u0259sind\u0259 dahi r\u0259hb\u0259r, \u00fcmummilli lider Heyd\u0259r \u018fliyevin m\u00fcst\u0259sna tarixi xidm\u0259tl\u0259rind\u0259n dan\u0131\u015f\u0131b.<\/p>\n\n\n\n<p>Rektor Milli Qurtulu\u015f G\u00fcn\u00fcn\u00fcn geni\u015f qeyd olunmas\u0131n\u0131n \u0259h\u0259miyy\u0259tini vur\u011fulay\u0131b.<\/p>\n\n\n\n<p>1988-1992-ci ill\u0259rd\u0259 Az\u0259rbaycan\u0131n par\u00e7alanmaq v\u0259 da\u011f\u0131lmaq t\u0259hl\u00fck\u0259si il\u0259 \u00fczl\u0259\u015fdiyini xat\u0131rladan akademik U.\u018fl\u0259kb\u0259rov 1993-c\u00fc ild\u0259 xalq\u0131n t\u0259kidli t\u0259l\u0259bi il\u0259 \u00fcmummilli lider Heyd\u0259r \u018fliyevin ikinci d\u0259f\u0259 hakimiyy\u0259t\u0259 qay\u0131d\u0131\u015f\u0131ndan sonra bu t\u0259hl\u00fck\u0259nin sovu\u015fdu\u011funu, \u00f6lk\u0259mizin b\u00f6y\u00fck inki\u015faf yoluna \u00e7\u0131xd\u0131\u011f\u0131n\u0131 diqq\u0259t\u0259 \u00e7atd\u0131r\u0131b.<\/p>\n\n\n\n<p>Heyd\u0259r \u018fliyev siyas\u0259tinin u\u011furlu n\u0259tic\u0259l\u0259rind\u0259n b\u0259hs ed\u0259n rektor bu siyas\u0259tin Prezident \u0130lham \u018fliyev t\u0259r\u0259find\u0259n q\u0259tiyy\u0259tl\u0259 davam etdirildiyini bildirib, son ill\u0259rd\u0259 respublikam\u0131zda qazan\u0131lan b\u00f6y\u00fck nailiyy\u0259tl\u0259rd\u0259n s\u00f6z a\u00e7\u0131b. Akademik U.\u018fl\u0259kb\u0259rov \u201cBak\u0131-2015\u201d birinci Avropa Oyunlar\u0131n\u0131n \u00f6lk\u0259mizd\u0259 ke\u00e7irilm\u0259sinin b\u00f6y\u00fck \u0259h\u0259miyy\u0259tini vur\u011fulay\u0131b.<\/p>\n\n\n\n<p>Professor Elman N\u0259sirov ulu \u00f6nd\u0259r Heyd\u0259r \u018fliyev \u015f\u0259xsiyy\u0259tinin b\u00f6y\u00fckl\u00fcy\u00fcnd\u0259n, z\u0259ngin d\u00f6vl\u0259t\u00e7ilik t\u0259cr\u00fcb\u0259sinin \u0259h\u0259miyy\u0259tind\u0259n dan\u0131\u015f\u0131b.<\/p>\n\n\n\n<p>Dahi r\u0259hb\u0259r Heyd\u0259r \u018fliyev siyas\u0259ti n\u0259tic\u0259sind\u0259 Q\u0259rbin iri neft \u015firk\u0259tl\u0259ri il\u0259 u\u011furlu dan\u0131\u015f\u0131qlar apar\u0131laraq 1994-c\u00fc il sentyabr\u0131n 20-d\u0259 b\u00fct\u00fcn d\u00fcnyada \u201c\u018fsrin m\u00fcqavil\u0259si\u201d ad\u0131 il\u0259 tan\u0131nm\u0131\u015f neft kontrakt\u0131n\u0131n imzaland\u0131\u011f\u0131n\u0131 bildir\u0259n E.N\u0259sirov neft m\u00fcqavil\u0259sinin m\u00fcasir m\u00fcst\u0259qil Az\u0259rbaycan\u0131n t\u0259r\u0259qqisind\u0259 m\u00fch\u00fcm rolunu diqq\u0259t\u0259 \u00e7atd\u0131r\u0131b.<\/p>\n\n\n\n<p>Dosent Roza \u018fliyeva v\u0259 ba\u015fqalar\u0131 \u00fcmummilli lider Heyd\u0259r \u018fliyevin misilsiz xilaskarl\u0131q rolundan dan\u0131\u015f\u0131b, Ulu \u00d6nd\u0259rin ideyalar\u0131n\u0131n Prezident \u0130lham \u018fliyev t\u0259r\u0259find\u0259n u\u011furla h\u0259yata ke\u00e7irildiyini qeyd edibl\u0259r.<\/p>\n\n\n\n<p>Bildirilib ki, Az\u0259rbaycan\u0131n bug\u00fcnk\u00fc s\u00fcr\u0259tli inki\u015faf\u0131n\u0131n \u0259saslar\u0131n\u0131 q\u00fcdr\u0259tli \u015f\u0259xsiyy\u0259t Heyd\u0259r \u018fliyev qoyub.<\/p>\n\n\n\n<p>T\u0259dbird\u0259 ulu \u00f6nd\u0259r Heyd\u0259r \u018fliyev\u0259 h\u0259sr olunmu\u015f \u201cMill\u0259t atas\u0131\u201d filmi n\u00fcmayi\u015f etdirilib.<\/p>\n\n\n\n<p><\/p>\n\n\n\n<figure class=\"wp-container-2 wp-block-gallery-1 wp-block-gallery columns-1 is-cropped\"><ul class=\"blocks-gallery-grid\"><li class=\"blocks-gallery-item\"><figure><img width=\"640\" height=\"384\" src=\"https:\/\/dia.edu.az\/wp-content\/uploads\/2021\/03\/00-.jpg\" alt=\"\" data-id=\"12900\" data-full-url=\"https:\/\/dia.edu.az\/wp-content\/uploads\/2021\/03\/00-.jpg\" data-link=\"https:\/\/dia.edu.az\/?attachment_id=12900\" class=\"wp-image-12900\" srcset=\"https:\/\/legacy.dia.edu.az\/wp-content\/uploads\/2021\/03\/00-.jpg 640w, https:\/\/legacy.dia.edu.az\/wp-content\/uploads\/2021\/03\/00--300x180.jpg 300w, https:\/\/legacy.dia.edu.az\/wp-content\/uploads\/2021\/03\/00--16x10.jpg 16w, https:\/\/legacy.dia.edu.az\/wp-content\/uploads\/2021\/03\/00--300x180@2x.jpg 600w\" sizes=\"(max-width: 640px) 100vw, 640px\" \/><\/figure><\/li><\/ul><\/figure>","protected":false},"excerpt":{"rendered":"<p>D\u00f6vl\u0259t \u0130dar\u0259\u00e7ilik Akademiyas\u0131nda Milli Qurtulu\u015f G\u00fcn\u00fcn\u0259 h\u0259sr olunmu\u015f t\u0259dbir ke\u00e7irilib\u0130yn 10 , 2015 &#8211; 05:06 Az\u0259rbaycan Respublikas\u0131n\u0131n Prezidenti yan\u0131nda D\u00f6vl\u0259t \u0130dar\u0259\u00e7ilik Akademiyas\u0131 (D\u0130A) Heyd\u0259r \u018fliyev D\u00f6vl\u0259t \u0130dar\u0259\u00e7iliyi M\u0259kt\u0259bind\u0259 15 \u0130yun &#8211; Milli Qurtulu\u015f G\u00fcn\u00fcn\u0259 h\u0259sr olunmu\u015f \u201cd\u0259yirmi masa\u201d ke\u00e7irilib. T\u0259dbir D\u0130A v\u0259 Heyd\u0259r \u018fliyev M\u0259rk\u0259zi t\u0259r\u0259find\u0259n t\u0259\u015fkil olunub. T\u0259dbird\u0259 D\u0130A-n\u0131n rektoru, akademik Urxan \u018fl\u0259kb\u0259rov m\u00fcasir [&hellip;]<\/p>","protected":false},"author":2,"featured_media":12900,"comment_status":"closed","ping_status":"closed","sticky":false,"template":"","format":"standard","meta":[],"categories":[137],"tags":[],"_links":{"self":[{"href":"https:\/\/legacy.dia.edu.az\/en\/wp-json\/wp\/v2\/posts\/12899"}],"collection":[{"href":"https:\/\/legacy.dia.edu.az\/en\/wp-json\/wp\/v2\/posts"}],"about":[{"href":"https:\/\/legacy.dia.edu.az\/en\/wp-json\/wp\/v2\/types\/post"}],"author":[{"embeddable":true,"href":"https:\/\/legacy.dia.edu.az\/en\/wp-json\/wp\/v2\/users\/2"}],"replies":[{"embeddable":true,"href":"https:\/\/legacy.dia.edu.az\/en\/wp-json\/wp\/v2\/comments?post=12899"}],"version-history":[{"count":0,"href":"https:\/\/legacy.dia.edu.az\/en\/wp-json\/wp\/v2\/posts\/12899\/revisions"}],"wp:featuredmedia":[{"embeddable":true,"href":"https:\/\/legacy.dia.edu.az\/en\/wp-json\/wp\/v2\/media\/12900"}],"wp:attachment":[{"href":"https:\/\/legacy.dia.edu.az\/en\/wp-json\/wp\/v2\/media?parent=12899"}],"wp:term":[{"taxonomy":"category","embeddable":true,"href":"https:\/\/legacy.dia.edu.az\/en\/wp-json\/wp\/v2\/categories?post=12899"},{"taxonomy":"post_tag","embeddable":true,"href":"https:\/\/legacy.dia.edu.az\/en\/wp-json\/wp\/v2\/tags?post=12899"}],"curies":[{"name":"wp","href":"https:\/\/api.w.org\/{rel}","templated":true}]}}