{"id":12890,"date":"2015-06-22T11:00:00","date_gmt":"2015-06-22T08:00:00","guid":{"rendered":"https:\/\/dia.edu.az\/?p=12890"},"modified":"2021-03-17T11:04:00","modified_gmt":"2021-03-17T08:04:00","slug":"dovl%c9%99t-qulluqcularinin-pes%c9%99-bayramina-h%c9%99sr-edil%c9%99n-elmi-praktiki-konfrans-kecirilib","status":"publish","type":"post","link":"https:\/\/legacy.dia.edu.az\/en\/arxivl\u0259r\/12890","title":{"rendered":"D\u00f6vl\u0259t qulluq\u00e7ular\u0131n\u0131n pe\u015f\u0259 bayram\u0131na h\u0259sr edil\u0259n elmi-praktiki konfrans ke\u00e7irilib"},"content":{"rendered":"<p><strong>D\u00f6vl\u0259t qulluq\u00e7ular\u0131n\u0131n pe\u015f\u0259 bayram\u0131na h\u0259sr edil\u0259n elmi-praktiki konfrans ke\u00e7irilib<\/strong><br><em>\u0130yn 22 , 2015 &#8211; 04:02<\/em><\/p>\n\n\n\n<p>\u0130yunun 22-d\u0259 Az\u0259rbaycan Respublikas\u0131n\u0131n Prezidenti yan\u0131nda D\u00f6vl\u0259t \u0130dar\u0259\u00e7ilik Akademiyas\u0131nda (D\u0130A) d\u00f6vl\u0259t qulluq\u00e7ular\u0131n\u0131n pe\u015f\u0259 bayram\u0131na h\u0259sr olunan \u201cD\u00f6vl\u0259t qullu\u011funda meritokratiya, etika v\u0259 innovasiyalar\u201d m\u00f6vzusunda elmi-praktiki konfrans ke\u00e7irilib.<\/p>\n\n\n\n<p>Konfransda \u0259vv\u0259lc\u0259 Az\u0259rbaycan Respublikas\u0131n\u0131n d\u00f6vl\u0259t himni s\u0259sl\u0259ndirilib.<\/p>\n\n\n\n<p>D\u0130A-n\u0131n rektoru, akademik Urxan \u018fl\u0259kb\u0259rov konfrans\u0131 a\u00e7araq d\u00f6vl\u0259t qulluq\u00e7ular\u0131n\u0131 pe\u015f\u0259 bayram\u0131 m\u00fcnasib\u0259til\u0259 t\u0259brik edib. Rektor bildirib ki, Az\u0259rbaycanda \u00e7evik d\u00f6vl\u0259t qullu\u011fu sistemi formala\u015f\u0131b. \u00d6lk\u0259mizd\u0259 d\u00f6vl\u0259t quruculu\u011fu, d\u00f6vl\u0259t idar\u0259etm\u0259 sisteminin formala\u015fmas\u0131 v\u0259 d\u00f6vl\u0259t qullu\u011funun inki\u015faf\u0131 prosesl\u0259rind\u0259 \u00fcmummilli lider Heyd\u0259r \u018fliyevin misilsiz xidm\u0259tl\u0259ri olub. Xalq\u0131m\u0131z\u0131n v\u0259 d\u00f6vl\u0259timizin g\u0259l\u0259c\u0259yini m\u0259hz y\u00fcks\u0259k ixtisasl\u0131, pe\u015f\u0259kar v\u0259 v\u0259t\u0259np\u0259rv\u0259r g\u0259ncl\u0259rin yeti\u015fdirilm\u0259sind\u0259 g\u00f6r\u0259n Ulu \u00d6nd\u0259r onlar\u0131 t\u0259hsil almaq \u00fc\u00e7\u00fcn xarici \u00f6lk\u0259l\u0259rin n\u00fcfuzlu universitetl\u0259rin\u0259 g\u00f6nd\u0259rib. Haz\u0131rda bu uzaqg\u00f6r\u0259n siyas\u0259ti davam etdir\u0259n Prezident \u0130lham \u018fliyev t\u0259r\u0259find\u0259n t\u0259sdiq olunmu\u015f D\u00f6vl\u0259t Proqram\u0131na \u0259sas\u0259n h\u0259r il y\u00fczl\u0259rl\u0259 g\u0259nc inki\u015faf etmi\u015f \u00f6lk\u0259l\u0259rin n\u00fcfuzlu ali t\u0259hsil m\u00fc\u0259ssis\u0259l\u0259rind\u0259 y\u00fcks\u0259k ixtisasl\u0131 kadr kimi formala\u015f\u0131r.<\/p>\n\n\n\n<p>U.\u018fl\u0259kb\u0259rov d\u00f6vl\u0259t qullu\u011fu sah\u0259sind\u0259 apar\u0131lan islahatlar\u0131n u\u011furlu n\u0259tic\u0259l\u0259rind\u0259n, \u201cD\u00f6vl\u0259t qullu\u011fu haqq\u0131nda\u201d Qanunun q\u0259bul edilm\u0259si il\u0259 \u00f6lk\u0259d\u0259 d\u00f6vl\u0259t qullu\u011fu sah\u0259sind\u0259 vahid d\u00f6vl\u0259t siyas\u0259tinin formala\u015fd\u0131r\u0131lmas\u0131n\u0131n \u0259h\u0259miyy\u0259tind\u0259n dan\u0131\u015f\u0131b.<\/p>\n\n\n\n<p>Az\u0259rbaycan Respublikas\u0131n\u0131n Prezidenti yan\u0131nda D\u00f6vl\u0259t Qullu\u011fu M\u0259s\u0259l\u0259l\u0259ri \u00fczr\u0259 Komissiyan\u0131n s\u0259dri B\u0259hram X\u0259lilov d\u00f6vl\u0259t idar\u0259\u00e7iliyi istiqam\u0259tind\u0259 h\u0259yata ke\u00e7iril\u0259n islahatlar n\u0259tic\u0259sind\u0259 \u0259ld\u0259 olunan u\u011furlardan s\u00f6z a\u00e7\u0131b. O vur\u011fulay\u0131b ki, Prezident \u0130lham \u018fliyevin 2005-ci il 19 yanvar tarixli F\u0259rman\u0131 il\u0259 yarad\u0131lan Az\u0259rbaycan Respublikas\u0131n\u0131n Prezidenti yan\u0131nda D\u00f6vl\u0259t Qullu\u011fu M\u0259s\u0259l\u0259l\u0259ri \u00fczr\u0259 Komissiyan\u0131n \u0259sas m\u0259qs\u0259di d\u00f6vl\u0259t qullu\u011fu sah\u0259sind\u0259 q\u0259bul edilmi\u015f normativ h\u00fcquqi aktlar\u0131n t\u0259tbiqini, d\u00f6vl\u0259t qullu\u011fu \u00fc\u00e7\u00fcn kadrlar\u0131n m\u00fcsabiq\u0259 \u0259sas\u0131nda se\u00e7ilm\u0259sini, yerl\u0259\u015fdirilm\u0259sini, d\u00f6vl\u0259t qulluq\u00e7ular\u0131n\u0131n ixtisas haz\u0131rl\u0131\u011f\u0131n\u0131n art\u0131r\u0131lmas\u0131n\u0131, qanunvericilikd\u0259 n\u0259z\u0259rd\u0259 tutulan siyas\u0259tin h\u0259yata ke\u00e7irilm\u0259sini t\u0259min etm\u0259kdir. \u00d6lk\u0259d\u0259 bu istiqam\u0259td\u0259 h\u0259yata ke\u00e7iril\u0259n t\u0259dbirl\u0259r d\u00f6vl\u0259t qulluq\u00e7ular\u0131n\u0131n m\u0259suliyy\u0259tini art\u0131rmaqla yana\u015f\u0131, sivil, demokratik v\u0259 v\u0259t\u0259nda\u015f c\u0259miyy\u0259tinin t\u0259l\u0259bl\u0259rin\u0259 cavab ver\u0259n d\u00f6vl\u0259t idar\u0259\u00e7iliyi sisteminin qurulmas\u0131nda da m\u00fch\u00fcm rol oynay\u0131r.<\/p>\n\n\n\n<p>D\u00f6vl\u0259t Qullu\u011fu G\u00fcn\u00fc il\u0259 ba\u011fl\u0131 t\u0259dbirl\u0259rin 10 ildir ki, davaml\u0131 olaraq ke\u00e7irildiyini xat\u0131rladan B. X\u0259lilov \u00f6lk\u0259mizd\u0259 d\u00f6vl\u0259t qullu\u011fu sisteminin daha da t\u0259kmill\u0259\u015fdirilm\u0259si istiqam\u0259tind\u0259 h\u0259yata ke\u00e7iril\u0259n u\u011furlu islahatlardan, t\u0259tbiq edil\u0259n yenilikl\u0259rd\u0259n s\u00f6hb\u0259t a\u00e7\u0131b.<\/p>\n\n\n\n<p>R\u0259hb\u0259r D\u00f6vl\u0259t \u0130dar\u0259\u00e7iliyi Kadrlar\u0131n\u0131n ixtisas\u0131n\u0131n Art\u0131r\u0131lmas\u0131 \u0130nstitutunun direktoru, professor G\u00fclnar\u0259 Qurbanova bildirib ki, pe\u015f\u0259kar d\u00f6vl\u0259t qulluq\u00e7ular\u0131n\u0131n haz\u0131rlanmas\u0131 v\u0259 onun elmi-metodiki t\u0259minat\u0131 Az\u0259rbaycan Respublikas\u0131n\u0131n d\u00f6vl\u0259t siyas\u0259tinin m\u00fch\u00fcm istiqam\u0259tini t\u0259\u015fkil edir. \u00d6lk\u0259d\u0259 sosial-iqtisadi, sosial-m\u0259d\u0259ni, siyasi \u015f\u0259raitd\u0259 \u0259n m\u00fcr\u0259kk\u0259b v\u0259 ziddiyy\u0259tli m\u0259s\u0259l\u0259l\u0259ri h\u0259ll etm\u0259y\u0259 qadir olan yeni n\u0259sil m\u00fct\u0259x\u0259ssisl\u0259r\u0259 b\u00f6y\u00fck ehtiyac var. D\u00f6vl\u0259t \u0130dar\u0259\u00e7ilik Akademiyas\u0131nda v\u0259 onun t\u0259rkibin\u0259 daxil olan R\u0259hb\u0259r D\u00f6vl\u0259t \u0130dar\u0259\u00e7iliyi Kadrlar\u0131n\u0131n \u0130xtisas\u0131n\u0131n Art\u0131r\u0131lmas\u0131 \u0130nstitutunda d\u00f6vl\u0259t qulluq\u00e7ular\u0131n\u0131n t\u0259hsilinin t\u0259kmill\u0259\u015fdirilm\u0259si u\u011furla h\u0259yata ke\u00e7irilir.<\/p>\n\n\n\n<p><\/p>\n\n\n\n<figure class=\"wp-container-2 wp-block-gallery-1 wp-block-gallery columns-2 is-cropped\"><ul class=\"blocks-gallery-grid\"><li class=\"blocks-gallery-item\"><figure><img width=\"640\" height=\"424\" src=\"https:\/\/dia.edu.az\/wp-content\/uploads\/2021\/03\/DOV.QUL_.jpg\" alt=\"\" data-id=\"12891\" data-full-url=\"https:\/\/dia.edu.az\/wp-content\/uploads\/2021\/03\/DOV.QUL_.jpg\" data-link=\"https:\/\/dia.edu.az\/?attachment_id=12891\" class=\"wp-image-12891\" srcset=\"https:\/\/legacy.dia.edu.az\/wp-content\/uploads\/2021\/03\/DOV.QUL_.jpg 640w, https:\/\/legacy.dia.edu.az\/wp-content\/uploads\/2021\/03\/DOV.QUL_-300x199.jpg 300w, https:\/\/legacy.dia.edu.az\/wp-content\/uploads\/2021\/03\/DOV.QUL_-16x12.jpg 16w, https:\/\/legacy.dia.edu.az\/wp-content\/uploads\/2021\/03\/DOV.QUL_-150x100.jpg 150w, https:\/\/legacy.dia.edu.az\/wp-content\/uploads\/2021\/03\/DOV.QUL_-300x199@2x.jpg 600w\" sizes=\"(max-width: 640px) 100vw, 640px\" \/><\/figure><\/li><li class=\"blocks-gallery-item\"><figure><img width=\"640\" height=\"424\" src=\"https:\/\/dia.edu.az\/wp-content\/uploads\/2021\/03\/dov.qulluqu.jpg\" alt=\"\" data-id=\"12892\" data-full-url=\"https:\/\/dia.edu.az\/wp-content\/uploads\/2021\/03\/dov.qulluqu.jpg\" data-link=\"https:\/\/dia.edu.az\/?attachment_id=12892\" class=\"wp-image-12892\" srcset=\"https:\/\/legacy.dia.edu.az\/wp-content\/uploads\/2021\/03\/dov.qulluqu.jpg 640w, https:\/\/legacy.dia.edu.az\/wp-content\/uploads\/2021\/03\/dov.qulluqu-300x199.jpg 300w, https:\/\/legacy.dia.edu.az\/wp-content\/uploads\/2021\/03\/dov.qulluqu-16x12.jpg 16w, https:\/\/legacy.dia.edu.az\/wp-content\/uploads\/2021\/03\/dov.qulluqu-150x100.jpg 150w, https:\/\/legacy.dia.edu.az\/wp-content\/uploads\/2021\/03\/dov.qulluqu-300x199@2x.jpg 600w\" sizes=\"(max-width: 640px) 100vw, 640px\" \/><\/figure><\/li><\/ul><\/figure>\n\n\n\n<p><\/p>\n\n\n\n<p><\/p>\n\n\n\n<p><\/p>\n\n\n\n<figure class=\"wp-block-embed is-type-video is-provider-youtube wp-block-embed-youtube wp-embed-aspect-4-3 wp-has-aspect-ratio\"><div class=\"wp-block-embed__wrapper\">\n<iframe loading=\"lazy\" title=\"D\u00f6vl\u0259t qulluq\u00e7ular\u0131n\u0131n pe\u015f\u0259 bayram\u0131\" width=\"500\" height=\"375\" src=\"https:\/\/www.youtube.com\/embed\/vcKwfQ1NY4k?feature=oembed\" frameborder=\"0\" allow=\"accelerometer; autoplay; clipboard-write; encrypted-media; gyroscope; picture-in-picture\" allowfullscreen><\/iframe>\n<\/div><\/figure>\n\n\n\n<p><\/p>","protected":false},"excerpt":{"rendered":"<p>D\u00f6vl\u0259t qulluq\u00e7ular\u0131n\u0131n pe\u015f\u0259 bayram\u0131na h\u0259sr edil\u0259n elmi-praktiki konfrans ke\u00e7irilib\u0130yn 22 , 2015 &#8211; 04:02 \u0130yunun 22-d\u0259 Az\u0259rbaycan Respublikas\u0131n\u0131n Prezidenti yan\u0131nda D\u00f6vl\u0259t \u0130dar\u0259\u00e7ilik Akademiyas\u0131nda (D\u0130A) d\u00f6vl\u0259t qulluq\u00e7ular\u0131n\u0131n pe\u015f\u0259 bayram\u0131na h\u0259sr olunan \u201cD\u00f6vl\u0259t qullu\u011funda meritokratiya, etika v\u0259 innovasiyalar\u201d m\u00f6vzusunda elmi-praktiki konfrans ke\u00e7irilib. Konfransda \u0259vv\u0259lc\u0259 Az\u0259rbaycan Respublikas\u0131n\u0131n d\u00f6vl\u0259t himni s\u0259sl\u0259ndirilib. D\u0130A-n\u0131n rektoru, akademik Urxan \u018fl\u0259kb\u0259rov konfrans\u0131 a\u00e7araq d\u00f6vl\u0259t [&hellip;]<\/p>","protected":false},"author":2,"featured_media":12892,"comment_status":"closed","ping_status":"closed","sticky":false,"template":"","format":"standard","meta":[],"categories":[137],"tags":[],"_links":{"self":[{"href":"https:\/\/legacy.dia.edu.az\/en\/wp-json\/wp\/v2\/posts\/12890"}],"collection":[{"href":"https:\/\/legacy.dia.edu.az\/en\/wp-json\/wp\/v2\/posts"}],"about":[{"href":"https:\/\/legacy.dia.edu.az\/en\/wp-json\/wp\/v2\/types\/post"}],"author":[{"embeddable":true,"href":"https:\/\/legacy.dia.edu.az\/en\/wp-json\/wp\/v2\/users\/2"}],"replies":[{"embeddable":true,"href":"https:\/\/legacy.dia.edu.az\/en\/wp-json\/wp\/v2\/comments?post=12890"}],"version-history":[{"count":0,"href":"https:\/\/legacy.dia.edu.az\/en\/wp-json\/wp\/v2\/posts\/12890\/revisions"}],"wp:featuredmedia":[{"embeddable":true,"href":"https:\/\/legacy.dia.edu.az\/en\/wp-json\/wp\/v2\/media\/12892"}],"wp:attachment":[{"href":"https:\/\/legacy.dia.edu.az\/en\/wp-json\/wp\/v2\/media?parent=12890"}],"wp:term":[{"taxonomy":"category","embeddable":true,"href":"https:\/\/legacy.dia.edu.az\/en\/wp-json\/wp\/v2\/categories?post=12890"},{"taxonomy":"post_tag","embeddable":true,"href":"https:\/\/legacy.dia.edu.az\/en\/wp-json\/wp\/v2\/tags?post=12890"}],"curies":[{"name":"wp","href":"https:\/\/api.w.org\/{rel}","templated":true}]}}