{"id":12882,"date":"2015-09-15T10:57:00","date_gmt":"2015-09-15T07:57:00","guid":{"rendered":"https:\/\/dia.edu.az\/?p=12882"},"modified":"2021-03-17T10:58:56","modified_gmt":"2021-03-17T07:58:56","slug":"dovl%c9%99t-idar%c9%99cilik-akademiyasinda-bilik-gunu-qeyd-edilib-2","status":"publish","type":"post","link":"https:\/\/legacy.dia.edu.az\/en\/arxivl\u0259r\/12882","title":{"rendered":"D\u00f6vl\u0259t \u0130dar\u0259\u00e7ilik Akademiyas\u0131nda Bilik G\u00fcn\u00fc qeyd edilib"},"content":{"rendered":"<p><strong>D\u00f6vl\u0259t \u0130dar\u0259\u00e7ilik Akademiyas\u0131nda Bilik G\u00fcn\u00fc qeyd edilib<\/strong><br><em>Sen 15 , 2015 &#8211; 01:01<\/em><\/p>\n\n\n\n<p>15 sentyabr 2015-ci ild\u0259 Az\u0259rbaycan Respublikas\u0131n\u0131n Prezidenti yan\u0131nda D\u00f6vl\u0259t \u0130dar\u0259\u00e7ilik Akademiyas\u0131nda \u00abBilik G\u00fcn\u00fc&nbsp;\u00bb m\u00fcnasib\u0259til\u0259 t\u0259dbir ke\u00e7irilib. T\u0259dbiri d\u00f6vl\u0259t himni s\u0259sl\u0259ndikd\u0259n sonra t\u0259brik nitqi il\u0259 a\u00e7an rektor, akademik Urxan \u018fl\u0259kb\u0259rov t\u0259l\u0259b\u0259 v\u0259 magistr ad\u0131n\u0131 qazananlar\u0131, onlar\u0131n valideynl\u0259rini \u00abBilik G\u00fcn\u00fc\u00bb m\u00fcnasib\u0259til\u0259 t\u0259brik edib. Rektor m\u00fcst\u0259qil d\u00f6vl\u0259timizin qurucusu Ulu \u00d6nd\u0259r Heyd\u0259r \u018fliyevin elm v\u0259 t\u0259hsilin inki\u015faf\u0131na daim b\u00f6y\u00fck \u00f6n\u0259m verdiyini, \u00dcmummilli Liderin siyas\u0259tinin bu g\u00fcn d\u0259 \u00f6lk\u0259 ba\u015f\u00e7\u0131s\u0131 c\u0259nab Prezident \u0130lham \u018fliyev t\u0259r\u0259find\u0259n u\u011furla davam etdirildiyini bildirib. Natiq, Prezident \u0130lham \u018fliyevin elm v\u0259 t\u0259hsill\u0259 ba\u011fl\u0131 imzalad\u0131\u011f\u0131 bir \u00e7ox s\u0259n\u0259dl\u0259rin \u0259h\u0259miyy\u0259tini diqq\u0259t\u0259 \u00e7atd\u0131r\u0131b. \u00d6lk\u0259mizd\u0259 g\u0259ncl\u0259r\u0259 g\u00f6st\u0259ril\u0259n d\u00f6vl\u0259t qay\u011f\u0131s\u0131ndan, \u0130dar\u0259\u00e7ilik Akademiyas\u0131nda qazan\u0131lan u\u011furlardan b\u0259hs ed\u0259r\u0259k, bu ild\u0259 D\u00f6vl\u0259t \u0130dar\u0259\u00e7ilik Akademiyas\u0131na q\u0259bul olanlar\u0131n \u0259ks\u0259riyy\u0259tinin y\u00fcks\u0259k balla daxil olduqlar\u0131n\u0131 diqq\u0259t\u0259 \u00e7atd\u0131r\u0131b. Rektor bildirib ki, D\u00f6vl\u0259t \u0130dar\u0259\u00e7ilik Akademiyas\u0131 g\u0259nc n\u0259slin t\u0259lim-t\u0259rbiy\u0259sind\u0259, t\u0259hsilind\u0259, idar\u0259\u00e7i kadrlar\u0131n haz\u0131rlanmas\u0131nda \u00f6z istiqam\u0259ti olan m\u00fc\u0259ssis\u0259l\u0259rd\u0259ndir. Rektor son ill\u0259rd\u0259 \u00f6lk\u0259nin inki\u015faf tempind\u0259n b\u0259hs etmi\u015f, m\u00fcasir d\u00f6vrd\u0259 d\u00f6vl\u0259tin g\u00fcc\u00fc v\u0259 q\u00fcdr\u0259ti onun t\u0259bii s\u0259rv\u0259tl\u0259ri il\u0259 yana\u015f\u0131, el\u0259c\u0259d\u0259 insan potensial\u0131 il\u0259 m\u00fc\u0259yy\u0259n olundu\u011funu qeyd etmi\u015fdir.<\/p>\n\n\n\n<p>Daha sonra Tarix kafedras\u0131n\u0131n m\u00fcdiri, professoru Firdovsiy\u0259 \u018fhm\u0259dova, Siyasi idar\u0259etm\u0259 fak\u00fclt\u0259sinin dekan\u0131 prof. Zaur Ba\u011f\u0131rov, \u0130nzibati idar\u0259etm\u0259 fak\u00fclt\u0259sinin dekan\u0131 prof. \u00c7ingiz \u0130smay\u0131lov, Siyasi-idar\u0259etm\u0259 fak\u00fclt\u0259si, H\u00fcquq\u015f\u00fcnasl\u0131q ixtisas\u0131 \u00fczr\u0259 \u0259n y\u00fcks\u0259k 700 bal toplayan t\u0259l\u0259b\u0259 \u018ff\u0259ndiyeva X\u0259yal\u0259, \u0130nzibati-idar\u0259etm\u0259 fak\u00fclt\u0259si, \u201c\u0130qtisadiyyat\u201d ixtisas\u0131 \u00fczr\u0259 \u0259n y\u00fcks\u0259k 682 bal toplayan t\u0259l\u0259b\u0259 Q\u0259dirli Elnur, valideynl\u0259r ad\u0131ndan Z\u0259f\u0259r Novruzov v\u0259 dig\u0259rl\u0259ri \u00e7\u0131x\u0131\u015f ed\u0259r\u0259k t\u0259brikl\u0259rini b\u00f6l\u00fc\u015fd\u00fcl\u0259r.<\/p>\n\n\n\n<p><\/p>\n\n\n\n<figure class=\"wp-container-2 wp-block-gallery-1 wp-block-gallery columns-3 is-cropped\"><ul class=\"blocks-gallery-grid\"><li class=\"blocks-gallery-item\"><figure><img src=\"https:\/\/dia.edu.az\/wp-content\/uploads\/2021\/03\/BG1.jpg\" alt=\"\" data-id=\"12883\" data-full-url=\"https:\/\/dia.edu.az\/wp-content\/uploads\/2021\/03\/BG1.jpg\" data-link=\"https:\/\/dia.edu.az\/?attachment_id=12883\" class=\"wp-image-12883\"\/><\/figure><\/li><li class=\"blocks-gallery-item\"><figure><img width=\"640\" height=\"424\" src=\"https:\/\/dia.edu.az\/wp-content\/uploads\/2021\/03\/BG3.jpg\" alt=\"\" data-id=\"12884\" data-full-url=\"https:\/\/dia.edu.az\/wp-content\/uploads\/2021\/03\/BG3.jpg\" data-link=\"https:\/\/dia.edu.az\/?attachment_id=12884\" class=\"wp-image-12884\" srcset=\"https:\/\/legacy.dia.edu.az\/wp-content\/uploads\/2021\/03\/BG3.jpg 640w, https:\/\/legacy.dia.edu.az\/wp-content\/uploads\/2021\/03\/BG3-300x199.jpg 300w, https:\/\/legacy.dia.edu.az\/wp-content\/uploads\/2021\/03\/BG3-16x12.jpg 16w, https:\/\/legacy.dia.edu.az\/wp-content\/uploads\/2021\/03\/BG3-150x100.jpg 150w, https:\/\/legacy.dia.edu.az\/wp-content\/uploads\/2021\/03\/BG3-300x199@2x.jpg 600w\" sizes=\"(max-width: 640px) 100vw, 640px\" \/><\/figure><\/li><li class=\"blocks-gallery-item\"><figure><img width=\"640\" height=\"424\" src=\"https:\/\/dia.edu.az\/wp-content\/uploads\/2021\/03\/BG4.jpg\" alt=\"\" data-id=\"12885\" data-full-url=\"https:\/\/dia.edu.az\/wp-content\/uploads\/2021\/03\/BG4.jpg\" data-link=\"https:\/\/dia.edu.az\/?attachment_id=12885\" class=\"wp-image-12885\" srcset=\"https:\/\/legacy.dia.edu.az\/wp-content\/uploads\/2021\/03\/BG4.jpg 640w, https:\/\/legacy.dia.edu.az\/wp-content\/uploads\/2021\/03\/BG4-300x199.jpg 300w, https:\/\/legacy.dia.edu.az\/wp-content\/uploads\/2021\/03\/BG4-16x12.jpg 16w, https:\/\/legacy.dia.edu.az\/wp-content\/uploads\/2021\/03\/BG4-150x100.jpg 150w, https:\/\/legacy.dia.edu.az\/wp-content\/uploads\/2021\/03\/BG4-300x199@2x.jpg 600w\" sizes=\"(max-width: 640px) 100vw, 640px\" \/><\/figure><\/li><li class=\"blocks-gallery-item\"><figure><img src=\"https:\/\/dia.edu.az\/wp-content\/uploads\/2021\/03\/BG5.jpg\" alt=\"\" data-id=\"12886\" data-full-url=\"https:\/\/dia.edu.az\/wp-content\/uploads\/2021\/03\/BG5.jpg\" data-link=\"https:\/\/dia.edu.az\/?attachment_id=12886\" class=\"wp-image-12886\"\/><\/figure><\/li><li class=\"blocks-gallery-item\"><figure><img width=\"640\" height=\"424\" src=\"https:\/\/dia.edu.az\/wp-content\/uploads\/2021\/03\/BG6.jpg\" alt=\"\" data-id=\"12887\" data-full-url=\"https:\/\/dia.edu.az\/wp-content\/uploads\/2021\/03\/BG6.jpg\" data-link=\"https:\/\/dia.edu.az\/?attachment_id=12887\" class=\"wp-image-12887\" srcset=\"https:\/\/legacy.dia.edu.az\/wp-content\/uploads\/2021\/03\/BG6.jpg 640w, https:\/\/legacy.dia.edu.az\/wp-content\/uploads\/2021\/03\/BG6-300x199.jpg 300w, https:\/\/legacy.dia.edu.az\/wp-content\/uploads\/2021\/03\/BG6-16x12.jpg 16w, https:\/\/legacy.dia.edu.az\/wp-content\/uploads\/2021\/03\/BG6-150x100.jpg 150w, https:\/\/legacy.dia.edu.az\/wp-content\/uploads\/2021\/03\/BG6-300x199@2x.jpg 600w\" sizes=\"(max-width: 640px) 100vw, 640px\" \/><\/figure><\/li><li class=\"blocks-gallery-item\"><figure><img width=\"640\" height=\"457\" src=\"https:\/\/dia.edu.az\/wp-content\/uploads\/2021\/03\/BG7.jpg\" alt=\"\" data-id=\"12888\" data-full-url=\"https:\/\/dia.edu.az\/wp-content\/uploads\/2021\/03\/BG7.jpg\" data-link=\"https:\/\/dia.edu.az\/?attachment_id=12888\" class=\"wp-image-12888\" srcset=\"https:\/\/legacy.dia.edu.az\/wp-content\/uploads\/2021\/03\/BG7.jpg 640w, https:\/\/legacy.dia.edu.az\/wp-content\/uploads\/2021\/03\/BG7-300x214.jpg 300w, https:\/\/legacy.dia.edu.az\/wp-content\/uploads\/2021\/03\/BG7-16x12.jpg 16w, https:\/\/legacy.dia.edu.az\/wp-content\/uploads\/2021\/03\/BG7-300x214@2x.jpg 600w\" sizes=\"(max-width: 640px) 100vw, 640px\" \/><\/figure><\/li><\/ul><\/figure>","protected":false},"excerpt":{"rendered":"<p>D\u00f6vl\u0259t \u0130dar\u0259\u00e7ilik Akademiyas\u0131nda Bilik G\u00fcn\u00fc qeyd edilibSen 15 , 2015 &#8211; 01:01 15 sentyabr 2015-ci ild\u0259 Az\u0259rbaycan Respublikas\u0131n\u0131n Prezidenti yan\u0131nda D\u00f6vl\u0259t \u0130dar\u0259\u00e7ilik Akademiyas\u0131nda \u00abBilik G\u00fcn\u00fc&nbsp;\u00bb m\u00fcnasib\u0259til\u0259 t\u0259dbir ke\u00e7irilib. T\u0259dbiri d\u00f6vl\u0259t himni s\u0259sl\u0259ndikd\u0259n sonra t\u0259brik nitqi il\u0259 a\u00e7an rektor, akademik Urxan \u018fl\u0259kb\u0259rov t\u0259l\u0259b\u0259 v\u0259 magistr ad\u0131n\u0131 qazananlar\u0131, onlar\u0131n valideynl\u0259rini \u00abBilik G\u00fcn\u00fc\u00bb m\u00fcnasib\u0259til\u0259 t\u0259brik edib. Rektor m\u00fcst\u0259qil [&hellip;]<\/p>","protected":false},"author":2,"featured_media":0,"comment_status":"closed","ping_status":"closed","sticky":false,"template":"","format":"standard","meta":[],"categories":[137],"tags":[],"_links":{"self":[{"href":"https:\/\/legacy.dia.edu.az\/en\/wp-json\/wp\/v2\/posts\/12882"}],"collection":[{"href":"https:\/\/legacy.dia.edu.az\/en\/wp-json\/wp\/v2\/posts"}],"about":[{"href":"https:\/\/legacy.dia.edu.az\/en\/wp-json\/wp\/v2\/types\/post"}],"author":[{"embeddable":true,"href":"https:\/\/legacy.dia.edu.az\/en\/wp-json\/wp\/v2\/users\/2"}],"replies":[{"embeddable":true,"href":"https:\/\/legacy.dia.edu.az\/en\/wp-json\/wp\/v2\/comments?post=12882"}],"version-history":[{"count":0,"href":"https:\/\/legacy.dia.edu.az\/en\/wp-json\/wp\/v2\/posts\/12882\/revisions"}],"wp:attachment":[{"href":"https:\/\/legacy.dia.edu.az\/en\/wp-json\/wp\/v2\/media?parent=12882"}],"wp:term":[{"taxonomy":"category","embeddable":true,"href":"https:\/\/legacy.dia.edu.az\/en\/wp-json\/wp\/v2\/categories?post=12882"},{"taxonomy":"post_tag","embeddable":true,"href":"https:\/\/legacy.dia.edu.az\/en\/wp-json\/wp\/v2\/tags?post=12882"}],"curies":[{"name":"wp","href":"https:\/\/api.w.org\/{rel}","templated":true}]}}