{"id":12879,"date":"2015-09-16T10:56:00","date_gmt":"2015-09-16T07:56:00","guid":{"rendered":"https:\/\/dia.edu.az\/?p=12879"},"modified":"2021-03-17T10:57:08","modified_gmt":"2021-03-17T07:57:08","slug":"dovl%c9%99t-idar%c9%99cilik-akademiyasinda-ilk-d%c9%99rsl%c9%99r","status":"publish","type":"post","link":"https:\/\/legacy.dia.edu.az\/en\/arxivl\u0259r\/12879","title":{"rendered":"D\u00f6vl\u0259t \u0130dar\u0259\u00e7ilik Akademiyas\u0131nda ilk d\u0259rsl\u0259r"},"content":{"rendered":"<p><strong>D\u00f6vl\u0259t \u0130dar\u0259\u00e7ilik Akademiyas\u0131nda ilk d\u0259rsl\u0259r<\/strong><br><em>Sen 16 , 2015 &#8211; 11:00<\/em><\/p>\n\n\n\n<p>Sentyabr ay\u0131n\u0131n 16-da Az\u0259rbaycan Respublikas\u0131n\u0131n Prezidenti yan\u0131nda D\u00f6vl\u0259t \u0130dar\u0259\u00e7ilik Akademiyas\u0131na daxil olan I kurs t\u0259l\u0259b\u0259l\u0259ri ilk d\u0259rsl\u0259rini Heyd\u0259r \u018fliyev D\u00f6vl\u0259t \u0130dar\u0259\u00e7iliyi M\u0259kt\u0259bind\u0259 dinl\u0259mi\u015fl\u0259r. Heyd\u0259r \u018fliyev M\u0259rk\u0259zinin d\u0259st\u0259yi il\u0259 yarad\u0131lan Heyd\u0259r \u018fliyev D\u00f6vl\u0259t \u0130dar\u0259\u00e7iliyi M\u0259kt\u0259bi il\u0259 tan\u0131\u015f olduqdan sonra I kurs t\u0259l\u0259b\u0259l\u0259rin\u0259 ilk m\u00fchazir\u0259 t\u0259qdim edilmi\u015fdir. Heyd\u0259r \u018fliyev M\u0259rk\u0259zinin \u0259m\u0259kda\u015flar\u0131 i\u015fritak etdiyi 2015-ci t\u0259dris ilinin \u201c\u0130nnovativ inki\u015faf namin\u0259 s\u0259m\u0259r\u0259li idar\u0259etm\u0259: Az\u0259rbaycan Respublikas\u0131n\u0131n nailiyy\u0259tl\u0259ri beyn\u0259lxalq t\u0259\u015fkilatlar\u0131n hesabatlar\u0131nda\u201d adl\u0131 ilk m\u00fchazir\u0259 Az\u0259rbaycan Respublikas\u0131n\u0131n Prezidenti yan\u0131nda D\u00f6vl\u0259t \u0130dar\u0259\u00e7ilik Akademiyas\u0131n\u0131n rektoru, akademik Urxan \u018fl\u0259kb\u0259rov t\u0259r\u0259find\u0259n t\u0259qdim edilmi\u015fdir.<\/p>\n\n\n\n<p>Rektor akademik Urxan \u018fl\u0259kb\u0259rov \u00fcmummilli lider Heyd\u0259r \u018fliyevin misilsiz tarixi xidm\u0259tl\u0259rind\u0259n b\u0259hs edib, Ulu \u00d6nd\u0259rin siyasi x\u0259ttinin Az\u0259rbaycan Prezidenti \u0130lham \u018fliyev t\u0259r\u0259find\u0259n \u0259zml\u0259 davam etdirdiyini diqq\u0259t\u0259 \u00e7atd\u0131r\u0131b. Rektor qeyd edib ki, Ulu \u00d6nd\u0259r Heyd\u0259r \u018fliyevin s\u0259r\u0259ncam\u0131 il\u0259 Az\u0259rbaycan Respublikas\u0131n\u0131n Prezidenti yan\u0131nda D\u00f6vl\u0259t \u0130dar\u0259\u00e7ilik Akademiyas\u0131n\u0131n yarad\u0131lmas\u0131n\u0131n m\u0259qs\u0259di d\u00f6vl\u0259t idar\u0259etm\u0259 sah\u0259si \u00fc\u00e7\u00fcn g\u0259nc m\u00fct\u0259x\u0259ssisl\u0259rin haz\u0131rlanmas\u0131 i\u015finin m\u00fcasir t\u0259l\u0259bl\u0259r\u0259 uy\u011fun qurulmas\u0131, onlar\u0131n pe\u015f\u0259karl\u0131q s\u0259viyy\u0259sinin art\u0131r\u0131lmas\u0131, d\u00f6vl\u0259timizin m\u00f6hk\u0259ml\u0259ndirilm\u0259si v\u0259 elmi \u0259saslarla idar\u0259 olunmas\u0131, d\u00f6vl\u0259t qullu\u011fu \u00fc\u00e7\u00fcn g\u0259nc kadrlar\u0131n haz\u0131rlanmas\u0131 m\u0259s\u0259l\u0259l\u0259ri \u00fczr\u0259 \u0259sas elmi-metodiki v\u0259 t\u0259dris m\u0259rk\u0259zi olan D\u00f6vl\u0259t \u0130dar\u0259\u00e7ilik Akademiyas\u0131n\u0131n qar\u015f\u0131s\u0131nda \u00e7ox m\u0259sul v\u0259zif\u0259 durmaqdad\u0131r. Rektor \u00f6lk\u0259 iqtisadiyyat\u0131n\u0131n s\u00fcr\u0259tli inki\u015faf\u0131 istiqam\u0259tind\u0259 apar\u0131lan u\u011furlu siyas\u0259tin \u0259sas h\u0259d\u0259fl\u0259rini, el\u0259c\u0259 d\u0259 davaml\u0131 inki\u015fafa t\u0259sir ed\u0259n amill\u0259ri, beyn\u0259lxalq t\u0259\u015fkilatlar\u0131n hesabatlar\u0131 il\u0259 m\u00fcqayis\u0259li \u015f\u0259kild\u0259 t\u0259l\u0259b\u0259l\u0259rin diqq\u0259tin\u0259 \u00e7atd\u0131rm\u0131\u015fd\u0131r.<\/p>\n\n\n\n<p>\u00d6lk\u0259mizin s\u00fcr\u0259tl\u0259 inki\u015faf etdiyini v\u0259 bu inki\u015faf\u0131n n\u0259tic\u0259si olaraq g\u00fcnd\u0259n-g\u00fcn\u0259 artan beyn\u0259lxalq n\u00fcfuzunun Az\u0259rbaycan\u0131 bir \u00e7ox istiqam\u0259tl\u0259rd\u0259 regional v\u0259<\/p>\n\n\n\n<p>qlobal lider\u0259 \u00e7evrildiyini qeyd ed\u0259n rektor \u00e7\u0131x\u0131\u015f\u0131nda \u00f6lk\u0259mizin inki\u015faf g\u00f6st\u0259ricil\u0259rinin bir \u00e7ox beyn\u0259lxalq t\u0259\u015fkilatlar, o c\u00fcml\u0259d\u0259n BMT, UNESCO, D\u00fcnya Bank\u0131 v\u0259 dig\u0259r n\u00fcfuzlu qurumlar\u0131n r\u0259smi s\u0259n\u0259dl\u0259rind\u0259, m\u00fcst\u0259qil ekspertl\u0259r t\u0259r\u0259find\u0259n haz\u0131rlanm\u0131\u015f hesabatlarda \u00f6z t\u0259sdiqini tapd\u0131\u011f\u0131n\u0131 i\u015ftirak\u00e7\u0131lar\u0131n diqq\u0259tin\u0259 \u00e7atd\u0131rm\u0131\u015fd\u0131r.<\/p>\n\n\n\n<p>O, qeyd etmi\u015fdir ki, \u0259ld\u0259 olunan nailiyy\u0259tl\u0259rin \u0259sas\u0131nda Prezident \u0130lham \u018fliyevin h\u0259yata ke\u00e7irdiyi d\u00fc\u015f\u00fcn\u00fclm\u00fc\u015f innovativ inki\u015faf strategiyas\u0131 v\u0259 yax\u015f\u0131 idar\u0259etm\u0259 dayan\u0131r. Daha sonra m\u0259ruz\u0259\u00e7i innovativ inki\u015faf\u0131n \u0259sas v\u0259 h\u0259lledici amili olan insan potensial\u0131n\u0131n s\u0259viyy\u0259si, onun \u0259sas meyarlar\u0131 haqq\u0131nda t\u0259l\u0259b\u0259l\u0259r\u0259 m\u0259lumat vermi\u015f, \u00f6lk\u0259nin, d\u00f6vl\u0259tin g\u0259l\u0259c\u0259k u\u011furlar\u0131n\u0131n qarant\u0131n\u0131n m\u0259hz onlar\u0131n oldu\u011funu bildirmi\u015fdir. O, Prezident \u0130lham \u018fliyevin uzun ill\u0259r\u0259 h\u0259d\u0259fl\u0259nmi\u015f strategiyas\u0131n\u0131 t\u0259hlil ed\u0259r\u0259k, \u00f6lk\u0259nin innovativ inki\u015faf strategiyas\u0131n\u0131n \u0259sas istiqam\u0259tl\u0259rini diqq\u0259t\u0259 \u00e7atd\u0131rd\u0131. M\u00fchazir\u0259nin sonunda t\u0259l\u0259b\u0259l\u0259rin suallar\u0131n\u0131 cavabland\u0131r\u0131ld\u0131.<\/p>\n\n\n\n<p><\/p>\n\n\n\n<figure class=\"wp-container-2 wp-block-gallery-1 wp-block-gallery columns-1 is-cropped\"><ul class=\"blocks-gallery-grid\"><li class=\"blocks-gallery-item\"><figure><img width=\"640\" height=\"424\" src=\"https:\/\/dia.edu.az\/wp-content\/uploads\/2021\/03\/ILK_DERS.jpg\" alt=\"\" data-id=\"12880\" data-full-url=\"https:\/\/dia.edu.az\/wp-content\/uploads\/2021\/03\/ILK_DERS.jpg\" data-link=\"https:\/\/dia.edu.az\/?attachment_id=12880\" class=\"wp-image-12880\" srcset=\"https:\/\/legacy.dia.edu.az\/wp-content\/uploads\/2021\/03\/ILK_DERS.jpg 640w, https:\/\/legacy.dia.edu.az\/wp-content\/uploads\/2021\/03\/ILK_DERS-300x199.jpg 300w, https:\/\/legacy.dia.edu.az\/wp-content\/uploads\/2021\/03\/ILK_DERS-16x12.jpg 16w, https:\/\/legacy.dia.edu.az\/wp-content\/uploads\/2021\/03\/ILK_DERS-150x100.jpg 150w, https:\/\/legacy.dia.edu.az\/wp-content\/uploads\/2021\/03\/ILK_DERS-300x199@2x.jpg 600w\" sizes=\"(max-width: 640px) 100vw, 640px\" \/><\/figure><\/li><\/ul><\/figure>","protected":false},"excerpt":{"rendered":"<p>D\u00f6vl\u0259t \u0130dar\u0259\u00e7ilik Akademiyas\u0131nda ilk d\u0259rsl\u0259rSen 16 , 2015 &#8211; 11:00 Sentyabr ay\u0131n\u0131n 16-da Az\u0259rbaycan Respublikas\u0131n\u0131n Prezidenti yan\u0131nda D\u00f6vl\u0259t \u0130dar\u0259\u00e7ilik Akademiyas\u0131na daxil olan I kurs t\u0259l\u0259b\u0259l\u0259ri ilk d\u0259rsl\u0259rini Heyd\u0259r \u018fliyev D\u00f6vl\u0259t \u0130dar\u0259\u00e7iliyi M\u0259kt\u0259bind\u0259 dinl\u0259mi\u015fl\u0259r. Heyd\u0259r \u018fliyev M\u0259rk\u0259zinin d\u0259st\u0259yi il\u0259 yarad\u0131lan Heyd\u0259r \u018fliyev D\u00f6vl\u0259t \u0130dar\u0259\u00e7iliyi M\u0259kt\u0259bi il\u0259 tan\u0131\u015f olduqdan sonra I kurs t\u0259l\u0259b\u0259l\u0259rin\u0259 ilk m\u00fchazir\u0259 t\u0259qdim edilmi\u015fdir. [&hellip;]<\/p>","protected":false},"author":2,"featured_media":12880,"comment_status":"closed","ping_status":"closed","sticky":false,"template":"","format":"standard","meta":[],"categories":[137],"tags":[],"_links":{"self":[{"href":"https:\/\/legacy.dia.edu.az\/en\/wp-json\/wp\/v2\/posts\/12879"}],"collection":[{"href":"https:\/\/legacy.dia.edu.az\/en\/wp-json\/wp\/v2\/posts"}],"about":[{"href":"https:\/\/legacy.dia.edu.az\/en\/wp-json\/wp\/v2\/types\/post"}],"author":[{"embeddable":true,"href":"https:\/\/legacy.dia.edu.az\/en\/wp-json\/wp\/v2\/users\/2"}],"replies":[{"embeddable":true,"href":"https:\/\/legacy.dia.edu.az\/en\/wp-json\/wp\/v2\/comments?post=12879"}],"version-history":[{"count":0,"href":"https:\/\/legacy.dia.edu.az\/en\/wp-json\/wp\/v2\/posts\/12879\/revisions"}],"wp:featuredmedia":[{"embeddable":true,"href":"https:\/\/legacy.dia.edu.az\/en\/wp-json\/wp\/v2\/media\/12880"}],"wp:attachment":[{"href":"https:\/\/legacy.dia.edu.az\/en\/wp-json\/wp\/v2\/media?parent=12879"}],"wp:term":[{"taxonomy":"category","embeddable":true,"href":"https:\/\/legacy.dia.edu.az\/en\/wp-json\/wp\/v2\/categories?post=12879"},{"taxonomy":"post_tag","embeddable":true,"href":"https:\/\/legacy.dia.edu.az\/en\/wp-json\/wp\/v2\/tags?post=12879"}],"curies":[{"name":"wp","href":"https:\/\/api.w.org\/{rel}","templated":true}]}}