{"id":12876,"date":"2015-10-06T10:55:00","date_gmt":"2015-10-06T07:55:00","guid":{"rendered":"https:\/\/dia.edu.az\/?p=12876"},"modified":"2021-03-17T10:55:56","modified_gmt":"2021-03-17T07:55:56","slug":"heyd%c9%99r-%c9%99liyev-v%c9%99-az%c9%99rbaycanin-dovl%c9%99t-idar%c9%99etm%c9%99-modeli-movzusunda-elmi-praktik-seminar-kecirilib","status":"publish","type":"post","link":"https:\/\/legacy.dia.edu.az\/en\/arxivl\u0259r\/12876","title":{"rendered":"\u201cHeyd\u0259r \u018fliyev v\u0259 Az\u0259rbaycan\u0131n d\u00f6vl\u0259t idar\u0259etm\u0259 modeli\u201d m\u00f6vzusunda elmi-praktik seminar ke\u00e7irilib"},"content":{"rendered":"<p><strong>\u201cHeyd\u0259r \u018fliyev v\u0259 Az\u0259rbaycan\u0131n d\u00f6vl\u0259t idar\u0259etm\u0259 modeli\u201d m\u00f6vzusunda elmi-praktik seminar ke\u00e7irilib<\/strong><br><em>Okt 06 , 2015 &#8211; 05:06<\/em><\/p>\n\n\n\n<p>Oktyabr\u0131n 6-da Heyd\u0259r \u018fliyev M\u0259rk\u0259zind\u0259 xalq\u0131m\u0131z\u0131n \u00dcmummilli Liderinin irsinin, d\u00f6vl\u0259t\u00e7ilik f\u0259ls\u0259f\u0259sinin t\u0259dqiqi v\u0259 geni\u015f t\u0259bli\u011fi m\u0259qs\u0259dil\u0259 \u201cHeyd\u0259r \u018fliyev v\u0259 Az\u0259rbaycan\u0131n d\u00f6vl\u0259t idar\u0259etm\u0259 modeli\u201d m\u00f6vzusunda elmi-praktik seminar ke\u00e7irilib.<\/p>\n\n\n\n<p>M\u0259rk\u0259zin Heyd\u0259r \u018fliyev irsinin t\u0259dqiqi v\u0259 elmi ara\u015fd\u0131rmalar departamentinin direktoru M\u0259h\u0259bb\u0259t Mehdiyeva \u00e7\u0131x\u0131\u015f ed\u0259r\u0259k elmi-praktik seminar\u0131n \u0259h\u0259miyy\u0259tind\u0259n s\u00f6z a\u00e7\u0131b. Bildirib ki, M\u0259rk\u0259zin t\u0259\u015fkil etdiyi elmi-praktik seminarlarda \u00dcmummilli Liderin h\u0259yat\u0131, siyasi f\u0259aliyy\u0259ti il\u0259 ba\u011fl\u0131 m\u00fcxt\u0259lif m\u00f6vzular m\u00fczakir\u0259 edilir, Ulu \u00d6nd\u0259ri yax\u0131ndan tan\u0131yan, onunla birg\u0259 i\u015fl\u0259mi\u015f \u015f\u0259xsl\u0259r, ictimai-siyasi xadiml\u0259rin m\u0259ruz\u0259l\u0259ri dinl\u0259nilir. \u0130ndiy\u0259d\u0259k \u201cAz\u0259rbaycan tarixind\u0259 Heyd\u0259r \u018fliyev \u015f\u0259xsiyy\u0259ti\u201d, \u201cHeyd\u0259r \u018fliyev v\u0259 Az\u0259rbaycan elmi\u201d, \u201cHeyd\u0259r \u018fliyev v\u0259 Az\u0259rbaycan dili\u201d v\u0259 dig\u0259r m\u00f6vzularda m\u00fczakir\u0259l\u0259r t\u0259\u015fkil olunub.<\/p>\n\n\n\n<p>Bud\u0259f\u0259ki seminarda Az\u0259rbaycan Respublikas\u0131n\u0131n Prezidenti yan\u0131nda D\u00f6vl\u0259t \u0130dar\u0259\u00e7ilik Akademiyas\u0131n\u0131n rektoru, akademik Urxan \u018fl\u0259kb\u0259rovun m\u0259ruz\u0259si dinl\u0259nilib. O, Ulu \u00d6nd\u0259rin r\u0259hb\u0259rliyi alt\u0131nda beyn\u0259lxalq norma v\u0259 prinsipl\u0259r\u0259 uy\u011fun milli d\u00f6vl\u0259t quruculu\u011fu, bu istiqam\u0259td\u0259 h\u0259yata ke\u00e7iril\u0259n sistemli v\u0259 ard\u0131c\u0131l islahatlar, Az\u0259rbaycan\u0131n inki\u015faf strategiyas\u0131 bar\u0259d\u0259 m\u0259lumat verib. Akademikin \u00e7\u0131x\u0131\u015f\u0131 videomateriallarla m\u00fc\u015fayi\u0259t olunub.<\/p>\n\n\n\n<p>M\u0259ruz\u0259d\u0259 bildirilib ki, Az\u0259rbaycanda h\u0259yata ke\u00e7iril\u0259n u\u011furlu daxili v\u0259 xarici siyas\u0259t n\u0259tic\u0259sind\u0259 \u00f6t\u0259n ill\u0259rd\u0259 iqtisadiyyat\u0131n v\u0259 ictimai h\u0259yat\u0131n b\u00fct\u00fcn sah\u0259l\u0259rind\u0259 m\u00fch\u00fcm m\u0259qs\u0259dl\u0259r\u0259 nail olunub, \u00f6lk\u0259 keyfiyy\u0259tc\u0259 yeni modernl\u0259\u015fm\u0259 m\u0259rh\u0259l\u0259sin\u0259 daxil olub. Haz\u0131rk\u0131 m\u0259rh\u0259l\u0259nin ba\u015fl\u0131ca prioritetl\u0259ri \u00e7ox\u015fax\u0259li, s\u0259m\u0259r\u0259li v\u0259 innovativ iqtisadiyyat\u0131n formala\u015fmas\u0131na \u0259saslanaraq sosial sah\u0259d\u0259 \u00f6nl\u0259yici inki\u015faf trendinin t\u0259min olunmas\u0131, \u0259halinin rifah\u0131n\u0131n \u0259n qabaqc\u0131l beyn\u0259lxalq standartlara \u00e7atd\u0131r\u0131lmas\u0131d\u0131r.<\/p>\n\n\n\n<p>Diqq\u0259t\u0259 \u00e7atd\u0131r\u0131l\u0131b ki, bu g\u00fcn Az\u0259rbaycan Respublikas\u0131 m\u00fcasir d\u00fcnyada q\u0259bul edilmi\u015f d\u00f6vl\u0259t idar\u0259etm\u0259 sisteml\u0259rin\u0259 uy\u011fun milli d\u00f6vl\u0259t quruculu\u011fu istiqam\u0259tind\u0259 innovativ islahatlar\u0131 u\u011furla davam etdirir. \u00d6lk\u0259nin XXI \u0259srd\u0259 innovativ modernl\u0259\u015fm\u0259 m\u0259rh\u0259l\u0259sin\u0259 ke\u00e7m\u0259sini, c\u0259miyy\u0259tin zaman\u0131n ruhuna uy\u011fun olan yeni duruma transformasiyas\u0131n\u0131 daha da s\u00fcr\u0259tl\u0259ndir\u0259c\u0259k istiqam\u0259tl\u0259r v\u0259 prioritetl\u0259r m\u00fc\u0259yy\u0259nl\u0259\u015fdirilir.<\/p>\n\n\n\n<p>Vur\u011fulan\u0131b ki, bu nailiyy\u0259tl\u0259rin \u0259sas\u0131nda m\u00fcasir m\u00fcst\u0259qil d\u00f6vl\u0259timizin memar\u0131, ulu \u00f6nd\u0259r Heyd\u0259r \u018fliyevin imzas\u0131 durur. \u00dcmummilli Lider XX \u0259srd\u0259 qazan\u0131lan m\u00fcv\u0259ff\u0259qiyy\u0259tl\u0259r \u0259sas\u0131nda XXI \u0259srin meyill\u0259rini uzaqg\u00f6r\u0259nlikl\u0259 g\u00f6st\u0259rib. Onun \u201cAz\u0259rbaycan XXI \u0259srin v\u0259 \u00fc\u00e7\u00fcnc\u00fc minilliyin ayr\u0131c\u0131nda: yeni 2001-ci il, yeni \u0259sr v\u0259 \u00fc\u00e7\u00fcnc\u00fc minillik m\u00fcnasib\u0259til\u0259 Az\u0259rbaycan xalq\u0131na m\u00fcraci\u0259ti\u201d v\u0259 sonrak\u0131 \u00e7\u0131x\u0131\u015f v\u0259 nitql\u0259ri ke\u00e7\u0259n \u0259srin tarixi salnam\u0259si olmaqla, h\u0259m d\u0259 XXI \u0259srin siyasi v\u0259 sosial-iqtisadi inki\u015faf\u0131n\u0131n konsepsiyas\u0131 v\u0259 ayd\u0131n proqram\u0131d\u0131r. Ulu \u00d6nd\u0259r h\u0259min m\u00fcraci\u0259tind\u0259 deyib: \u201cSizi \u0259min edir\u0259m ki, Az\u0259rbaycan d\u00f6vl\u0259ti indiy\u0259 q\u0259d\u0259r oldu\u011fu kimi, bundan sonra da Az\u0259rbaycan d\u00f6vl\u0259t\u00e7iliyinin, m\u00fcst\u0259qilliyinin, Az\u0259rbaycan xalq\u0131n\u0131n milli azadl\u0131\u011f\u0131n\u0131n ke\u015fiyind\u0259 daim duracaq v\u0259 bu m\u00fcst\u0259qilliyi c\u0259sar\u0259tl\u0259 qoruyub saxlayacaqd\u0131r. \u0130nan\u0131ram ki, m\u00fcst\u0259qil Az\u0259rbaycan Respublikas\u0131 XXI \u0259srd\u0259 h\u0259yat\u0131n b\u00fct\u00fcn sah\u0259l\u0259rind\u0259 geni\u015f inki\u015faf ed\u0259n, \u00e7i\u00e7\u0259kl\u0259n\u0259n bir \u00f6lk\u0259 kimi b\u00f6y\u00fck u\u011furlar qazanacaqd\u0131r\u201d.<\/p>\n\n\n\n<p>Qeyd olunub ki, Ulu \u00d6nd\u0259rin m\u00fcdrik siyasi kursu Prezident \u0130lham \u018fliyev t\u0259r\u0259find\u0259n u\u011furla davam etdirilir. B\u00f6y\u00fck s\u00fcr\u0259tl\u0259 yenil\u0259\u015f\u0259n Bak\u0131 \u015f\u0259h\u0259ri v\u0259 regionlar\u0131m\u0131z, x\u00fcsusi templ\u0259 d\u0259yi\u015f\u0259n v\u0259 inki\u015faf ed\u0259n Az\u0259rbaycan iqtisadiyyat\u0131, h\u0259yata ke\u00e7iril\u0259n irimiqyasl\u0131 layih\u0259l\u0259r, sosial sah\u0259d\u0259 s\u0131\u00e7ray\u0131\u015f v\u0259 dig\u0259r u\u011furlar m\u0259hz Heyd\u0259r \u018fliyev siyasi kursunun davam etdirilm\u0259sinin real b\u0259hr\u0259l\u0259ri, sanball\u0131 t\u00f6hf\u0259l\u0259ridir. Bu g\u00fcn Az\u0259rbaycan iqtisadi art\u0131m tempin\u0259 g\u00f6r\u0259 d\u00fcnyada analoqu olmayan \u00f6z\u00fcn\u0259m\u0259xsus inki\u015faf modeli ortaya qoyub. H\u0259min model ilk n\u00f6vb\u0259d\u0259 c\u0259miyy\u0259tin ba\u015fl\u0131ca ideyas\u0131 &#8211; intellektual potensiala \u0259saslanan kreativ mill\u0259tin formala\u015fd\u0131r\u0131lmas\u0131 ideyas\u0131na k\u00f6kl\u0259nib.<\/p>\n\n\n\n<p>Diqq\u0259t\u0259 \u00e7atd\u0131r\u0131l\u0131b ki, \u0259sas\u0131 Ulu \u00d6nd\u0259r t\u0259r\u0259find\u0259n qoyulmu\u015f v\u0259 bu g\u00fcn b\u00f6y\u00fck u\u011furla inki\u015faf etdiril\u0259n t\u0259r\u0259qqi strategiyas\u0131n\u0131n ba\u015fl\u0131ca amili insan potensial\u0131n\u0131n formala\u015fmas\u0131, onun daim t\u0259kmill\u0259\u015fdirilm\u0259si v\u0259 s\u0259f\u0259rb\u0259r olunmas\u0131d\u0131r.<\/p>\n\n\n\n<p>H\u0259l\u0259 Az\u0259rbaycanda siyasi hakimiyy\u0259tin ilk m\u0259rh\u0259l\u0259sind\u0259 Heyd\u0259r \u018fliyevin \u00f6lk\u0259nin parlaq v\u0259 m\u00fcst\u0259qil g\u0259l\u0259c\u0259yin\u0259 hesablanm\u0131\u015f add\u0131mlar\u0131ndan biri d\u0259 az\u0259rbaycanl\u0131 g\u0259ncl\u0259ri ke\u00e7mi\u015f sovet birliyinin n\u00fcfuzlu ali m\u0259kt\u0259bl\u0259rin\u0259 g\u00f6nd\u0259rm\u0259k t\u0259cr\u00fcb\u0259si kimi d\u0259y\u0259rli t\u0259hsil \u0259n\u0259n\u0259sinin \u0259sas\u0131n\u0131 qoymas\u0131 idi. Heyd\u0259r \u018fliyevin Az\u0259rbaycana ilk d\u0259f\u0259 r\u0259hb\u0259rliyi d\u00f6vr\u00fc \u00f6lk\u0259mizin inki\u015faf\u0131n\u0131n intibah d\u00f6vr\u00fc kimi d\u0259y\u0259rl\u0259ndirilm\u0259lidir. \u018fg\u0259r h\u0259min d\u00f6vrd\u0259 Az\u0259rbaycan o q\u0259d\u0259r inki\u015faf etdirilm\u0259s\u0259ydi bug\u00fcnk\u00fc m\u00fcst\u0259qilliyimiz \u0259sl reall\u0131\u011fa \u00e7evrilm\u0259zdi. H\u0259min d\u00f6vrd\u0259 respublikam\u0131z\u0131n h\u00fcdudlar\u0131ndan k\u0259narda y\u00fcks\u0259k ixtisasl\u0131 m\u00fct\u0259x\u0259ssisl\u0259r ordusunun yeti\u015fdirilm\u0259sin\u0259 nail olunub. Bir fakt\u0131 yada salmaq laz\u0131md\u0131r ki, 1970-ci il\u0259d\u0259k \u00f6lk\u0259d\u0259n k\u0259narda t\u0259hsil alanlar\u0131n 40 faizi az\u0259rbaycanl\u0131 idis\u0259, 1970-ci ill\u0259rin sonu, 1980-ci ill\u0259rin \u0259vv\u0259ll\u0259rind\u0259 bu r\u0259q\u0259m 97,7 faiz\u0259 y\u00fcks\u0259lib. Bu yolla Az\u0259rbaycan\u0131n elmi v\u0259 kadr potensial\u0131 y\u00fcks\u0259ldiyi kimi, xalq\u0131m\u0131z\u0131n milli m\u0259n\u0259vi, \u0259xlaqi d\u0259y\u0259rl\u0259rinin t\u0259bli\u011fi d\u0259 h\u0259yata ke\u00e7irilib.<\/p>\n\n\n\n<p>Az\u0259rbaycanl\u0131 g\u0259ncl\u0259rin respublikadan k\u0259narda t\u0259hsil almas\u0131 \u00fc\u00e7\u00fcn Ulu \u00d6nd\u0259rin h\u0259min ill\u0259rd\u0259ki uzaqg\u00f6r\u0259n siyas\u0259ti, konkret f\u0259aliyy\u0259ti, atd\u0131\u011f\u0131 c\u0259sar\u0259tli add\u0131mlar \u0259slind\u0259 tarixi missiyan\u0131n h\u0259yata ke\u00e7irilm\u0259si idi.<\/p>\n\n\n\n<p>T\u0259hsilin inki\u015faf\u0131na 1993-c\u00fc ild\u0259n sonra da x\u00fcsusi qay\u011f\u0131n\u0131n g\u00f6st\u0259rilm\u0259si \u00dcmummilli Liderin daha \u00e7ox diqq\u0259t m\u0259rk\u0259zind\u0259 olub, v\u0259t\u0259nda\u015flar\u0131n t\u0259hsil h\u00fcquqlar\u0131 m\u0259hz onun r\u0259hb\u0259rliyi il\u0259 i\u015fl\u0259nmi\u015f v\u0259 q\u0259bul edilmi\u015f Konstitusiyada d\u00fcnyan\u0131n \u0259n inki\u015faf etmi\u015f \u00f6lk\u0259l\u0259rinin s\u0259viyy\u0259sin\u0259 qald\u0131r\u0131l\u0131b, b\u00fct\u00fcn \u015e\u0259rqd\u0259 ilk d\u0259f\u0259 olaraq \u00fcmumi icbari orta t\u0259hsilin h\u0259yata ke\u00e7irilm\u0259sin\u0259 ba\u015flan\u0131l\u0131b.<\/p>\n\n\n\n<p>G\u00f6r\u00fcnd\u00fcy\u00fc kimi, Ulu \u00d6nd\u0259r insan potensial\u0131n\u0131n inki\u015faf\u0131na dair geni\u015f t\u0259dbirl\u0259r\u0259 h\u0259l\u0259 1970-ci ill\u0259rd\u0259 ba\u015flay\u0131b. BMT insan potensial\u0131n\u0131n inki\u015faf\u0131 il\u0259 ba\u011fl\u0131 ilk qlobal \u00e7al\u0131\u015fmalara is\u0259 yaln\u0131z 1990-c\u0131 ill\u0259rd\u0259, y\u0259ni, Heyd\u0259r \u018fliyevin bu sah\u0259d\u0259 islahatlar\u0131ndan t\u0259qrib\u0259n 20 ild\u0259n sonra start verib. Az\u0259rbaycandan f\u0259rqli olaraq, BMT-nin bu istiqam\u0259td\u0259 sistemli t\u0259\u015f\u0259bb\u00fcsl\u0259ri v\u0259 bu strateji istiqam\u0259tin t\u0259hlilin\u0259 v\u0259 inki\u015faf\u0131na h\u0259sr olunmu\u015f ilk hesabatlar\u0131 yaln\u0131z XX \u0259srin son on illiyin\u0259 t\u0259sad\u00fcf olunur.<\/p>\n\n\n\n<p>M\u00fcst\u0259qilliyini b\u0259rpa etmi\u015f Az\u0259rbaycan Respublikas\u0131nda m\u00fcasir anlamda insan potensial\u0131n\u0131n inki\u015faf\u0131 il\u0259 ba\u011fl\u0131 v\u0259ziyy\u0259tin fasil\u0259siz monitorinqinin apar\u0131lmas\u0131, t\u0259hlil v\u0259 qiym\u0259tl\u0259ndirm\u0259l\u0259r \u0259sas\u0131nda insan inki\u015faf\u0131 prosesinin idar\u0259 edilm\u0259si d\u0259 ilk d\u0259f\u0259 \u00dcmummilli Lider t\u0259r\u0259find\u0259n h\u0259yata ke\u00e7irilib. Onun t\u0259\u015f\u0259bb\u00fcs\u00fc il\u0259 Az\u0259rbaycan Respublikas\u0131nda BMT-nin \u0130nki\u015faf Proqram\u0131 il\u0259 birlikd\u0259 insan inki\u015faf\u0131 haqq\u0131nda ilk hesabatlar haz\u0131rlan\u0131b. Habel\u0259 BMT-nin Az\u0259rbaycanda \u0130nsan \u0130nki\u015faf\u0131na dair 1996-c\u0131 il hesabat\u0131 d\u00fcnyada \u0259n u\u011furlu, inki\u015faf prosesinin n\u0259z\u0259riyy\u0259si v\u0259 praktikas\u0131na yenilik g\u0259tir\u0259n hesabatlar s\u0131ras\u0131na daxil edilib.<\/p>\n\n\n\n<p>\u0130ctimai-siyasi xadiml\u0259rin, ali t\u0259hsil v\u0259 elm m\u00fc\u0259ssis\u0259l\u0259rinin, ictimaiyy\u0259tin n\u00fcmay\u0259nd\u0259l\u0259rinin i\u015ftirak etdikl\u0259ri elmi-praktik seminar\u0131n sonunda suallar cavabland\u0131r\u0131l\u0131b.<\/p>\n\n\n\n<p><\/p>\n\n\n\n<figure class=\"wp-container-2 wp-block-gallery-1 wp-block-gallery columns-1 is-cropped\"><ul class=\"blocks-gallery-grid\"><li class=\"blocks-gallery-item\"><figure><img width=\"640\" height=\"469\" src=\"https:\/\/dia.edu.az\/wp-content\/uploads\/2021\/03\/MERKEZ22.jpg\" alt=\"\" data-id=\"12877\" data-full-url=\"https:\/\/dia.edu.az\/wp-content\/uploads\/2021\/03\/MERKEZ22.jpg\" data-link=\"https:\/\/dia.edu.az\/?attachment_id=12877\" class=\"wp-image-12877\" srcset=\"https:\/\/legacy.dia.edu.az\/wp-content\/uploads\/2021\/03\/MERKEZ22.jpg 640w, https:\/\/legacy.dia.edu.az\/wp-content\/uploads\/2021\/03\/MERKEZ22-300x220.jpg 300w, https:\/\/legacy.dia.edu.az\/wp-content\/uploads\/2021\/03\/MERKEZ22-16x12.jpg 16w, https:\/\/legacy.dia.edu.az\/wp-content\/uploads\/2021\/03\/MERKEZ22-300x220@2x.jpg 600w\" sizes=\"(max-width: 640px) 100vw, 640px\" \/><\/figure><\/li><\/ul><\/figure>","protected":false},"excerpt":{"rendered":"<p>\u201cHeyd\u0259r \u018fliyev v\u0259 Az\u0259rbaycan\u0131n d\u00f6vl\u0259t idar\u0259etm\u0259 modeli\u201d m\u00f6vzusunda elmi-praktik seminar ke\u00e7irilibOkt 06 , 2015 &#8211; 05:06 Oktyabr\u0131n 6-da Heyd\u0259r \u018fliyev M\u0259rk\u0259zind\u0259 xalq\u0131m\u0131z\u0131n \u00dcmummilli Liderinin irsinin, d\u00f6vl\u0259t\u00e7ilik f\u0259ls\u0259f\u0259sinin t\u0259dqiqi v\u0259 geni\u015f t\u0259bli\u011fi m\u0259qs\u0259dil\u0259 \u201cHeyd\u0259r \u018fliyev v\u0259 Az\u0259rbaycan\u0131n d\u00f6vl\u0259t idar\u0259etm\u0259 modeli\u201d m\u00f6vzusunda elmi-praktik seminar ke\u00e7irilib. M\u0259rk\u0259zin Heyd\u0259r \u018fliyev irsinin t\u0259dqiqi v\u0259 elmi ara\u015fd\u0131rmalar departamentinin direktoru M\u0259h\u0259bb\u0259t Mehdiyeva [&hellip;]<\/p>","protected":false},"author":2,"featured_media":12877,"comment_status":"closed","ping_status":"closed","sticky":false,"template":"","format":"standard","meta":[],"categories":[137],"tags":[],"_links":{"self":[{"href":"https:\/\/legacy.dia.edu.az\/en\/wp-json\/wp\/v2\/posts\/12876"}],"collection":[{"href":"https:\/\/legacy.dia.edu.az\/en\/wp-json\/wp\/v2\/posts"}],"about":[{"href":"https:\/\/legacy.dia.edu.az\/en\/wp-json\/wp\/v2\/types\/post"}],"author":[{"embeddable":true,"href":"https:\/\/legacy.dia.edu.az\/en\/wp-json\/wp\/v2\/users\/2"}],"replies":[{"embeddable":true,"href":"https:\/\/legacy.dia.edu.az\/en\/wp-json\/wp\/v2\/comments?post=12876"}],"version-history":[{"count":0,"href":"https:\/\/legacy.dia.edu.az\/en\/wp-json\/wp\/v2\/posts\/12876\/revisions"}],"wp:featuredmedia":[{"embeddable":true,"href":"https:\/\/legacy.dia.edu.az\/en\/wp-json\/wp\/v2\/media\/12877"}],"wp:attachment":[{"href":"https:\/\/legacy.dia.edu.az\/en\/wp-json\/wp\/v2\/media?parent=12876"}],"wp:term":[{"taxonomy":"category","embeddable":true,"href":"https:\/\/legacy.dia.edu.az\/en\/wp-json\/wp\/v2\/categories?post=12876"},{"taxonomy":"post_tag","embeddable":true,"href":"https:\/\/legacy.dia.edu.az\/en\/wp-json\/wp\/v2\/tags?post=12876"}],"curies":[{"name":"wp","href":"https:\/\/api.w.org\/{rel}","templated":true}]}}