{"id":12873,"date":"2015-10-16T10:53:00","date_gmt":"2015-10-16T07:53:00","guid":{"rendered":"https:\/\/dia.edu.az\/?p=12873"},"modified":"2021-03-17T10:54:50","modified_gmt":"2021-03-17T07:54:50","slug":"dovl%c9%99t-idar%c9%99cilik-akademiyasinda-elmi-praktik-konfrans-kecirilmisdir","status":"publish","type":"post","link":"https:\/\/legacy.dia.edu.az\/en\/arxivl\u0259r\/12873","title":{"rendered":"D\u00f6vl\u0259t \u0130dar\u0259\u00e7ilik Akademiyas\u0131nda elmi-praktik konfrans ke\u00e7irilmi\u015fdir"},"content":{"rendered":"<p><strong>D\u00f6vl\u0259t \u0130dar\u0259\u00e7ilik Akademiyas\u0131nda elmi-praktik konfrans ke\u00e7irilmi\u015fdir<\/strong><br><em>Okt 16 , 2015 &#8211; 05:10<\/em><\/p>\n\n\n\n<p>Oktyabr\u0131n 16-da Az\u0259rbaycan Respublikas\u0131n\u0131n Prezidenti yan\u0131nda D\u00f6vl\u0259t \u0130dar\u0259\u00e7ilik Akademiyas\u0131nda M\u00fcst\u0259qillik g\u00fcn\u00fcn\u0259 h\u0259sr olunmu\u015f elmi-praktik konfrans ke\u00e7irilmi\u015fdir. D\u00f6vl\u0259t Himninin s\u0259sl\u0259nm\u0259sind\u0259n sonra konfrans\u0131 giri\u015f s\u00f6z\u00fc il\u0259 a\u00e7an rektor, akademik Urxan \u018fl\u0259kb\u0259rov Az\u0259rbaycan Respublikas\u0131n\u0131n D\u00f6vl\u0259t m\u00fcst\u0259qilliyi haqq\u0131nda Konstitusiya Akt\u0131n\u0131n q\u0259bul olunmas\u0131n\u0131n ild\u00f6n\u00fcm\u00fcn\u00fc h\u0259r bir az\u0259rbaycanl\u0131n\u0131n b\u00f6y\u00fck f\u0259xrl\u0259 qeyd etdiyi tarixi hadis\u0259 oldu\u011funu bildirmi\u015f, bu m\u00fcnasib\u0259til\u0259 t\u0259dbir i\u015ftirak\u00e7\u0131lar\u0131n\u0131 t\u0259brik etmi\u015f v\u0259 bayram\u0131n \u00f6lk\u0259mizl\u0259 yana\u015f\u0131, d\u00fcnyan\u0131n bir \u00e7ox \u00f6lk\u0259l\u0259rind\u0259 d\u0259 qeyd edildiyini bildirmi\u015fdir. Natiq qeyd etmi\u015fdir ki, Az\u0259rbaycan xalq\u0131 ikinci d\u0259f\u0259 m\u00fcst\u0259qilliyini elan etdi. Bu, xalq\u0131m\u0131z\u0131n siyasi tarixind\u0259 bir \u0259srd\u0259 ya\u015fad\u0131\u011f\u0131 ikinci \u0259n parlaq q\u0259l\u0259b\u0259 idi.<\/p>\n\n\n\n<p>Rektor qeyd etdi ki, m\u00fcst\u0259qilliyimizin ilk ill\u0259rind\u0259 xalq\u0131m\u0131z Ulu \u00d6nd\u0259r Heyd\u0259r \u018fliyev kimi g\u00f6rk\u0259mli bir \u015f\u0259xsiyy\u0259ti siyasi hakimiyy\u0259t\u0259 g\u0259tirilm\u0259si t\u0259l\u0259bi il\u0259 aya\u011fa qalxd\u0131 v\u0259 buna nail oldu.&nbsp;\u00abM\u00fcst\u0259qilliyimiz d\u00f6nm\u0259zdir, \u0259b\u0259didir\u00bb, &#8211; dey\u0259n ulu \u00f6nd\u0259r Heyd\u0259r \u018fliyevin Az\u0259rbaycan\u0131n q\u00fcdr\u0259tli d\u00f6vl\u0259t\u0259 \u00e7evrilm\u0259sin\u0259 y\u00f6n\u0259lmi\u015f m\u00fcdrik siyas\u0259ti bu g\u00fcn Prezident c\u0259nab \u0130lham \u018fliyevin r\u0259hb\u0259rliyi alt\u0131nda s\u00fcr\u0259tl\u0259 inki\u015faf edir, g\u00fccl\u0259nir, q\u00fcdr\u0259tl\u0259nir.<\/p>\n\n\n\n<p>Konfransda D\u00f6vl\u0259t \u0130dar\u0259\u00e7ilik Akademiyas\u0131n\u0131n Politologiya v\u0259 siyasi idar\u0259etm\u0259 kafedrs\u0131n\u0131n m\u00fcdiri, professor Nigar \u018fl\u0259kb\u0259rova, D\u00f6vl\u0259t quruculu\u011fu v\u0259 h\u00fcquq kafedras\u0131n\u0131n m\u00fcdiri, dosent F\u0259xr\u0259ddin Na\u011f\u0131yev, Beyn\u0259lxalq m\u00fcnasib\u0259tl\u0259r v\u0259 xarici siyas\u0259t kafedras\u0131n\u0131n dosenti El\u00e7in \u018fhm\u0259dov m\u0259ruz\u0259 il\u0259 \u00e7\u0131x\u0131\u015f etmi\u015f, d\u00f6vl\u0259t m\u00fcst\u0259qilliyinin b\u0259rpa edilm\u0259sind\u0259n sonra \u00f6lk\u0259mizin ictimai-siyasi h\u0259yat\u0131nda ba\u015f vermi\u015f hadis\u0259l\u0259rd\u0259n, m\u00fcst\u0259qil Az\u0259rbaycan\u0131n davaml\u0131 inki\u015faf\u0131n\u0131n t\u0259min edilm\u0259sind\u0259 d\u00f6vl\u0259tin apard\u0131\u011f\u0131 u\u011furlu strategiyan\u0131n elmi \u0259saslar\u0131ndan b\u0259hs etmi\u015fl\u0259r.<\/p>\n\n\n\n<p><\/p>\n\n\n\n<figure class=\"wp-container-2 wp-block-gallery-1 wp-block-gallery columns-1 is-cropped\"><ul class=\"blocks-gallery-grid\"><li class=\"blocks-gallery-item\"><figure><img width=\"800\" height=\"530\" src=\"https:\/\/dia.edu.az\/wp-content\/uploads\/2021\/03\/000_0200.jpg\" alt=\"\" data-id=\"12874\" data-full-url=\"https:\/\/dia.edu.az\/wp-content\/uploads\/2021\/03\/000_0200.jpg\" data-link=\"https:\/\/dia.edu.az\/?attachment_id=12874\" class=\"wp-image-12874\" srcset=\"https:\/\/legacy.dia.edu.az\/wp-content\/uploads\/2021\/03\/000_0200.jpg 800w, https:\/\/legacy.dia.edu.az\/wp-content\/uploads\/2021\/03\/000_0200-300x199.jpg 300w, https:\/\/legacy.dia.edu.az\/wp-content\/uploads\/2021\/03\/000_0200-16x12.jpg 16w, https:\/\/legacy.dia.edu.az\/wp-content\/uploads\/2021\/03\/000_0200-150x100.jpg 150w, https:\/\/legacy.dia.edu.az\/wp-content\/uploads\/2021\/03\/000_0200-300x199@2x.jpg 600w\" sizes=\"(max-width: 800px) 100vw, 800px\" \/><\/figure><\/li><\/ul><\/figure>","protected":false},"excerpt":{"rendered":"<p>D\u00f6vl\u0259t \u0130dar\u0259\u00e7ilik Akademiyas\u0131nda elmi-praktik konfrans ke\u00e7irilmi\u015fdirOkt 16 , 2015 &#8211; 05:10 Oktyabr\u0131n 16-da Az\u0259rbaycan Respublikas\u0131n\u0131n Prezidenti yan\u0131nda D\u00f6vl\u0259t \u0130dar\u0259\u00e7ilik Akademiyas\u0131nda M\u00fcst\u0259qillik g\u00fcn\u00fcn\u0259 h\u0259sr olunmu\u015f elmi-praktik konfrans ke\u00e7irilmi\u015fdir. D\u00f6vl\u0259t Himninin s\u0259sl\u0259nm\u0259sind\u0259n sonra konfrans\u0131 giri\u015f s\u00f6z\u00fc il\u0259 a\u00e7an rektor, akademik Urxan \u018fl\u0259kb\u0259rov Az\u0259rbaycan Respublikas\u0131n\u0131n D\u00f6vl\u0259t m\u00fcst\u0259qilliyi haqq\u0131nda Konstitusiya Akt\u0131n\u0131n q\u0259bul olunmas\u0131n\u0131n ild\u00f6n\u00fcm\u00fcn\u00fc h\u0259r bir az\u0259rbaycanl\u0131n\u0131n b\u00f6y\u00fck f\u0259xrl\u0259 [&hellip;]<\/p>","protected":false},"author":2,"featured_media":12874,"comment_status":"closed","ping_status":"closed","sticky":false,"template":"","format":"standard","meta":[],"categories":[137],"tags":[],"_links":{"self":[{"href":"https:\/\/legacy.dia.edu.az\/en\/wp-json\/wp\/v2\/posts\/12873"}],"collection":[{"href":"https:\/\/legacy.dia.edu.az\/en\/wp-json\/wp\/v2\/posts"}],"about":[{"href":"https:\/\/legacy.dia.edu.az\/en\/wp-json\/wp\/v2\/types\/post"}],"author":[{"embeddable":true,"href":"https:\/\/legacy.dia.edu.az\/en\/wp-json\/wp\/v2\/users\/2"}],"replies":[{"embeddable":true,"href":"https:\/\/legacy.dia.edu.az\/en\/wp-json\/wp\/v2\/comments?post=12873"}],"version-history":[{"count":0,"href":"https:\/\/legacy.dia.edu.az\/en\/wp-json\/wp\/v2\/posts\/12873\/revisions"}],"wp:featuredmedia":[{"embeddable":true,"href":"https:\/\/legacy.dia.edu.az\/en\/wp-json\/wp\/v2\/media\/12874"}],"wp:attachment":[{"href":"https:\/\/legacy.dia.edu.az\/en\/wp-json\/wp\/v2\/media?parent=12873"}],"wp:term":[{"taxonomy":"category","embeddable":true,"href":"https:\/\/legacy.dia.edu.az\/en\/wp-json\/wp\/v2\/categories?post=12873"},{"taxonomy":"post_tag","embeddable":true,"href":"https:\/\/legacy.dia.edu.az\/en\/wp-json\/wp\/v2\/tags?post=12873"}],"curies":[{"name":"wp","href":"https:\/\/api.w.org\/{rel}","templated":true}]}}