{"id":12864,"date":"2015-10-29T10:51:00","date_gmt":"2015-10-29T07:51:00","guid":{"rendered":"https:\/\/dia.edu.az\/?p=12864"},"modified":"2021-03-17T10:52:23","modified_gmt":"2021-03-17T07:52:23","slug":"g%c9%99nc%c9%99d%c9%99-dunya-tarixcil%c9%99rinin-viii-beyn%c9%99lxalq-ataturk-konqresi-kecirilib","status":"publish","type":"post","link":"https:\/\/legacy.dia.edu.az\/en\/arxivl\u0259r\/12864","title":{"rendered":"G\u0259nc\u0259d\u0259 d\u00fcnya tarix\u00e7il\u0259rinin VIII Beyn\u0259lxalq Atat\u00fcrk konqresi ke\u00e7irilib"},"content":{"rendered":"<p><strong>G\u0259nc\u0259d\u0259 d\u00fcnya tarix\u00e7il\u0259rinin VIII Beyn\u0259lxalq Atat\u00fcrk konqresi ke\u00e7irilib<\/strong><br><em>Okt 29 , 2015 &#8211; 09:52<\/em><\/p>\n\n\n\n<p>G\u0259nc\u0259 \u015f\u0259h\u0259rind\u0259 Az\u0259rbaycan Milli Elml\u0259r Akademiyas\u0131 (AMEA) Tarix \u0130nstitutu v\u0259 T\u00fcrkiy\u0259 C\u00fcmhuriyy\u0259ti Atat\u00fcrk Ara\u015fd\u0131rma M\u0259rk\u0259zinin (ATAM) birg\u0259 t\u0259\u015fkilat\u00e7\u0131l\u0131\u011f\u0131 il\u0259 d\u00fcnya tarix\u00e7il\u0259rinin VIII Beyn\u0259lxalq Atat\u00fcrk konqresi ke\u00e7irilibdir.<\/p>\n\n\n\n<p>Konqresd\u0259 Az\u0259rbaycan Respublikas\u0131n\u0131n mill\u0259tl\u0259raras\u0131, multikulturalizm v\u0259 dini m\u0259s\u0259l\u0259l\u0259r \u00fczr\u0259 d\u00f6vl\u0259t m\u00fc\u015faviri, akademik Kamal Abdullayev Prezident \u0130lham \u018fliyevin d\u00fcnya tarix\u00e7il\u0259rinin VIII beyn\u0259lxalq Atat\u00fcrk konqresinin i\u015ftirak\u00e7\u0131lar\u0131na \u00fcnvanlanm\u0131\u015f t\u0259brik m\u0259ktubunu s\u0259sl\u0259ndiribdir.<\/p>\n\n\n\n<p>Konqresd\u0259 G\u0259nc\u0259 \u015e\u0259h\u0259r \u0130cra Hakimiyy\u0259tinin ba\u015f\u00e7\u0131s\u0131 Elmar V\u0259liyev, AMEA A.Bak\u0131xanov ad\u0131na Tarix \u0130nstitutunun direktoru Yaqub Mahmudov, Atat\u00fcrk Ara\u015fd\u0131rma M\u0259rk\u0259zinin ba\u015fqan\u0131 Mehmet Ali Beyhan, T\u00fcrkiy\u0259 Respublikas\u0131 Nazirl\u0259r Kabineti yan\u0131nda D\u00f6vl\u0259t Arxivl\u0259ri Ba\u015f \u0130dar\u0259sinin r\u0259isi U\u011fur \u00dcnal, Atat\u00fcrk M\u0259d\u0259niyy\u0259t, Dil v\u0259 Tarix \u0130dar\u0259sinin ba\u015fqan\u0131 Derya \u00d6rs, AMEA \u0130ctimai Elml\u0259r B\u00f6lm\u0259sinin (\u0130EB) akademik-katibi, AMEA-n\u0131n m\u00fcxbir \u00fczv\u00fc N\u0259rgiz Axundova, T\u00fcrkiy\u0259nin G\u0259nc\u0259d\u0259ki ba\u015f konsulu Orhan \u0130\u015f\u0131q v\u0259 ba\u015fqalar\u0131 \u00e7\u0131x\u0131\u015f ed\u0259r\u0259k VIII Beyn\u0259lxalq Atat\u00fcrk Konqresinin m\u00fch\u00fcm \u0259h\u0259miyy\u0259tini vur\u011fulay\u0131blar.<\/p>\n\n\n\n<p>Konqresd\u0259 Az\u0259rbaycan Respublikas\u0131n\u0131n Prezidentin\u0259 m\u00fcraci\u0259t q\u0259bul olunmu\u015fdur. \u0130ki g\u00fcn \u0259rzind\u0259 tarixi ara\u015fd\u0131rmalara \u0259saslanan maraql\u0131 m\u0259ruz\u0259l\u0259r dinl\u0259nil\u0259r\u0259k, XIX-XX \u0259srl\u0259r tarixinin aktual probleml\u0259ri m\u00fczakir\u0259 edilmi\u015f v\u0259 130-dan \u00e7ox alimin i\u015ftirak etdiyi konqresd\u0259 90-d\u0259k elmi m\u0259ruz\u0259 dinl\u0259nilibdir.<\/p>\n\n\n\n<p>Az\u0259rbaycan Respublikas\u0131n\u0131n Prezidenti yan\u0131nda D\u00f6vl\u0259t \u0130dar\u0259\u00e7ilik Akademiyas\u0131n\u0131n Tarix kafedras\u0131n\u0131n m\u00fcdiri Firdovsiyy\u0259 \u018fhm\u0259dova Konqresd\u0259 \u201cRusiyan\u0131n Qafqaz siyas\u0259tind\u0259 Az\u0259rbaycan\u0131n yeri (1920-1922-ci ill\u0259r)\u201d m\u00f6vzusunda m\u0259ruz\u0259 etmi\u015fdir.<\/p>\n\n\n\n<p>Konqresin ba\u011flan\u0131\u015f m\u0259rasimind\u0259 Firdovsiyy\u0259 \u018fhm\u0259dova VIII Beyn\u0259lxalq Atat\u00fcrk konqresi i\u015ftirak\u00e7\u0131lar\u0131n\u0131n ad\u0131ndan d\u00fcnya ictimaiyy\u0259tin\u0259 m\u00fcraci\u0259ti oxumu\u015fdur.<\/p>\n\n\n\n<p><\/p>\n\n\n\n<figure class=\"wp-container-2 wp-block-gallery-1 wp-block-gallery columns-2 is-cropped\"><ul class=\"blocks-gallery-grid\"><li class=\"blocks-gallery-item\"><figure><img width=\"640\" height=\"360\" src=\"https:\/\/dia.edu.az\/wp-content\/uploads\/2021\/03\/fifi1.jpg\" alt=\"\" data-id=\"12865\" data-full-url=\"https:\/\/dia.edu.az\/wp-content\/uploads\/2021\/03\/fifi1.jpg\" data-link=\"https:\/\/dia.edu.az\/?attachment_id=12865\" class=\"wp-image-12865\" srcset=\"https:\/\/legacy.dia.edu.az\/wp-content\/uploads\/2021\/03\/fifi1.jpg 640w, https:\/\/legacy.dia.edu.az\/wp-content\/uploads\/2021\/03\/fifi1-300x169.jpg 300w, https:\/\/legacy.dia.edu.az\/wp-content\/uploads\/2021\/03\/fifi1-16x9.jpg 16w, https:\/\/legacy.dia.edu.az\/wp-content\/uploads\/2021\/03\/fifi1-300x169@2x.jpg 600w\" sizes=\"(max-width: 640px) 100vw, 640px\" \/><\/figure><\/li><li class=\"blocks-gallery-item\"><figure><img width=\"640\" height=\"427\" src=\"https:\/\/dia.edu.az\/wp-content\/uploads\/2021\/03\/fira00.jpg\" alt=\"\" data-id=\"12867\" data-full-url=\"https:\/\/dia.edu.az\/wp-content\/uploads\/2021\/03\/fira00.jpg\" data-link=\"https:\/\/dia.edu.az\/?attachment_id=12867\" class=\"wp-image-12867\" srcset=\"https:\/\/legacy.dia.edu.az\/wp-content\/uploads\/2021\/03\/fira00.jpg 640w, https:\/\/legacy.dia.edu.az\/wp-content\/uploads\/2021\/03\/fira00-300x200.jpg 300w, https:\/\/legacy.dia.edu.az\/wp-content\/uploads\/2021\/03\/fira00-16x12.jpg 16w, https:\/\/legacy.dia.edu.az\/wp-content\/uploads\/2021\/03\/fira00-150x100.jpg 150w, https:\/\/legacy.dia.edu.az\/wp-content\/uploads\/2021\/03\/fira00-300x200@2x.jpg 600w\" sizes=\"(max-width: 640px) 100vw, 640px\" \/><\/figure><\/li><li class=\"blocks-gallery-item\"><figure><img width=\"360\" height=\"640\" src=\"https:\/\/dia.edu.az\/wp-content\/uploads\/2021\/03\/fifi2.jpg\" alt=\"\" data-id=\"12866\" data-full-url=\"https:\/\/dia.edu.az\/wp-content\/uploads\/2021\/03\/fifi2.jpg\" data-link=\"https:\/\/dia.edu.az\/?attachment_id=12866\" class=\"wp-image-12866\" srcset=\"https:\/\/legacy.dia.edu.az\/wp-content\/uploads\/2021\/03\/fifi2.jpg 360w, https:\/\/legacy.dia.edu.az\/wp-content\/uploads\/2021\/03\/fifi2-169x300.jpg 169w, https:\/\/legacy.dia.edu.az\/wp-content\/uploads\/2021\/03\/fifi2-7x12.jpg 7w, https:\/\/legacy.dia.edu.az\/wp-content\/uploads\/2021\/03\/fifi2-169x300@2x.jpg 338w\" sizes=\"(max-width: 360px) 100vw, 360px\" \/><\/figure><\/li><\/ul><\/figure>","protected":false},"excerpt":{"rendered":"<p>G\u0259nc\u0259d\u0259 d\u00fcnya tarix\u00e7il\u0259rinin VIII Beyn\u0259lxalq Atat\u00fcrk konqresi ke\u00e7irilibOkt 29 , 2015 &#8211; 09:52 G\u0259nc\u0259 \u015f\u0259h\u0259rind\u0259 Az\u0259rbaycan Milli Elml\u0259r Akademiyas\u0131 (AMEA) Tarix \u0130nstitutu v\u0259 T\u00fcrkiy\u0259 C\u00fcmhuriyy\u0259ti Atat\u00fcrk Ara\u015fd\u0131rma M\u0259rk\u0259zinin (ATAM) birg\u0259 t\u0259\u015fkilat\u00e7\u0131l\u0131\u011f\u0131 il\u0259 d\u00fcnya tarix\u00e7il\u0259rinin VIII Beyn\u0259lxalq Atat\u00fcrk konqresi ke\u00e7irilibdir. Konqresd\u0259 Az\u0259rbaycan Respublikas\u0131n\u0131n mill\u0259tl\u0259raras\u0131, multikulturalizm v\u0259 dini m\u0259s\u0259l\u0259l\u0259r \u00fczr\u0259 d\u00f6vl\u0259t m\u00fc\u015faviri, akademik Kamal Abdullayev Prezident \u0130lham [&hellip;]<\/p>","protected":false},"author":2,"featured_media":12867,"comment_status":"closed","ping_status":"closed","sticky":false,"template":"","format":"standard","meta":[],"categories":[137],"tags":[],"_links":{"self":[{"href":"https:\/\/legacy.dia.edu.az\/en\/wp-json\/wp\/v2\/posts\/12864"}],"collection":[{"href":"https:\/\/legacy.dia.edu.az\/en\/wp-json\/wp\/v2\/posts"}],"about":[{"href":"https:\/\/legacy.dia.edu.az\/en\/wp-json\/wp\/v2\/types\/post"}],"author":[{"embeddable":true,"href":"https:\/\/legacy.dia.edu.az\/en\/wp-json\/wp\/v2\/users\/2"}],"replies":[{"embeddable":true,"href":"https:\/\/legacy.dia.edu.az\/en\/wp-json\/wp\/v2\/comments?post=12864"}],"version-history":[{"count":0,"href":"https:\/\/legacy.dia.edu.az\/en\/wp-json\/wp\/v2\/posts\/12864\/revisions"}],"wp:featuredmedia":[{"embeddable":true,"href":"https:\/\/legacy.dia.edu.az\/en\/wp-json\/wp\/v2\/media\/12867"}],"wp:attachment":[{"href":"https:\/\/legacy.dia.edu.az\/en\/wp-json\/wp\/v2\/media?parent=12864"}],"wp:term":[{"taxonomy":"category","embeddable":true,"href":"https:\/\/legacy.dia.edu.az\/en\/wp-json\/wp\/v2\/categories?post=12864"},{"taxonomy":"post_tag","embeddable":true,"href":"https:\/\/legacy.dia.edu.az\/en\/wp-json\/wp\/v2\/tags?post=12864"}],"curies":[{"name":"wp","href":"https:\/\/api.w.org\/{rel}","templated":true}]}}