{"id":12857,"date":"2015-11-10T10:48:00","date_gmt":"2015-11-10T07:48:00","guid":{"rendered":"https:\/\/dia.edu.az\/?p=12857"},"modified":"2021-03-17T10:49:47","modified_gmt":"2021-03-17T07:49:47","slug":"dovl%c9%99t-bayragi-gunun%c9%99-v%c9%99-konstitusiyamizin-20-illiyin%c9%99-h%c9%99sr-olunan-elmi-praktiki-konfrans","status":"publish","type":"post","link":"https:\/\/legacy.dia.edu.az\/en\/arxivl\u0259r\/12857","title":{"rendered":"D\u00f6vl\u0259t Bayra\u011f\u0131 G\u00fcn\u00fcn\u0259 v\u0259 Konstitusiyam\u0131z\u0131n 20 illiyin\u0259 h\u0259sr olunan elmi-praktiki konfrans"},"content":{"rendered":"<p><strong>D\u00f6vl\u0259t Bayra\u011f\u0131 G\u00fcn\u00fcn\u0259 v\u0259 Konstitusiyam\u0131z\u0131n 20 illiyin\u0259 h\u0259sr olunan elmi-praktiki konfrans<\/strong><br><em>Noy 10 , 2015 &#8211; 10:57<\/em><\/p>\n\n\n\n<p>Noyabr\u0131n 6-da Az\u0259rbaycan Respublikas\u0131n\u0131n Prezidenti yan\u0131nda D\u00f6vl\u0259t \u0130dar\u0259\u00e7ilik Akademiyas\u0131nda (D\u0130A) d\u00f6vl\u0259t suverenliyinin \u0259sas atributlar\u0131 &#8211; Az\u0259rbaycan Respublikas\u0131n\u0131n ilk milli Konstitusiyas\u0131n\u0131n 20 illiyin\u0259 v\u0259 D\u00f6vl\u0259t Bayra\u011f\u0131 G\u00fcn\u00fcn\u0259 h\u0259sr olunan elmi-praktik konfrans ke\u00e7irilib. T\u0259dbir Heyd\u0259r \u018fliyev M\u0259rk\u0259zi v\u0259 D\u0130A-n\u0131n birg\u0259 t\u0259\u015fkilat\u00e7\u0131l\u0131\u011f\u0131, Az\u0259rbaycan Respublikas\u0131 Konstitusiya M\u0259hk\u0259m\u0259si v\u0259 Az\u0259rbaycan Respublikas\u0131n\u0131n Prezidenti yan\u0131nda Bilik Fondunun d\u0259st\u0259yi il\u0259 ke\u00e7irilib.<\/p>\n\n\n\n<p>T\u0259dbir i\u015ftirak\u00e7\u0131lar\u0131 \u0259vv\u0259lc\u0259 D\u0130A-da Heyd\u0259r \u018fliyev M\u0259rk\u0259zinin d\u0259st\u0259yi il\u0259 yarad\u0131lm\u0131\u015f Heyd\u0259r \u018fliyev D\u00f6vl\u0259t \u0130dar\u0259\u00e7iliyi M\u0259kt\u0259bind\u0259 Ulu \u00d6nd\u0259rin h\u0259yat yolunu v\u0259 siyasi f\u0259aliyy\u0259tini \u0259ks etdir\u0259n ekspozisiya il\u0259 tan\u0131\u015f olublar.<\/p>\n\n\n\n<p>Elmi-praktik konfransda D\u0130A-n\u0131n rektoru, akademik Urxan \u018fl\u0259kb\u0259rov dahi r\u0259hb\u0259r Heyd\u0259r \u018fliyevin \u015fanl\u0131 h\u0259yat yolundan, \u00dcmummilli Liderin memar\u0131 oldu\u011fu m\u00fcasir m\u00fcst\u0259qil Az\u0259rbaycan\u0131n t\u0259\u015f\u0259kk\u00fcl\u00fc v\u0259 t\u0259r\u0259qqisi yolunda f\u0259aliyy\u0259tind\u0259n b\u0259hs edib.<\/p>\n\n\n\n<p>Heyd\u0259r \u018fliyev M\u0259rk\u0259zinin Heyd\u0259r \u018fliyev irsinin t\u0259dqiqi v\u0259 elmi ara\u015fd\u0131rmalar departamentinin direktoru M\u0259h\u0259bb\u0259t Mehdiyeva, Az\u0259rbaycan Respublikas\u0131n\u0131n Prezidenti yan\u0131nda Bilik Fondunun aparat r\u0259hb\u0259ri \u0130saxan V\u0259liyev, Konstitusiya M\u0259hk\u0259m\u0259sinin \u015f\u00f6b\u0259 m\u00fcdiri D\u00fcrdan\u0259 M\u0259mm\u0259dova v\u0259 hakiml\u0259ri R\u00f6v\u015f\u0259n \u0130smay\u0131lov, Kamran \u015e\u0259fiyev, D\u0130A-n\u0131n kafedra m\u00fcdirl\u0259ri F\u0259xr\u0259ddin Na\u011f\u0131yev v\u0259 Oruc M\u0259mm\u0259dov, m\u0259ruz\u0259l\u0259rl\u0259 \u00e7\u0131x\u0131\u015flar edibl\u0259r.<\/p>\n\n\n\n<p>Bildirilib ki, b\u00fct\u00fcn h\u0259yat\u0131n\u0131 Az\u0259rbaycan\u0131n t\u0259r\u0259qqisi i\u015fin\u0259 h\u0259sr etmi\u015f \u00fcmummilli lider Heyd\u0259r \u018fliyevin xalq\u0131m\u0131z qar\u015f\u0131s\u0131nda \u0259n b\u00f6y\u00fck xidm\u0259tl\u0259rind\u0259n biri d\u0259 onun birba\u015fa r\u0259hb\u0259rliyi il\u0259 m\u00fcst\u0259qil Az\u0259rbaycan Respublikas\u0131n\u0131n ilk milli Konstitusiyas\u0131n\u0131n haz\u0131rlanmas\u0131 olub. Ulu \u00d6nd\u0259rin r\u0259hb\u0259rliyi il\u0259 1995-ci ild\u0259 t\u0259sis edilmi\u015f ilk Konstitusiya \u00f6lk\u0259mizd\u0259 d\u00f6vl\u0259t\u00e7iliyin inki\u015faf\u0131, h\u00fcquqi d\u00f6vl\u0259t quruculu\u011fu, demokratik d\u0259y\u0259rl\u0259rin b\u0259rq\u0259rar olmas\u0131nda m\u00fch\u00fcm rol oynay\u0131r.<\/p>\n\n\n\n<p>Vur\u011fulan\u0131b ki, \u00fcmummilli lider Heyd\u0259r \u018fliyevin m\u00fc\u0259llifi oldu\u011fu ilk milli Konstitusiyan\u0131n q\u0259bulu m\u00fcasir tariximizin \u0259n m\u00fch\u00fcm hadis\u0259si olmaqla yana\u015f\u0131, h\u0259m d\u0259 Ulu \u00d6nd\u0259rin Az\u0259rbaycan d\u00f6vl\u0259t\u00e7iliyi \u00fc\u00e7\u00fcn \u0259v\u0259zsiz xidm\u0259tl\u0259rind\u0259n biridir. Dahi \u015f\u0259xsiyy\u0259t Konstitusiya layih\u0259sini haz\u0131rlayan x\u00fcsusi komissiyaya bilavasit\u0259 s\u0259drlik edib, d\u0259f\u0259l\u0259rl\u0259 layih\u0259nin a\u00e7\u0131q m\u00fczakir\u0259sini ke\u00e7irm\u0259kl\u0259 onun m\u00fcasir d\u0259y\u0259rl\u0259ri \u00f6z\u00fcnd\u0259 ehtiva ed\u0259n \u0259n m\u00fck\u0259mm\u0259l formada q\u0259bulunu t\u0259min etm\u0259k \u00fc\u00e7\u00fcn g\u0259rgin \u0259m\u0259k s\u0259rf edib.<\/p>\n\n\n\n<p>Diqq\u0259t\u0259 \u00e7atd\u0131r\u0131l\u0131b ki, Konstitusiyam\u0131z \u00fcmumb\u0259\u015f\u0259ri ideyalara, \u0259n qabaqc\u0131l d\u00fcnya t\u0259cr\u00fcb\u0259sin\u0259 \u0259saslanmaqla yana\u015f\u0131, \u00f6z\u00fcnd\u0259 tarixi \u0259n\u0259n\u0259l\u0259rimizi, Az\u0259rbaycan xalq\u0131n\u0131n milli m\u0259n\u0259vi d\u0259y\u0259rl\u0259rini \u0259ks etdirir. Eyni zamanda, x\u00fcsusil\u0259 qeyd olunub ki, bu g\u00fcn Prezident \u0130lham \u018fliyevin m\u0259qs\u0259dy\u00f6nl\u00fc f\u0259aliyy\u0259ti say\u0259sind\u0259 b\u00fct\u00fcn sah\u0259l\u0259rd\u0259 inki\u015faf ed\u0259n Az\u0259rbaycan\u0131n daxili v\u0259 xarici<\/p>\n\n\n\n<p>siyas\u0259ti, \u00f6lk\u0259mizin d\u00fcnya birliyind\u0259 layiqli yer tutmas\u0131, respublikam\u0131zda apar\u0131lan yeni abadl\u0131q-quruculuq i\u015fl\u0259ri ulu \u00f6nd\u0259r Heyd\u0259r \u018fliyevin siyasi irsinin layiqli davam\u0131 kimi qiym\u0259tl\u0259ndirilir.<\/p>\n\n\n\n<p><\/p>\n\n\n\n<figure class=\"wp-container-2 wp-block-gallery-1 wp-block-gallery columns-2 is-cropped\"><ul class=\"blocks-gallery-grid\"><li class=\"blocks-gallery-item\"><figure><img width=\"640\" height=\"427\" src=\"https:\/\/dia.edu.az\/wp-content\/uploads\/2021\/03\/00q1.jpg\" alt=\"\" data-id=\"12858\" data-full-url=\"https:\/\/dia.edu.az\/wp-content\/uploads\/2021\/03\/00q1.jpg\" data-link=\"https:\/\/dia.edu.az\/?attachment_id=12858\" class=\"wp-image-12858\" srcset=\"https:\/\/legacy.dia.edu.az\/wp-content\/uploads\/2021\/03\/00q1.jpg 640w, https:\/\/legacy.dia.edu.az\/wp-content\/uploads\/2021\/03\/00q1-300x200.jpg 300w, https:\/\/legacy.dia.edu.az\/wp-content\/uploads\/2021\/03\/00q1-16x12.jpg 16w, https:\/\/legacy.dia.edu.az\/wp-content\/uploads\/2021\/03\/00q1-150x100.jpg 150w, https:\/\/legacy.dia.edu.az\/wp-content\/uploads\/2021\/03\/00q1-300x200@2x.jpg 600w\" sizes=\"(max-width: 640px) 100vw, 640px\" \/><\/figure><\/li><li class=\"blocks-gallery-item\"><figure><img width=\"640\" height=\"426\" src=\"https:\/\/dia.edu.az\/wp-content\/uploads\/2021\/03\/00112233.jpg\" alt=\"\" data-id=\"12859\" data-full-url=\"https:\/\/dia.edu.az\/wp-content\/uploads\/2021\/03\/00112233.jpg\" data-link=\"https:\/\/dia.edu.az\/?attachment_id=12859\" class=\"wp-image-12859\" srcset=\"https:\/\/legacy.dia.edu.az\/wp-content\/uploads\/2021\/03\/00112233.jpg 640w, https:\/\/legacy.dia.edu.az\/wp-content\/uploads\/2021\/03\/00112233-300x200.jpg 300w, https:\/\/legacy.dia.edu.az\/wp-content\/uploads\/2021\/03\/00112233-16x12.jpg 16w, https:\/\/legacy.dia.edu.az\/wp-content\/uploads\/2021\/03\/00112233-150x100.jpg 150w, https:\/\/legacy.dia.edu.az\/wp-content\/uploads\/2021\/03\/00112233-300x200@2x.jpg 600w\" sizes=\"(max-width: 640px) 100vw, 640px\" \/><\/figure><\/li><\/ul><\/figure>","protected":false},"excerpt":{"rendered":"<p>D\u00f6vl\u0259t Bayra\u011f\u0131 G\u00fcn\u00fcn\u0259 v\u0259 Konstitusiyam\u0131z\u0131n 20 illiyin\u0259 h\u0259sr olunan elmi-praktiki konfransNoy 10 , 2015 &#8211; 10:57 Noyabr\u0131n 6-da Az\u0259rbaycan Respublikas\u0131n\u0131n Prezidenti yan\u0131nda D\u00f6vl\u0259t \u0130dar\u0259\u00e7ilik Akademiyas\u0131nda (D\u0130A) d\u00f6vl\u0259t suverenliyinin \u0259sas atributlar\u0131 &#8211; Az\u0259rbaycan Respublikas\u0131n\u0131n ilk milli Konstitusiyas\u0131n\u0131n 20 illiyin\u0259 v\u0259 D\u00f6vl\u0259t Bayra\u011f\u0131 G\u00fcn\u00fcn\u0259 h\u0259sr olunan elmi-praktik konfrans ke\u00e7irilib. T\u0259dbir Heyd\u0259r \u018fliyev M\u0259rk\u0259zi v\u0259 D\u0130A-n\u0131n birg\u0259 t\u0259\u015fkilat\u00e7\u0131l\u0131\u011f\u0131, [&hellip;]<\/p>","protected":false},"author":2,"featured_media":12858,"comment_status":"closed","ping_status":"closed","sticky":false,"template":"","format":"standard","meta":[],"categories":[137],"tags":[],"_links":{"self":[{"href":"https:\/\/legacy.dia.edu.az\/en\/wp-json\/wp\/v2\/posts\/12857"}],"collection":[{"href":"https:\/\/legacy.dia.edu.az\/en\/wp-json\/wp\/v2\/posts"}],"about":[{"href":"https:\/\/legacy.dia.edu.az\/en\/wp-json\/wp\/v2\/types\/post"}],"author":[{"embeddable":true,"href":"https:\/\/legacy.dia.edu.az\/en\/wp-json\/wp\/v2\/users\/2"}],"replies":[{"embeddable":true,"href":"https:\/\/legacy.dia.edu.az\/en\/wp-json\/wp\/v2\/comments?post=12857"}],"version-history":[{"count":0,"href":"https:\/\/legacy.dia.edu.az\/en\/wp-json\/wp\/v2\/posts\/12857\/revisions"}],"wp:featuredmedia":[{"embeddable":true,"href":"https:\/\/legacy.dia.edu.az\/en\/wp-json\/wp\/v2\/media\/12858"}],"wp:attachment":[{"href":"https:\/\/legacy.dia.edu.az\/en\/wp-json\/wp\/v2\/media?parent=12857"}],"wp:term":[{"taxonomy":"category","embeddable":true,"href":"https:\/\/legacy.dia.edu.az\/en\/wp-json\/wp\/v2\/categories?post=12857"},{"taxonomy":"post_tag","embeddable":true,"href":"https:\/\/legacy.dia.edu.az\/en\/wp-json\/wp\/v2\/tags?post=12857"}],"curies":[{"name":"wp","href":"https:\/\/api.w.org\/{rel}","templated":true}]}}