{"id":12850,"date":"2015-11-23T10:46:00","date_gmt":"2015-11-23T07:46:00","guid":{"rendered":"https:\/\/dia.edu.az\/?p=12850"},"modified":"2021-03-17T10:46:56","modified_gmt":"2021-03-17T07:46:56","slug":"dia-da-ikt-sah%c9%99sind%c9%99-%c9%99sas-istiqam%c9%99tl%c9%99r-v%c9%99-is-imkanlari-movzusunda-seminar-kecirilmisdir","status":"publish","type":"post","link":"https:\/\/legacy.dia.edu.az\/en\/arxivl\u0259r\/12850","title":{"rendered":"D\u0130A-da \u201c\u0130KT sah\u0259sind\u0259 \u0259sas istiqam\u0259tl\u0259r v\u0259 i\u015f imkanlar\u0131\u201d m\u00f6vzusunda seminar ke\u00e7irilmi\u015fdir"},"content":{"rendered":"<p><strong>D\u0130A-da \u201c\u0130KT sah\u0259sind\u0259 \u0259sas istiqam\u0259tl\u0259r v\u0259 i\u015f imkanlar\u0131\u201d m\u00f6vzusunda seminar ke\u00e7irilmi\u015fdir<\/strong><br><em>Noy 23 , 2015 &#8211; 03:37<\/em><\/p>\n\n\n\n<p>22 noyabr 2015-ci il tarixind\u0259 Az\u0259rbaycan Respublikas\u0131 Prezidenti yan\u0131nda D\u00f6vl\u0259t \u0130dar\u0259\u00e7ilik Akademiyas\u0131n\u0131n f\u0259al t\u0259l\u0259b\u0259-g\u0259ncl\u0259ri \u00fc\u00e7\u00fcn \u201c\u0130KT sah\u0259sind\u0259 \u0259sas istiqam\u0259tl\u0259r v\u0259 i\u015f imkanlar\u0131\u201d m\u00f6vzusunda seminar-treninq ke\u00e7irilmi\u015fdir. T\u0259dbiri D\u0130A-n\u0131n&nbsp;\u201c\u0130nzibati idar\u0259etm\u0259\u201d fakult\u0259si v\u0259 MilliByte MMC \u015firk\u0259ti birg\u0259 t\u0259\u015fkil etmi\u015fl\u0259r.<\/p>\n\n\n\n<p>Seminarda &#8220;D\u00f6vl\u0259t idar\u0259\u00e7iliyind\u0259 informasiya texnologiyalar\u0131&#8221; kafedras\u0131n\u0131n dosenti&nbsp;<a href=\"https:\/\/www.facebook.com\/aga.mehdi.mehdi.aliyev\">A\u011famehdi Mehdi\u0259liyev<\/a>&nbsp;m\u00fcasir qloballa\u015fma \u015f\u0259raitind\u0259 \u00f6lk\u0259nin, informasiya c\u0259miyy\u0259tinin inki\u015faf\u0131nda informasiya-kommunikasiya texnologiyalar\u0131n\u0131n (\u0130KT) m\u00fch\u00fcm rolundan dan\u0131\u015fm\u0131\u015fd\u0131r. O, respublikam\u0131zda elm, t\u0259hsil, s\u0259hiyy\u0259, iqtisadiyyat v\u0259 dig\u0259r sah\u0259l\u0259rd\u0259 \u0130KT-nin t\u0259tbiqind\u0259 m\u00fc\u0259yy\u0259n u\u011furlar qazan\u0131ld\u0131\u011f\u0131n\u0131 diqq\u0259t\u0259 \u00e7atd\u0131rm\u0131\u015fd\u0131r.<\/p>\n\n\n\n<p>&nbsp;&nbsp; Seminar zaman\u0131 MilliByte MMC-nin r\u0259hb\u0259ri K\u0259rim Tahiro\u011flu v\u0259 m\u0259ruz\u0259\u00e7i Tural Na\u011f\u0131yev \u0130KT sah\u0259sind\u0259 \u0259sas istiqam\u0259tl\u0259r v\u0259 i\u015f imkanlar\u0131 haqq\u0131nda geni\u015f m\u0259lumat vermi\u015fl\u0259r.<\/p>\n\n\n\n<p>Sonda m\u00f6vzu il\u0259 ba\u011fl\u0131 m\u00fczakir\u0259l\u0259r apar\u0131lm\u0131\u015f v\u0259 t\u0259l\u0259b\u0259l\u0259rin suallar\u0131 cavabland\u0131r\u0131lm\u0131\u015fd\u0131r.<\/p>\n\n\n\n<p><\/p>\n\n\n\n<figure class=\"wp-container-2 wp-block-gallery-1 wp-block-gallery columns-1 is-cropped\"><ul class=\"blocks-gallery-grid\"><li class=\"blocks-gallery-item\"><figure><img width=\"640\" height=\"480\" src=\"https:\/\/dia.edu.az\/wp-content\/uploads\/2021\/03\/000000.jpg\" alt=\"\" data-id=\"12851\" data-full-url=\"https:\/\/dia.edu.az\/wp-content\/uploads\/2021\/03\/000000.jpg\" data-link=\"https:\/\/dia.edu.az\/?attachment_id=12851\" class=\"wp-image-12851\" srcset=\"https:\/\/legacy.dia.edu.az\/wp-content\/uploads\/2021\/03\/000000.jpg 640w, https:\/\/legacy.dia.edu.az\/wp-content\/uploads\/2021\/03\/000000-300x225.jpg 300w, https:\/\/legacy.dia.edu.az\/wp-content\/uploads\/2021\/03\/000000-16x12.jpg 16w, https:\/\/legacy.dia.edu.az\/wp-content\/uploads\/2021\/03\/000000-300x225@2x.jpg 600w\" sizes=\"(max-width: 640px) 100vw, 640px\" \/><\/figure><\/li><\/ul><\/figure>","protected":false},"excerpt":{"rendered":"<p>D\u0130A-da \u201c\u0130KT sah\u0259sind\u0259 \u0259sas istiqam\u0259tl\u0259r v\u0259 i\u015f imkanlar\u0131\u201d m\u00f6vzusunda seminar ke\u00e7irilmi\u015fdirNoy 23 , 2015 &#8211; 03:37 22 noyabr 2015-ci il tarixind\u0259 Az\u0259rbaycan Respublikas\u0131 Prezidenti yan\u0131nda D\u00f6vl\u0259t \u0130dar\u0259\u00e7ilik Akademiyas\u0131n\u0131n f\u0259al t\u0259l\u0259b\u0259-g\u0259ncl\u0259ri \u00fc\u00e7\u00fcn \u201c\u0130KT sah\u0259sind\u0259 \u0259sas istiqam\u0259tl\u0259r v\u0259 i\u015f imkanlar\u0131\u201d m\u00f6vzusunda seminar-treninq ke\u00e7irilmi\u015fdir. T\u0259dbiri D\u0130A-n\u0131n&nbsp;\u201c\u0130nzibati idar\u0259etm\u0259\u201d fakult\u0259si v\u0259 MilliByte MMC \u015firk\u0259ti birg\u0259 t\u0259\u015fkil etmi\u015fl\u0259r. Seminarda &#8220;D\u00f6vl\u0259t idar\u0259\u00e7iliyind\u0259 [&hellip;]<\/p>","protected":false},"author":2,"featured_media":12851,"comment_status":"closed","ping_status":"closed","sticky":false,"template":"","format":"standard","meta":[],"categories":[137],"tags":[],"_links":{"self":[{"href":"https:\/\/legacy.dia.edu.az\/en\/wp-json\/wp\/v2\/posts\/12850"}],"collection":[{"href":"https:\/\/legacy.dia.edu.az\/en\/wp-json\/wp\/v2\/posts"}],"about":[{"href":"https:\/\/legacy.dia.edu.az\/en\/wp-json\/wp\/v2\/types\/post"}],"author":[{"embeddable":true,"href":"https:\/\/legacy.dia.edu.az\/en\/wp-json\/wp\/v2\/users\/2"}],"replies":[{"embeddable":true,"href":"https:\/\/legacy.dia.edu.az\/en\/wp-json\/wp\/v2\/comments?post=12850"}],"version-history":[{"count":0,"href":"https:\/\/legacy.dia.edu.az\/en\/wp-json\/wp\/v2\/posts\/12850\/revisions"}],"wp:featuredmedia":[{"embeddable":true,"href":"https:\/\/legacy.dia.edu.az\/en\/wp-json\/wp\/v2\/media\/12851"}],"wp:attachment":[{"href":"https:\/\/legacy.dia.edu.az\/en\/wp-json\/wp\/v2\/media?parent=12850"}],"wp:term":[{"taxonomy":"category","embeddable":true,"href":"https:\/\/legacy.dia.edu.az\/en\/wp-json\/wp\/v2\/categories?post=12850"},{"taxonomy":"post_tag","embeddable":true,"href":"https:\/\/legacy.dia.edu.az\/en\/wp-json\/wp\/v2\/tags?post=12850"}],"curies":[{"name":"wp","href":"https:\/\/api.w.org\/{rel}","templated":true}]}}