{"id":12847,"date":"2015-11-26T10:44:00","date_gmt":"2015-11-26T07:44:00","guid":{"rendered":"https:\/\/dia.edu.az\/?p=12847"},"modified":"2021-03-17T10:45:50","modified_gmt":"2021-03-17T07:45:50","slug":"ankarada-davamli-inkisafin-az%c9%99rbaycan-modelind%c9%99n-b%c9%99hs-edilib","status":"publish","type":"post","link":"https:\/\/legacy.dia.edu.az\/en\/arxivl\u0259r\/12847","title":{"rendered":"Ankarada davaml\u0131 inki\u015faf\u0131n Az\u0259rbaycan modelind\u0259n b\u0259hs edilib"},"content":{"rendered":"<p><strong>Ankarada davaml\u0131 inki\u015faf\u0131n Az\u0259rbaycan modelind\u0259n b\u0259hs edilib<\/strong><br><em>Noy 26 , 2015 &#8211; 02:13<\/em><\/p>\n\n\n\n<p>Ankarada \u201cDavaml\u0131 \u0130nki\u015faf\u0131n h\u0259d\u0259fl\u0259ri. XXI \u0259sr &#8211; \u0130dar\u0259etm\u0259 Texnologiyalar\u0131: Az\u0259rbaycan modeli\u201d m\u00f6vzusunda konfrans ke\u00e7irilib.<\/p>\n\n\n\n<p>T\u00fcrkiy\u0259 v\u0259 Orta \u015e\u0259rq D\u00f6vl\u0259t \u0130dar\u0259\u00e7iliyi \u0130nstitutunda (TODA\u0130E) t\u0259\u015fkil edil\u0259n konfransda tan\u0131nm\u0131\u015f elm adamlar\u0131, h\u00f6kum\u0259t v\u0259 yerli idar\u0259etm\u0259 orqanlar\u0131n\u0131n n\u00fcmay\u0259nd\u0259l\u0259ri, diplomatik missiya t\u0259msil\u00e7il\u0259ri, m\u00fcxt\u0259lif \u00f6lk\u0259l\u0259rd\u0259n olan g\u0259nc t\u0259dqiqat\u00e7\u0131lar i\u015ftirak edibl\u0259r.<\/p>\n\n\n\n<p>Az\u0259rbaycan Respublikas\u0131n\u0131n Prezidenti yan\u0131nda D\u00f6vl\u0259t \u0130dar\u0259\u00e7ilik Akademiyas\u0131n\u0131n rektoru, akademik Urxan \u018fl\u0259kb\u0259rovun \u00f6lk\u0259mizin inki\u015faf\u0131 il\u0259 ba\u011fl\u0131 n\u00fcfuzlu beyn\u0259lxalq qurumlar\u0131n qiym\u0259tl\u0259ndirm\u0259l\u0259rin\u0259 \u0259saslanan \u00e7\u0131x\u0131\u015f\u0131 konfrans i\u015ftirak\u00e7\u0131lar\u0131 t\u0259r\u0259find\u0259n b\u00f6y\u00fck maraqla qar\u015f\u0131lan\u0131b. \u00c7\u0131x\u0131\u015f zaman\u0131 Az\u0259rbaycan\u0131n davaml\u0131 inki\u015faf\u0131n\u0131 \u0259ks etdir\u0259n nailiyy\u0259tl\u0259r, m\u00fcxt\u0259lif sah\u0259l\u0259r \u00fczr\u0259 g\u00f6st\u0259ricil\u0259ri monitorda n\u00fcmayi\u015f olunub.<\/p>\n\n\n\n<p>Urxan \u018fl\u0259kb\u0259rov qeyd edib ki, davaml\u0131 inki\u015faf d\u00fcnyan\u0131n \u0259n b\u00f6y\u00fck prioriteti oldu\u011fu \u00fc\u00e7\u00fcn BMT-nin cari ilin sentyabr ay\u0131nda ke\u00e7iril\u0259n sessiyas\u0131 v\u0259 dig\u0259r m\u00fch\u00fcm beyn\u0259lxalq sammitl\u0259r bu m\u00f6vzuya h\u0259sr edilib, 2015-2030-cu ill\u0259r \u00fc\u00e7\u00fcn q\u0259bul edilmi\u015f m\u0259qs\u0259dl\u0259r \u201cDavaml\u0131 inki\u015faf h\u0259d\u0259fl\u0259ri\u201d kimi tarix\u0259 d\u00fc\u015f\u00fcb. Az\u0259rbaycan\u0131n h\u0259min t\u0259dbirl\u0259rd\u0259n \u0259vv\u0259l davaml\u0131 inki\u015faf\u0131 \u00f6z siyas\u0259tind\u0259 prioritet istiqam\u0259t kimi q\u0259bul etm\u0259si \u00f6lk\u0259mizin \u0259ld\u0259 etdiyi n\u0259tic\u0259l\u0259rin b\u00f6y\u00fck maraqla qar\u015f\u0131lanmas\u0131na s\u0259b\u0259b olub.<\/p>\n\n\n\n<p>Az\u0259rbaycanl\u0131 alim diqq\u0259t\u0259 \u00e7atd\u0131r\u0131b ki, m\u00fch\u00fcm iqtisadi nailiyy\u0259tl\u0259r Erm\u0259nistan il\u0259 m\u00fcnaqi\u015f\u0259 v\u0259 torpaqlar\u0131m\u0131z\u0131n 20 faizinin i\u015f\u011fal alt\u0131nda olmas\u0131 fonunda qazan\u0131l\u0131b.<\/p>\n\n\n\n<p>T\u0259dbir i\u015ftirak\u00e7\u0131lar\u0131 Az\u0259rbaycan\u0131n davaml\u0131 inki\u015faf modeli il\u0259 ba\u011fl\u0131 m\u0259lumatlar\u0131 b\u00f6y\u00fck maraqla qarsalay\u0131blar.<\/p>\n\n\n\n<p>Daha sonra m\u0259ruz\u0259\u00e7i konfrans i\u015ftirak\u00e7\u0131lar\u0131n\u0131 maraqland\u0131ran suallar\u0131 cavabland\u0131r\u0131b.<\/p>\n\n\n\n<p>Konfransda Az\u0259rbaycan\u0131n Ankaradak\u0131 s\u0259firi Faiq Ba\u011f\u0131rov, D\u00f6vl\u0259t \u0130dar\u0259\u00e7ilik Akademiyas\u0131n\u0131n \u015f\u00f6b\u0259 m\u00fcdiri R\u0259c\u0259b R\u0259himli v\u0259 dig\u0259r \u015f\u0259xsl\u0259r i\u015ftirak edibl\u0259r.<\/p>\n\n\n\n<p><\/p>\n\n\n\n<figure class=\"wp-container-2 wp-block-gallery-1 wp-block-gallery columns-1 is-cropped\"><ul class=\"blocks-gallery-grid\"><li class=\"blocks-gallery-item\"><figure><img width=\"638\" height=\"480\" src=\"https:\/\/dia.edu.az\/wp-content\/uploads\/2021\/03\/URX.jpg\" alt=\"\" data-id=\"12848\" data-full-url=\"https:\/\/dia.edu.az\/wp-content\/uploads\/2021\/03\/URX.jpg\" data-link=\"https:\/\/dia.edu.az\/?attachment_id=12848\" class=\"wp-image-12848\" srcset=\"https:\/\/legacy.dia.edu.az\/wp-content\/uploads\/2021\/03\/URX.jpg 638w, https:\/\/legacy.dia.edu.az\/wp-content\/uploads\/2021\/03\/URX-300x226.jpg 300w, https:\/\/legacy.dia.edu.az\/wp-content\/uploads\/2021\/03\/URX-16x12.jpg 16w, https:\/\/legacy.dia.edu.az\/wp-content\/uploads\/2021\/03\/URX-300x226@2x.jpg 600w\" sizes=\"(max-width: 638px) 100vw, 638px\" \/><\/figure><\/li><\/ul><\/figure>","protected":false},"excerpt":{"rendered":"<p>Ankarada davaml\u0131 inki\u015faf\u0131n Az\u0259rbaycan modelind\u0259n b\u0259hs edilibNoy 26 , 2015 &#8211; 02:13 Ankarada \u201cDavaml\u0131 \u0130nki\u015faf\u0131n h\u0259d\u0259fl\u0259ri. XXI \u0259sr &#8211; \u0130dar\u0259etm\u0259 Texnologiyalar\u0131: Az\u0259rbaycan modeli\u201d m\u00f6vzusunda konfrans ke\u00e7irilib. T\u00fcrkiy\u0259 v\u0259 Orta \u015e\u0259rq D\u00f6vl\u0259t \u0130dar\u0259\u00e7iliyi \u0130nstitutunda (TODA\u0130E) t\u0259\u015fkil edil\u0259n konfransda tan\u0131nm\u0131\u015f elm adamlar\u0131, h\u00f6kum\u0259t v\u0259 yerli idar\u0259etm\u0259 orqanlar\u0131n\u0131n n\u00fcmay\u0259nd\u0259l\u0259ri, diplomatik missiya t\u0259msil\u00e7il\u0259ri, m\u00fcxt\u0259lif \u00f6lk\u0259l\u0259rd\u0259n olan g\u0259nc t\u0259dqiqat\u00e7\u0131lar i\u015ftirak [&hellip;]<\/p>","protected":false},"author":2,"featured_media":12848,"comment_status":"closed","ping_status":"closed","sticky":false,"template":"","format":"standard","meta":[],"categories":[137],"tags":[],"_links":{"self":[{"href":"https:\/\/legacy.dia.edu.az\/en\/wp-json\/wp\/v2\/posts\/12847"}],"collection":[{"href":"https:\/\/legacy.dia.edu.az\/en\/wp-json\/wp\/v2\/posts"}],"about":[{"href":"https:\/\/legacy.dia.edu.az\/en\/wp-json\/wp\/v2\/types\/post"}],"author":[{"embeddable":true,"href":"https:\/\/legacy.dia.edu.az\/en\/wp-json\/wp\/v2\/users\/2"}],"replies":[{"embeddable":true,"href":"https:\/\/legacy.dia.edu.az\/en\/wp-json\/wp\/v2\/comments?post=12847"}],"version-history":[{"count":0,"href":"https:\/\/legacy.dia.edu.az\/en\/wp-json\/wp\/v2\/posts\/12847\/revisions"}],"wp:featuredmedia":[{"embeddable":true,"href":"https:\/\/legacy.dia.edu.az\/en\/wp-json\/wp\/v2\/media\/12848"}],"wp:attachment":[{"href":"https:\/\/legacy.dia.edu.az\/en\/wp-json\/wp\/v2\/media?parent=12847"}],"wp:term":[{"taxonomy":"category","embeddable":true,"href":"https:\/\/legacy.dia.edu.az\/en\/wp-json\/wp\/v2\/categories?post=12847"},{"taxonomy":"post_tag","embeddable":true,"href":"https:\/\/legacy.dia.edu.az\/en\/wp-json\/wp\/v2\/tags?post=12847"}],"curies":[{"name":"wp","href":"https:\/\/api.w.org\/{rel}","templated":true}]}}