{"id":12844,"date":"2015-11-27T10:43:00","date_gmt":"2015-11-27T07:43:00","guid":{"rendered":"https:\/\/dia.edu.az\/?p=12844"},"modified":"2021-03-17T10:44:25","modified_gmt":"2021-03-17T07:44:25","slug":"az%c9%99rbaycanciliq-m%c9%99fkur%c9%99si-il%c9%99-bagli-d%c9%99yirmi-masa","status":"publish","type":"post","link":"https:\/\/legacy.dia.edu.az\/en\/arxivl\u0259r\/12844","title":{"rendered":"Az\u0259rbaycan\u00e7\u0131l\u0131q m\u0259fkur\u0259si il\u0259 ba\u011fl\u0131 \u201cd\u0259yirmi masa\u201d"},"content":{"rendered":"<p><strong>Az\u0259rbaycan\u00e7\u0131l\u0131q m\u0259fkur\u0259si il\u0259 ba\u011fl\u0131 \u201cd\u0259yirmi masa\u201d<\/strong><br><em>Noy 27 , 2015 &#8211; 10:19<\/em><\/p>\n\n\n\n<p>Noyabr\u0131n 27-d\u0259 Az\u0259rbaycan Respublikas\u0131n\u0131n Prezidenti yan\u0131nda D\u00f6vl\u0259t \u0130dar\u0259\u00e7ilik Akademiyas\u0131nda (D\u0130A) \u201cAz\u0259rbaycan\u00e7\u0131l\u0131q m\u0259fkur\u0259si: d\u00fcn\u0259ni, bu g\u00fcn\u00fc v\u0259 sabah\u0131\u201d m\u00f6vzusunda \u201cd\u0259yirmi masa\u201d ke\u00e7irilib.<\/p>\n\n\n\n<p>T\u0259dbir Az\u0259rbaycan Respublikas\u0131n\u0131n mill\u0259tl\u0259raras\u0131, multikulturalizm v\u0259 dini m\u0259s\u0259l\u0259l\u0259r \u00fczr\u0259 D\u00f6vl\u0259t m\u00fc\u015favirliyi xidm\u0259ti, Bak\u0131 Beyn\u0259lxalq Multikulturalizm M\u0259rk\u0259zi, D\u00f6vl\u0259t \u0130dar\u0259\u00e7ilik Akademiyas\u0131 v\u0259 Bak\u0131 Slavyan Universitetinin birg\u0259 t\u0259\u015fkilat\u00e7\u0131l\u0131\u011f\u0131 il\u0259 realla\u015fd\u0131r\u0131l\u0131b.<\/p>\n\n\n\n<p>T\u0259dbird\u0259 D\u0130A-n\u0131n rektoru, akademik Urxan \u018fl\u0259kb\u0259rov az\u0259rbaycan\u00e7\u0131l\u0131q ideologiyas\u0131n\u0131n inki\u015faf m\u0259rh\u0259l\u0259l\u0259rind\u0259n, bu ideologiyan\u0131n formala\u015fmas\u0131nda \u00fcmummilli lider Heyd\u0259r \u018fliyevin tarixi xidm\u0259tl\u0259rind\u0259n dan\u0131\u015f\u0131b, dahi r\u0259hb\u0259rin ideyalar\u0131n\u0131n Prezident \u0130lham \u018fliyev t\u0259r\u0259find\u0259n u\u011furla h\u0259yata ke\u00e7irildiyini bildirib.<\/p>\n\n\n\n<p>Az\u0259rbaycan\u00e7\u0131l\u0131q v\u0259 multikulturalizm sah\u0259sind\u0259 \u0259h\u0259miyy\u0259tli t\u0259dbirl\u0259rin realla\u015fd\u0131r\u0131ld\u0131\u011f\u0131n\u0131 qeyd ed\u0259n rektor, bu sah\u0259d\u0259 t\u0259dqiqatlar\u0131n, m\u00fczakir\u0259l\u0259rin apar\u0131lmas\u0131n\u0131n vacibliyini vur\u011fulay\u0131b.<\/p>\n\n\n\n<p>Akademik U.\u018fl\u0259kb\u0259rov az\u0259rbaycan\u00e7\u0131l\u0131q ideologiyas\u0131n\u0131n d\u00f6vl\u0259t siyas\u0259tinin \u0259sas prioritetl\u0259rind\u0259n birin\u0259 \u00e7evrilm\u0259si bar\u0259d\u0259 fikirl\u0259rini qeyd edib.<\/p>\n\n\n\n<p>D\u0130A-n\u0131n t\u0259dris i\u015fl\u0259ri \u00fczr\u0259 prorektoru, professor \u018flikram Abdullayev \u201cAz\u0259rbaycan\u00e7\u0131l\u0131q milli birlik paradiqmas\u0131 kimi\u201d m\u00f6vzusunda m\u0259ruz\u0259sind\u0259 c\u0259miyy\u0259td\u0259 bu ideologiyan\u0131n m\u00fch\u00fcm rolundan v\u0259 \u0259h\u0259miyy\u0259tind\u0259n dan\u0131\u015f\u0131b.<\/p>\n\n\n\n<p>\u201cAz\u0259rbaycan\u00e7\u0131l\u0131q m\u0259fkur\u0259si v\u0259 multikulturalizm\u201d m\u00f6vzusunda m\u0259ruz\u0259 ed\u0259n D\u0130A-n\u0131n f\u0259ls\u0259f\u0259 v\u0259 sosial psixologiya kafedras\u0131n\u0131n m\u00fcdiri, professor Etibar N\u0259c\u0259fov milli \u015f\u00fcurun, milli t\u0259f\u0259kk\u00fcr\u00fcn inki\u015faf\u0131 il\u0259 ba\u011fl\u0131 fikirl\u0259rini b\u00f6l\u00fc\u015f\u00fcb. Az\u0259rbaycan\u00e7\u0131l\u0131q ideologiyas\u0131n\u0131n formala\u015fmas\u0131nda ulu \u00f6nd\u0259r Heyd\u0259r \u018fliyevin \u0259v\u0259zsiz rolundan b\u0259hs ed\u0259n E.N\u0259c\u0259fov bildirib ki, \u00dcmummilli Lider az\u0259rbaycan\u00e7\u0131l\u0131\u011f\u0131 bir milli ideologiya kimi qoruyub saxlay\u0131b, onu yeni, m\u00fcasir d\u00f6vr\u0259 uy\u011fun olaraq inki\u015faf etdirib. \u018fsas\u0131 dahi r\u0259hb\u0259r Heyd\u0259r \u018fliyev t\u0259r\u0259find\u0259n qoyulmu\u015f multikulturalizm siyas\u0259ti m\u00fcasir d\u00f6vrd\u0259 Prezident \u0130lham \u018fliyev t\u0259r\u0259find\u0259n u\u011furla davam etdirilir.<\/p>\n\n\n\n<p>M\u0259ruz\u0259\u00e7i Az\u0259rbaycan\u0131n multikulturalizm sah\u0259sind\u0259 d\u00fcnyan\u0131n \u00f6nd\u0259 ged\u0259n \u00f6lk\u0259l\u0259rind\u0259n biri oldu\u011funu vur\u011fulay\u0131b.<\/p>\n\n\n\n<p>T\u0259dbird\u0259 \u201cAz\u0259rbaycan Xalq C\u00fcmhuriyy\u0259ti d\u00f6vr\u00fcnd\u0259 dini v\u0259 etnik m\u00fcxt\u0259lifliyin t\u0259nziml\u0259nm\u0259si siyas\u0259ti\u201d, \u201c XIX \u0259srin II yar\u0131s\u0131nda\u2013XX \u0259srin \u0259vv\u0259ll\u0259rind\u0259 Az\u0259rbaycan ictimai fikir tarixind\u0259 az\u0259rbaycan\u00e7\u0131l\u0131q ideyas\u0131\u201d, \u201cD\u00f6vl\u0259t din m\u00fcnasib\u0259tl\u0259rinin t\u0259nziml\u0259nm\u0259sind\u0259 az\u0259rbaycan\u00e7\u0131l\u0131q m\u0259fkur\u0259sinin rolu\u201d, \u201cAz\u0259rbaycan\u00e7\u0131l\u0131q ideyas\u0131n\u0131n f\u0259ls\u0259fi mahiyy\u0259ti\u201d m\u00f6vzular\u0131nda m\u0259ruz\u0259l\u0259r dinl\u0259nilib.<\/p>\n\n\n\n<p>Sonra m\u00f6vzu il\u0259 ba\u011fl\u0131 geni\u015f m\u00fczakir\u0259l\u0259r apar\u0131l\u0131b.<\/p>\n\n\n\n<p><\/p>\n\n\n\n<figure class=\"wp-container-2 wp-block-gallery-1 wp-block-gallery columns-1 is-cropped\"><ul class=\"blocks-gallery-grid\"><li class=\"blocks-gallery-item\"><figure><img width=\"640\" height=\"381\" src=\"https:\/\/dia.edu.az\/wp-content\/uploads\/2021\/03\/aaaaaa.jpg\" alt=\"\" data-id=\"12845\" data-full-url=\"https:\/\/dia.edu.az\/wp-content\/uploads\/2021\/03\/aaaaaa.jpg\" data-link=\"https:\/\/dia.edu.az\/?attachment_id=12845\" class=\"wp-image-12845\" srcset=\"https:\/\/legacy.dia.edu.az\/wp-content\/uploads\/2021\/03\/aaaaaa.jpg 640w, https:\/\/legacy.dia.edu.az\/wp-content\/uploads\/2021\/03\/aaaaaa-300x179.jpg 300w, https:\/\/legacy.dia.edu.az\/wp-content\/uploads\/2021\/03\/aaaaaa-16x10.jpg 16w, https:\/\/legacy.dia.edu.az\/wp-content\/uploads\/2021\/03\/aaaaaa-300x179@2x.jpg 600w\" sizes=\"(max-width: 640px) 100vw, 640px\" \/><\/figure><\/li><\/ul><\/figure>","protected":false},"excerpt":{"rendered":"<p>Az\u0259rbaycan\u00e7\u0131l\u0131q m\u0259fkur\u0259si il\u0259 ba\u011fl\u0131 \u201cd\u0259yirmi masa\u201dNoy 27 , 2015 &#8211; 10:19 Noyabr\u0131n 27-d\u0259 Az\u0259rbaycan Respublikas\u0131n\u0131n Prezidenti yan\u0131nda D\u00f6vl\u0259t \u0130dar\u0259\u00e7ilik Akademiyas\u0131nda (D\u0130A) \u201cAz\u0259rbaycan\u00e7\u0131l\u0131q m\u0259fkur\u0259si: d\u00fcn\u0259ni, bu g\u00fcn\u00fc v\u0259 sabah\u0131\u201d m\u00f6vzusunda \u201cd\u0259yirmi masa\u201d ke\u00e7irilib. T\u0259dbir Az\u0259rbaycan Respublikas\u0131n\u0131n mill\u0259tl\u0259raras\u0131, multikulturalizm v\u0259 dini m\u0259s\u0259l\u0259l\u0259r \u00fczr\u0259 D\u00f6vl\u0259t m\u00fc\u015favirliyi xidm\u0259ti, Bak\u0131 Beyn\u0259lxalq Multikulturalizm M\u0259rk\u0259zi, D\u00f6vl\u0259t \u0130dar\u0259\u00e7ilik Akademiyas\u0131 v\u0259 Bak\u0131 Slavyan Universitetinin [&hellip;]<\/p>","protected":false},"author":2,"featured_media":12845,"comment_status":"closed","ping_status":"closed","sticky":false,"template":"","format":"standard","meta":[],"categories":[137],"tags":[],"_links":{"self":[{"href":"https:\/\/legacy.dia.edu.az\/en\/wp-json\/wp\/v2\/posts\/12844"}],"collection":[{"href":"https:\/\/legacy.dia.edu.az\/en\/wp-json\/wp\/v2\/posts"}],"about":[{"href":"https:\/\/legacy.dia.edu.az\/en\/wp-json\/wp\/v2\/types\/post"}],"author":[{"embeddable":true,"href":"https:\/\/legacy.dia.edu.az\/en\/wp-json\/wp\/v2\/users\/2"}],"replies":[{"embeddable":true,"href":"https:\/\/legacy.dia.edu.az\/en\/wp-json\/wp\/v2\/comments?post=12844"}],"version-history":[{"count":0,"href":"https:\/\/legacy.dia.edu.az\/en\/wp-json\/wp\/v2\/posts\/12844\/revisions"}],"wp:featuredmedia":[{"embeddable":true,"href":"https:\/\/legacy.dia.edu.az\/en\/wp-json\/wp\/v2\/media\/12845"}],"wp:attachment":[{"href":"https:\/\/legacy.dia.edu.az\/en\/wp-json\/wp\/v2\/media?parent=12844"}],"wp:term":[{"taxonomy":"category","embeddable":true,"href":"https:\/\/legacy.dia.edu.az\/en\/wp-json\/wp\/v2\/categories?post=12844"},{"taxonomy":"post_tag","embeddable":true,"href":"https:\/\/legacy.dia.edu.az\/en\/wp-json\/wp\/v2\/tags?post=12844"}],"curies":[{"name":"wp","href":"https:\/\/api.w.org\/{rel}","templated":true}]}}