{"id":12829,"date":"2015-12-07T10:37:00","date_gmt":"2015-12-07T07:37:00","guid":{"rendered":"https:\/\/dia.edu.az\/?p=12829"},"modified":"2021-03-17T10:38:01","modified_gmt":"2021-03-17T07:38:01","slug":"dia-iqtisadiyyat-idar%c9%99etm%c9%99-v%c9%99-marketinq-uzr%c9%99-coxistiqam%c9%99tli-elmi-konfransda-t%c9%99msil-olunub","status":"publish","type":"post","link":"https:\/\/legacy.dia.edu.az\/en\/arxivl\u0259r\/12829","title":{"rendered":"D\u0130A \u201c\u0130qtisadiyyat, \u0130dar\u0259etm\u0259 v\u0259 Marketinq \u00fczr\u0259 \u00e7oxistiqam\u0259tli Elmi Konfransda t\u0259msil olunub"},"content":{"rendered":"<p><strong>D\u0130A \u201c\u0130qtisadiyyat, \u0130dar\u0259etm\u0259 v\u0259 Marketinq \u00fczr\u0259 \u00e7oxistiqam\u0259tli Elmi Konfransda t\u0259msil olunub<\/strong><br><em>Dek 07 , 2015 &#8211; 02:34<\/em><\/p>\n\n\n\n<p>Az\u0259rbaycan Respublikas\u0131n\u0131n Prezidenti yan\u0131nda D\u00f6vl\u0259t \u0130dar\u0259\u00e7ilik Akademiyas\u0131 \u201cD\u00f6vl\u0259t idar\u0259etm\u0259si v\u0259 menecment\u201d kafedras\u0131n\u0131n m\u00fcdiri prof. X.H\u00fcseynova<\/p>\n\n\n\n<p>4-6 dekabr tarixl\u0259rind\u0259 \u201c\u00c7exiya Texniki Universiteti\u201d v\u0259 \u201cAkademik Konfranslar Assosiyas\u0131\u201dn\u0131n t\u0259\u015fkilat\u00e7\u0131l\u0131\u011f\u0131 il\u0259 \u00c7exiya Respublikas\u0131n\u0131n Praqa \u015f\u0259h\u0259rind\u0259 ke\u00e7iril\u0259n<\/p>\n\n\n\n<p>\u201c\u0130qtisadiyyat, \u0130dar\u0259etm\u0259 v\u0259 Marketinq \u00fczr\u0259 \u00e7oxistiqam\u0259tli Elmi Konfrans\u201dda i\u015ftirak etmi\u015fdir. Konfrans\u0131n b\u00f6lm\u0259l\u0259rinin birin\u0259 r\u0259hb\u0259rlik ed\u0259n prof. X. H\u00fcseynova \u201cDavaml\u0131 inki\u015faf\u0131n t\u0259min olunmas\u0131nda v\u0259 regionun r\u0259qab\u0259tqabiliyy\u0259tliliyinin art\u0131r\u0131lmas\u0131nda proqram-m\u0259qs\u0259dli t\u0259nziml\u0259m\u0259\u201d m\u00f6vzusunda \u00e7\u0131x\u0131\u015f etmi\u015fdir.<\/p>\n\n\n\n<p><\/p>\n\n\n\n<figure class=\"wp-container-2 wp-block-gallery-1 wp-block-gallery columns-2 is-cropped\"><ul class=\"blocks-gallery-grid\"><li class=\"blocks-gallery-item\"><figure><img width=\"640\" height=\"480\" src=\"https:\/\/dia.edu.az\/wp-content\/uploads\/2021\/03\/xat1-1.jpg\" alt=\"\" data-id=\"12830\" data-full-url=\"https:\/\/dia.edu.az\/wp-content\/uploads\/2021\/03\/xat1-1.jpg\" data-link=\"https:\/\/dia.edu.az\/?attachment_id=12830\" class=\"wp-image-12830\" srcset=\"https:\/\/legacy.dia.edu.az\/wp-content\/uploads\/2021\/03\/xat1-1.jpg 640w, https:\/\/legacy.dia.edu.az\/wp-content\/uploads\/2021\/03\/xat1-1-300x225.jpg 300w, https:\/\/legacy.dia.edu.az\/wp-content\/uploads\/2021\/03\/xat1-1-16x12.jpg 16w, https:\/\/legacy.dia.edu.az\/wp-content\/uploads\/2021\/03\/xat1-1-300x225@2x.jpg 600w\" sizes=\"(max-width: 640px) 100vw, 640px\" \/><\/figure><\/li><li class=\"blocks-gallery-item\"><figure><img width=\"640\" height=\"480\" src=\"https:\/\/dia.edu.az\/wp-content\/uploads\/2021\/03\/xat2-2.jpg\" alt=\"\" data-id=\"12831\" data-full-url=\"https:\/\/dia.edu.az\/wp-content\/uploads\/2021\/03\/xat2-2.jpg\" data-link=\"https:\/\/dia.edu.az\/?attachment_id=12831\" class=\"wp-image-12831\" srcset=\"https:\/\/legacy.dia.edu.az\/wp-content\/uploads\/2021\/03\/xat2-2.jpg 640w, https:\/\/legacy.dia.edu.az\/wp-content\/uploads\/2021\/03\/xat2-2-300x225.jpg 300w, https:\/\/legacy.dia.edu.az\/wp-content\/uploads\/2021\/03\/xat2-2-16x12.jpg 16w, https:\/\/legacy.dia.edu.az\/wp-content\/uploads\/2021\/03\/xat2-2-300x225@2x.jpg 600w\" sizes=\"(max-width: 640px) 100vw, 640px\" \/><\/figure><\/li><\/ul><\/figure>","protected":false},"excerpt":{"rendered":"<p>D\u0130A \u201c\u0130qtisadiyyat, \u0130dar\u0259etm\u0259 v\u0259 Marketinq \u00fczr\u0259 \u00e7oxistiqam\u0259tli Elmi Konfransda t\u0259msil olunubDek 07 , 2015 &#8211; 02:34 Az\u0259rbaycan Respublikas\u0131n\u0131n Prezidenti yan\u0131nda D\u00f6vl\u0259t \u0130dar\u0259\u00e7ilik Akademiyas\u0131 \u201cD\u00f6vl\u0259t idar\u0259etm\u0259si v\u0259 menecment\u201d kafedras\u0131n\u0131n m\u00fcdiri prof. X.H\u00fcseynova 4-6 dekabr tarixl\u0259rind\u0259 \u201c\u00c7exiya Texniki Universiteti\u201d v\u0259 \u201cAkademik Konfranslar Assosiyas\u0131\u201dn\u0131n t\u0259\u015fkilat\u00e7\u0131l\u0131\u011f\u0131 il\u0259 \u00c7exiya Respublikas\u0131n\u0131n Praqa \u015f\u0259h\u0259rind\u0259 ke\u00e7iril\u0259n \u201c\u0130qtisadiyyat, \u0130dar\u0259etm\u0259 v\u0259 Marketinq \u00fczr\u0259 \u00e7oxistiqam\u0259tli Elmi [&hellip;]<\/p>","protected":false},"author":2,"featured_media":12831,"comment_status":"closed","ping_status":"closed","sticky":false,"template":"","format":"standard","meta":[],"categories":[137],"tags":[],"_links":{"self":[{"href":"https:\/\/legacy.dia.edu.az\/en\/wp-json\/wp\/v2\/posts\/12829"}],"collection":[{"href":"https:\/\/legacy.dia.edu.az\/en\/wp-json\/wp\/v2\/posts"}],"about":[{"href":"https:\/\/legacy.dia.edu.az\/en\/wp-json\/wp\/v2\/types\/post"}],"author":[{"embeddable":true,"href":"https:\/\/legacy.dia.edu.az\/en\/wp-json\/wp\/v2\/users\/2"}],"replies":[{"embeddable":true,"href":"https:\/\/legacy.dia.edu.az\/en\/wp-json\/wp\/v2\/comments?post=12829"}],"version-history":[{"count":0,"href":"https:\/\/legacy.dia.edu.az\/en\/wp-json\/wp\/v2\/posts\/12829\/revisions"}],"wp:featuredmedia":[{"embeddable":true,"href":"https:\/\/legacy.dia.edu.az\/en\/wp-json\/wp\/v2\/media\/12831"}],"wp:attachment":[{"href":"https:\/\/legacy.dia.edu.az\/en\/wp-json\/wp\/v2\/media?parent=12829"}],"wp:term":[{"taxonomy":"category","embeddable":true,"href":"https:\/\/legacy.dia.edu.az\/en\/wp-json\/wp\/v2\/categories?post=12829"},{"taxonomy":"post_tag","embeddable":true,"href":"https:\/\/legacy.dia.edu.az\/en\/wp-json\/wp\/v2\/tags?post=12829"}],"curies":[{"name":"wp","href":"https:\/\/api.w.org\/{rel}","templated":true}]}}