{"id":12822,"date":"2015-12-08T10:34:00","date_gmt":"2015-12-08T07:34:00","guid":{"rendered":"https:\/\/dia.edu.az\/?p=12822"},"modified":"2021-03-17T10:35:20","modified_gmt":"2021-03-17T07:35:20","slug":"dovl%c9%99t-idar%c9%99cilik-akademiyasinda-s%c9%99m%c9%99d-b%c9%99y-mehmandarovun-160-illik-yubileyi-qeyd-edilib","status":"publish","type":"post","link":"https:\/\/legacy.dia.edu.az\/en\/arxivl\u0259r\/12822","title":{"rendered":"D\u00f6vl\u0259t \u0130dar\u0259\u00e7ilik Akademiyas\u0131nda S\u0259m\u0259d b\u0259y Mehmandarovun 160 illik yubileyi qeyd edilib"},"content":{"rendered":"<p><strong>D\u00f6vl\u0259t \u0130dar\u0259\u00e7ilik Akademiyas\u0131nda S\u0259m\u0259d b\u0259y Mehmandarovun 160 illik yubileyi qeyd edilib<\/strong><br><em>Dek 08 , 2015 &#8211; 02:41<\/em><\/p>\n\n\n\n<p>Az\u0259rbaycan Respublikas\u0131 Prezidentinin S\u0259r\u0259ncam\u0131na \u0259sas\u0259n S\u0259m\u0259d b\u0259y Mehmandarovun 160 illik yubileyinin ke\u00e7irilm\u0259si haqq\u0131nda s\u0259r\u0259ncam\u0131 r\u0259hb\u0259r tutaraq Az\u0259rbaycan Respublikas\u0131n\u0131n Prezidenti yan\u0131nda D\u00f6vl\u0259t \u0130dar\u0259\u00e7ilik Akademiyas\u0131nda yubiley t\u0259dbiri ke\u00e7irilmi\u015fdir. G\u00f6rk\u0259mli h\u0259rbi xadim, Az\u0259rbaycan Xalq C\u00fcmhuriyy\u0259tinin h\u0259rbi naziri, general S\u0259m\u0259d b\u0259y Sad\u0131q b\u0259y o\u011flu Mehmandarovun h\u0259rb tarixin\u0259 v\u0259 Az\u0259rbaycan d\u00f6vl\u0259t\u00e7iliyi tarixin\u0259 verdiyi t\u00f6hf\u0259l\u0259r Akademiyan\u0131n t\u0259l\u0259b\u0259l\u0259ri qar\u015f\u0131s\u0131nda qeyd edilmi\u015fdir. \u201cD\u00f6y\u00fc\u015f meydanlar\u0131ndak\u0131 y\u00fcks\u0259k pe\u015f\u0259karl\u0131\u011f\u0131 v\u0259 zabit \u015f\u0259r\u0259fin\u0259 h\u0259dsiz s\u0259daq\u0259ti il\u0259 Az\u0259rbaycan xalq\u0131n\u0131n h\u0259rb salnam\u0259sin\u0259 unudulmaz s\u0259hif\u0259l\u0259r yazmas\u0131, Az\u0259rbaycan Xalq C\u00fcmhuriyy\u0259ti yarad\u0131lark\u0259n ordu quruculu\u011fu prosesinin b\u00fct\u00fcnl\u00fckl\u0259 milli z\u0259min \u00fcz\u0259rind\u0259 h\u0259yata ke\u00e7irilm\u0259si, h\u0259rbi potensial\u0131n m\u0259har\u0259tl\u0259 istiqam\u0259tl\u0259ndirilm\u0259si v\u0259 konkret tarixi \u015f\u0259raitd\u0259 \u00f6lk\u0259nin \u0259razi b\u00fct\u00f6vl\u00fcy\u00fcn\u00fcn, h\u0259rbi t\u0259hl\u00fck\u0259sizliyinin layiqinc\u0259 t\u0259\u015fkil edilm\u0259si\u201d m\u0259hz general S\u0259m\u0259d b\u0259y Mehmandarovun f\u0259aliyy\u0259tinin n\u0259tic\u0259si kimi i\u015f\u0131qland\u0131r\u0131lm\u0131\u015fd\u0131r. D\u00f6vl\u0259t \u0130dar\u0259\u00e7ilik Akademiyas\u0131 \u201cTarix\u201d kafedras\u0131n\u0131n m\u00fcdiri dosent Firdovsiy\u0259 \u018fhm\u0259dovan\u0131n t\u0259\u015fkilat\u00e7\u0131l\u0131\u011f\u0131 il\u0259 ke\u00e7iril\u0259n t\u0259dbird\u0259 D\u00f6vl\u0259t \u0130dar\u0259\u00e7ilik Akademiyas\u0131n\u0131n I kurs t\u0259l\u0259b\u0259l\u0259ri Yas\u0259m\u0259n \u018fmiraslanova v\u0259 Taleh \u0130brahimov general S\u0259m\u0259d b\u0259y Mehmandarovun h\u0259yat yolunu, h\u0259rb\u00e7i \u00f6mr\u00fcn\u00fcn salnam\u0259sini t\u0259rtib etdikl\u0259ri video-material\u0131n m\u00fc\u015fayi\u0259tind\u0259 diqq\u0259t\u0259 \u00e7atd\u0131rm\u0131\u015flar.<\/p>\n\n\n\n<p>T\u0259dbird\u0259 General S\u0259m\u0259d b\u0259y Mehmandarova h\u0259sr olunmu\u015f kitab s\u0259rgisi d\u0259 maraqla qar\u015f\u0131lanm\u0131\u015fd\u0131r.<\/p>\n\n\n\n<p><\/p>\n\n\n\n<figure class=\"wp-container-2 wp-block-gallery-1 wp-block-gallery columns-1 is-cropped\"><ul class=\"blocks-gallery-grid\"><li class=\"blocks-gallery-item\"><figure><img width=\"640\" height=\"424\" src=\"https:\/\/dia.edu.az\/wp-content\/uploads\/2021\/03\/fira1.jpg\" alt=\"\" data-id=\"12823\" data-full-url=\"https:\/\/dia.edu.az\/wp-content\/uploads\/2021\/03\/fira1.jpg\" data-link=\"https:\/\/dia.edu.az\/?attachment_id=12823\" class=\"wp-image-12823\" srcset=\"https:\/\/legacy.dia.edu.az\/wp-content\/uploads\/2021\/03\/fira1.jpg 640w, https:\/\/legacy.dia.edu.az\/wp-content\/uploads\/2021\/03\/fira1-300x199.jpg 300w, https:\/\/legacy.dia.edu.az\/wp-content\/uploads\/2021\/03\/fira1-16x12.jpg 16w, https:\/\/legacy.dia.edu.az\/wp-content\/uploads\/2021\/03\/fira1-150x100.jpg 150w, https:\/\/legacy.dia.edu.az\/wp-content\/uploads\/2021\/03\/fira1-300x199@2x.jpg 600w\" sizes=\"(max-width: 640px) 100vw, 640px\" \/><\/figure><\/li><\/ul><\/figure>","protected":false},"excerpt":{"rendered":"<p>D\u00f6vl\u0259t \u0130dar\u0259\u00e7ilik Akademiyas\u0131nda S\u0259m\u0259d b\u0259y Mehmandarovun 160 illik yubileyi qeyd edilibDek 08 , 2015 &#8211; 02:41 Az\u0259rbaycan Respublikas\u0131 Prezidentinin S\u0259r\u0259ncam\u0131na \u0259sas\u0259n S\u0259m\u0259d b\u0259y Mehmandarovun 160 illik yubileyinin ke\u00e7irilm\u0259si haqq\u0131nda s\u0259r\u0259ncam\u0131 r\u0259hb\u0259r tutaraq Az\u0259rbaycan Respublikas\u0131n\u0131n Prezidenti yan\u0131nda D\u00f6vl\u0259t \u0130dar\u0259\u00e7ilik Akademiyas\u0131nda yubiley t\u0259dbiri ke\u00e7irilmi\u015fdir. G\u00f6rk\u0259mli h\u0259rbi xadim, Az\u0259rbaycan Xalq C\u00fcmhuriyy\u0259tinin h\u0259rbi naziri, general S\u0259m\u0259d b\u0259y Sad\u0131q b\u0259y [&hellip;]<\/p>","protected":false},"author":2,"featured_media":12823,"comment_status":"closed","ping_status":"closed","sticky":false,"template":"","format":"standard","meta":[],"categories":[137],"tags":[],"_links":{"self":[{"href":"https:\/\/legacy.dia.edu.az\/en\/wp-json\/wp\/v2\/posts\/12822"}],"collection":[{"href":"https:\/\/legacy.dia.edu.az\/en\/wp-json\/wp\/v2\/posts"}],"about":[{"href":"https:\/\/legacy.dia.edu.az\/en\/wp-json\/wp\/v2\/types\/post"}],"author":[{"embeddable":true,"href":"https:\/\/legacy.dia.edu.az\/en\/wp-json\/wp\/v2\/users\/2"}],"replies":[{"embeddable":true,"href":"https:\/\/legacy.dia.edu.az\/en\/wp-json\/wp\/v2\/comments?post=12822"}],"version-history":[{"count":0,"href":"https:\/\/legacy.dia.edu.az\/en\/wp-json\/wp\/v2\/posts\/12822\/revisions"}],"wp:featuredmedia":[{"embeddable":true,"href":"https:\/\/legacy.dia.edu.az\/en\/wp-json\/wp\/v2\/media\/12823"}],"wp:attachment":[{"href":"https:\/\/legacy.dia.edu.az\/en\/wp-json\/wp\/v2\/media?parent=12822"}],"wp:term":[{"taxonomy":"category","embeddable":true,"href":"https:\/\/legacy.dia.edu.az\/en\/wp-json\/wp\/v2\/categories?post=12822"},{"taxonomy":"post_tag","embeddable":true,"href":"https:\/\/legacy.dia.edu.az\/en\/wp-json\/wp\/v2\/tags?post=12822"}],"curies":[{"name":"wp","href":"https:\/\/api.w.org\/{rel}","templated":true}]}}