{"id":12816,"date":"2015-12-11T10:32:00","date_gmt":"2015-12-11T07:32:00","guid":{"rendered":"https:\/\/dia.edu.az\/?p=12816"},"modified":"2021-03-17T10:33:53","modified_gmt":"2021-03-17T07:33:53","slug":"dovl%c9%99t-idar%c9%99cilik-akademiyasinin-n%c9%99zdind%c9%99-f%c9%99aliyy%c9%99t-gost%c9%99r%c9%99n-heyd%c9%99r-%c9%99liyev-dovl%c9%99t-idar%c9%99cilik-m%c9%99kt%c9%99bind%c9%99-umu","status":"publish","type":"post","link":"https:\/\/legacy.dia.edu.az\/en\/arxivl\u0259r\/12816","title":{"rendered":"D\u00f6vl\u0259t \u0130dar\u0259\u00e7ilik Akademiyas\u0131n\u0131n n\u0259zdind\u0259 f\u0259aliyy\u0259t g\u00f6st\u0259r\u0259n \u201cHeyd\u0259r \u018fliyev D\u00f6vl\u0259t \u0130dar\u0259\u00e7ilik M\u0259kt\u0259bi\u201dnd\u0259 \u00fcmummilli lider Heyd\u0259r \u018fliyevin xatir\u0259sin\u0259 h\u0259sr edilmi\u015f an\u0131m t\u0259dbiri ke\u00e7irilmi\u015fdir"},"content":{"rendered":"<p><strong>D\u00f6vl\u0259t \u0130dar\u0259\u00e7ilik Akademiyas\u0131n\u0131n n\u0259zdind\u0259 f\u0259aliyy\u0259t g\u00f6st\u0259r\u0259n \u201cHeyd\u0259r \u018fliyev D\u00f6vl\u0259t \u0130dar\u0259\u00e7ilik M\u0259kt\u0259bi\u201dnd\u0259 \u00fcmummilli lider Heyd\u0259r \u018fliyevin xatir\u0259sin\u0259 h\u0259sr edilmi\u015f an\u0131m t\u0259dbiri ke\u00e7irilmi\u015fdir<\/strong><br><em>Dek 11 , 2015 &#8211; 06:50<\/em><\/p>\n\n\n\n<p>Dekabr\u0131n 11-d\u0259 Az\u0259rbaycan Respublikas\u0131n\u0131n Prezidenti yan\u0131nda D\u00f6vl\u0259t \u0130dar\u0259\u00e7ilik Akademiyas\u0131 v\u0259 Heyd\u0259r \u018fliyev M\u0259rk\u0259zinin birg\u0259 \u0259m\u0259kda\u015fl\u0131\u011f\u0131 il\u0259 f\u0259aliyy\u0259t g\u00f6st\u0259r\u0259n Heyd\u0259r \u018fliyev D\u00f6vl\u0259t \u0130dar\u0259\u00e7iliyi M\u0259kt\u0259bind\u0259 \u00fcmummilli lider Heyd\u0259r \u018fliyevin xatir\u0259sin\u0259 h\u0259sr edilmi\u015f an\u0131m t\u0259dbiri ke\u00e7irilmi\u015fdir. T\u0259dbir i\u015ftirak\u00e7\u0131lar\u0131 \u0259vv\u0259lc\u0259 \u00fcmummilli liderin b\u00fcst\u00fcn\u00fc ziyar\u0259t ed\u0259r\u0259k \u00f6n\u00fcn\u0259 g\u00fcll\u0259r d\u00fczm\u00fc\u015f, dahi \u015f\u0259xsiyy\u0259t\u0259 h\u00f6rm\u0259t v\u0259 ehtiramlar\u0131n\u0131 bildirmi\u015fl\u0259r.<\/p>\n\n\n\n<p>D\u00f6vl\u0259t \u0130dar\u0259\u00e7ilik Akademiyas\u0131n\u0131n n\u0259zdind\u0259 f\u0259aliyy\u0259t g\u00f6st\u0259r\u0259n \u201cHeyd\u0259r \u018fliyev D\u00f6vl\u0259t \u0130dar\u0259\u00e7ilik M\u0259kt\u0259bi\u201dnd\u0259 an\u0131m t\u0259dbirini rektor, akademik Urxan \u018fl\u0259kb\u0259rov a\u00e7araq \u00fcmummilli lider, d\u00fcnya \u015f\u00f6hr\u0259tli siyasi xadim Heyd\u0259r \u018fliyevin xalq\u0131m\u0131z qar\u015f\u0131s\u0131ndak\u0131 misilsiz xidm\u0259tl\u0259rind\u0259n dan\u0131\u015fm\u0131\u015fd\u0131r. O, qeyd etmi\u015fdir ki, Az\u0259rbaycan\u0131n m\u00fcasir tarixind\u0259 Heyd\u0259r \u018fliyevin m\u00fcst\u0259sna xidm\u0259tl\u0259rinin ictimai-siyas\u0131 mahiyy\u0259ti h\u0259l\u0259 uzun ill\u0259r t\u0259dqiqat\u00e7\u0131lar\u0131n diqq\u0259t m\u0259rk\u0259zind\u0259 olacaq, m\u00fcasir Az\u0259rbaycan d\u00f6vl\u0259tinin memar\u0131 v\u0259 qurucusu Heyd\u0259r \u018fliyevin xatir\u0259si Az\u0259rbaycan ad\u0131 ya\u015fad\u0131qca, o da daim xalq\u0131m\u0131z\u0131n yadda\u015f\u0131nda, \u00fcr\u0259kl\u0259rd\u0259 ya\u015fayacaqd\u0131r.<\/p>\n\n\n\n<p>Rektor, Heyd\u0259r \u018fliyevin \u00f6lk\u0259mizin inki\u015faf\u0131 sah\u0259sind\u0259 ba\u015flad\u0131\u011f\u0131 n\u0259h\u0259ng i\u015fl\u0259r, m\u00f6ht\u0259\u015f\u0259m layih\u0259l\u0259rin bu g\u00fcn onun layiqli davam\u00e7\u0131s\u0131 m\u00f6ht\u0259r\u0259m Prezidentimiz c\u0259nab \u0130lham \u018fliyev t\u0259r\u0259find\u0259n u\u011furla v\u0259 yarad\u0131c\u0131l\u0131qla davam etdirildiyini diqq\u0259t\u0259 \u00e7atd\u0131rm\u0131\u015fd\u0131r.<\/p>\n\n\n\n<p>T\u0259dbird\u0259 \u00e7\u0131x\u0131\u015f ed\u0259n mill\u0259t v\u0259kli, D\u00f6vl\u0259t \u0130dar\u0259\u00e7ilik Akademiyas\u0131 \u201cSiyasi ara\u015fd\u0131rmalar institutu\u201dnun m\u00fcdiri professor Elman N\u0259sirov, mill\u0259t v\u0259kili, professor Musa Quliyev, \u201cTarix\u201d kafedras\u0131n\u0131n m\u00fcdiri, dosent Firdovsiyy\u0259 \u018fhm\u0259dova v\u0259 \u00e7\u0131x\u0131\u015f ed\u0259n dig\u0259r natiql\u0259r d\u00fcnya \u015f\u00f6hr\u0259tli siyasi xadim Heyd\u0259r \u018fliyevin z\u0259ngin h\u0259yat v\u0259 f\u0259aliyy\u0259tind\u0259n, Az\u0259rbaycan\u0131n tarixind\u0259ki rolundan, demokratik, h\u00fcquqi d\u00f6vl\u0259t quruculu\u011fu istiqam\u0259tind\u0259 h\u0259yata ke\u00e7irdiyi u\u011furlu islahatlardan dan\u0131\u015fm\u0131\u015f, onun parlaq z\u0259kas\u0131, d\u00f6vl\u0259t\u00e7ilik t\u0259cr\u00fcb\u0259si, yenilm\u0259zliyi v\u0259 c\u0259sar\u0259ti il\u0259 m\u00fcst\u0259qil Az\u0259rbaycan d\u00f6vl\u0259tini m\u0259hvolma t\u0259hl\u00fck\u0259sind\u0259n qoruyub saxlamas\u0131n\u0131, \u00dcmummilli Lider Heyd\u0259r \u018fliyevin v\u0259t\u0259n v\u0259 xalq qar\u015f\u0131s\u0131nda xidm\u0259tl\u0259rini xat\u0131rlatm\u0131\u015flar. Qeyd edilmi\u015fdir ki, ulu \u00f6nd\u0259r Heyd\u0259r \u018fliyev m\u00fcasir Az\u0259rbaycan\u0131n m\u00fcr\u0259kk\u0259b v\u0259 taley\u00fckl\u00fc d\u00f6vr\u00fcnd\u0259 d\u00f6vl\u0259t\u0259 r\u0259hb\u0259rlik missiyas\u0131n\u0131 \u00f6z \u00fcz\u0259rin\u0259 g\u00f6t\u00fcrm\u00fc\u015f, dahi \u015f\u0259xsiyy\u0259t Az\u0259rbaycana r\u0259hb\u0259rlik etdiyi ill\u0259rd\u0259 \u00f6lk\u0259mizin inki\u015faf\u0131 namin\u0259 \u0259lind\u0259n g\u0259l\u0259ni \u0259sirg\u0259m\u0259mi\u015f, Ulu \u00d6nd\u0259r xalq\u0131m\u0131z\u0131n parlaq simas\u0131 olmaqla yana\u015f\u0131, d\u00fcnya siyasi elitas\u0131n\u0131n g\u00f6rk\u0259mli \u015f\u0259xsiyy\u0259tl\u0259rind\u0259n biri kimi tarixd\u0259 silinm\u0259z iz qoymu\u015fdur. T\u0259dbir ulu \u00f6nd\u0259rin Az\u0259rbaycan xalq\u0131na \u00fcnvanlad\u0131\u011f\u0131 bu s\u00f6zl\u0259rl\u0259 yekunla\u015fd\u0131: &#8220;Az\u0259rbaycan\u0131 qoruyun, Az\u0259rbaycan\u0131n m\u00fcst\u0259qilliyini m\u00f6hk\u0259ml\u0259ndirin, Az\u0259rbaycan\u0131n daxili imkanlar\u0131ndan v\u0259 potensial\u0131ndan s\u0259m\u0259r\u0259li istifad\u0259 edin. Az\u0259rbaycan bundan sonra he\u00e7 vaxt \u00f6z m\u00fcst\u0259qilliyini itirm\u0259y\u0259c\u0259k. Yaln\u0131z v\u0259 yaln\u0131z \u00f6z imkanlar\u0131n\u0131 ortaya qoyaraq daha da m\u00f6hk\u0259m d\u00f6vl\u0259t\u0259 \u00e7evril\u0259c\u0259k, d\u00fcnyaya g\u00fcn\u0259\u015f kimi do\u011facaqd\u0131r&#8221;.<\/p>\n\n\n\n<p>An\u0131m t\u0259dbirind\u0259 Heyd\u0259r \u018fliyev M\u0259rk\u0259zinin \u0259m\u0259kda\u015flar\u0131, D\u0130A-n\u0131n professor-m\u00fc\u0259llim v\u0259 t\u0259l\u0259b\u0259 hey\u0259ti i\u015ftirak etmi\u015fl\u0259r.<\/p>\n\n\n\n<p><\/p>\n\n\n\n<figure class=\"wp-container-2 wp-block-gallery-1 wp-block-gallery columns-3 is-cropped\"><ul class=\"blocks-gallery-grid\"><li class=\"blocks-gallery-item\"><figure><img width=\"640\" height=\"424\" src=\"https:\/\/dia.edu.az\/wp-content\/uploads\/2021\/03\/010101.jpg\" alt=\"\" data-id=\"12817\" data-full-url=\"https:\/\/dia.edu.az\/wp-content\/uploads\/2021\/03\/010101.jpg\" data-link=\"https:\/\/dia.edu.az\/?attachment_id=12817\" class=\"wp-image-12817\" srcset=\"https:\/\/legacy.dia.edu.az\/wp-content\/uploads\/2021\/03\/010101.jpg 640w, https:\/\/legacy.dia.edu.az\/wp-content\/uploads\/2021\/03\/010101-300x199.jpg 300w, https:\/\/legacy.dia.edu.az\/wp-content\/uploads\/2021\/03\/010101-16x12.jpg 16w, https:\/\/legacy.dia.edu.az\/wp-content\/uploads\/2021\/03\/010101-150x100.jpg 150w, https:\/\/legacy.dia.edu.az\/wp-content\/uploads\/2021\/03\/010101-300x199@2x.jpg 600w\" sizes=\"(max-width: 640px) 100vw, 640px\" \/><\/figure><\/li><li class=\"blocks-gallery-item\"><figure><img width=\"640\" height=\"424\" src=\"https:\/\/dia.edu.az\/wp-content\/uploads\/2021\/03\/020202.jpg\" alt=\"\" data-id=\"12818\" data-full-url=\"https:\/\/dia.edu.az\/wp-content\/uploads\/2021\/03\/020202.jpg\" data-link=\"https:\/\/dia.edu.az\/?attachment_id=12818\" class=\"wp-image-12818\" srcset=\"https:\/\/legacy.dia.edu.az\/wp-content\/uploads\/2021\/03\/020202.jpg 640w, https:\/\/legacy.dia.edu.az\/wp-content\/uploads\/2021\/03\/020202-300x199.jpg 300w, https:\/\/legacy.dia.edu.az\/wp-content\/uploads\/2021\/03\/020202-16x12.jpg 16w, https:\/\/legacy.dia.edu.az\/wp-content\/uploads\/2021\/03\/020202-150x100.jpg 150w, https:\/\/legacy.dia.edu.az\/wp-content\/uploads\/2021\/03\/020202-300x199@2x.jpg 600w\" sizes=\"(max-width: 640px) 100vw, 640px\" \/><\/figure><\/li><li class=\"blocks-gallery-item\"><figure><img width=\"640\" height=\"424\" src=\"https:\/\/dia.edu.az\/wp-content\/uploads\/2021\/03\/030303.jpg\" alt=\"\" data-id=\"12819\" data-full-url=\"https:\/\/dia.edu.az\/wp-content\/uploads\/2021\/03\/030303.jpg\" data-link=\"https:\/\/dia.edu.az\/?attachment_id=12819\" class=\"wp-image-12819\" srcset=\"https:\/\/legacy.dia.edu.az\/wp-content\/uploads\/2021\/03\/030303.jpg 640w, https:\/\/legacy.dia.edu.az\/wp-content\/uploads\/2021\/03\/030303-300x199.jpg 300w, https:\/\/legacy.dia.edu.az\/wp-content\/uploads\/2021\/03\/030303-16x12.jpg 16w, https:\/\/legacy.dia.edu.az\/wp-content\/uploads\/2021\/03\/030303-150x100.jpg 150w, https:\/\/legacy.dia.edu.az\/wp-content\/uploads\/2021\/03\/030303-300x199@2x.jpg 600w\" sizes=\"(max-width: 640px) 100vw, 640px\" \/><\/figure><\/li><li class=\"blocks-gallery-item\"><figure><img width=\"640\" height=\"424\" src=\"https:\/\/dia.edu.az\/wp-content\/uploads\/2021\/03\/040404.jpg\" alt=\"\" data-id=\"12820\" data-full-url=\"https:\/\/dia.edu.az\/wp-content\/uploads\/2021\/03\/040404.jpg\" data-link=\"https:\/\/dia.edu.az\/?attachment_id=12820\" class=\"wp-image-12820\" srcset=\"https:\/\/legacy.dia.edu.az\/wp-content\/uploads\/2021\/03\/040404.jpg 640w, https:\/\/legacy.dia.edu.az\/wp-content\/uploads\/2021\/03\/040404-300x199.jpg 300w, https:\/\/legacy.dia.edu.az\/wp-content\/uploads\/2021\/03\/040404-16x12.jpg 16w, https:\/\/legacy.dia.edu.az\/wp-content\/uploads\/2021\/03\/040404-150x100.jpg 150w, https:\/\/legacy.dia.edu.az\/wp-content\/uploads\/2021\/03\/040404-300x199@2x.jpg 600w\" sizes=\"(max-width: 640px) 100vw, 640px\" \/><\/figure><\/li><\/ul><\/figure>","protected":false},"excerpt":{"rendered":"<p>D\u00f6vl\u0259t \u0130dar\u0259\u00e7ilik Akademiyas\u0131n\u0131n n\u0259zdind\u0259 f\u0259aliyy\u0259t g\u00f6st\u0259r\u0259n \u201cHeyd\u0259r \u018fliyev D\u00f6vl\u0259t \u0130dar\u0259\u00e7ilik M\u0259kt\u0259bi\u201dnd\u0259 \u00fcmummilli lider Heyd\u0259r \u018fliyevin xatir\u0259sin\u0259 h\u0259sr edilmi\u015f an\u0131m t\u0259dbiri ke\u00e7irilmi\u015fdirDek 11 , 2015 &#8211; 06:50 Dekabr\u0131n 11-d\u0259 Az\u0259rbaycan Respublikas\u0131n\u0131n Prezidenti yan\u0131nda D\u00f6vl\u0259t \u0130dar\u0259\u00e7ilik Akademiyas\u0131 v\u0259 Heyd\u0259r \u018fliyev M\u0259rk\u0259zinin birg\u0259 \u0259m\u0259kda\u015fl\u0131\u011f\u0131 il\u0259 f\u0259aliyy\u0259t g\u00f6st\u0259r\u0259n Heyd\u0259r \u018fliyev D\u00f6vl\u0259t \u0130dar\u0259\u00e7iliyi M\u0259kt\u0259bind\u0259 \u00fcmummilli lider Heyd\u0259r \u018fliyevin xatir\u0259sin\u0259 h\u0259sr [&hellip;]<\/p>","protected":false},"author":2,"featured_media":12818,"comment_status":"closed","ping_status":"closed","sticky":false,"template":"","format":"standard","meta":[],"categories":[137],"tags":[],"_links":{"self":[{"href":"https:\/\/legacy.dia.edu.az\/en\/wp-json\/wp\/v2\/posts\/12816"}],"collection":[{"href":"https:\/\/legacy.dia.edu.az\/en\/wp-json\/wp\/v2\/posts"}],"about":[{"href":"https:\/\/legacy.dia.edu.az\/en\/wp-json\/wp\/v2\/types\/post"}],"author":[{"embeddable":true,"href":"https:\/\/legacy.dia.edu.az\/en\/wp-json\/wp\/v2\/users\/2"}],"replies":[{"embeddable":true,"href":"https:\/\/legacy.dia.edu.az\/en\/wp-json\/wp\/v2\/comments?post=12816"}],"version-history":[{"count":0,"href":"https:\/\/legacy.dia.edu.az\/en\/wp-json\/wp\/v2\/posts\/12816\/revisions"}],"wp:featuredmedia":[{"embeddable":true,"href":"https:\/\/legacy.dia.edu.az\/en\/wp-json\/wp\/v2\/media\/12818"}],"wp:attachment":[{"href":"https:\/\/legacy.dia.edu.az\/en\/wp-json\/wp\/v2\/media?parent=12816"}],"wp:term":[{"taxonomy":"category","embeddable":true,"href":"https:\/\/legacy.dia.edu.az\/en\/wp-json\/wp\/v2\/categories?post=12816"},{"taxonomy":"post_tag","embeddable":true,"href":"https:\/\/legacy.dia.edu.az\/en\/wp-json\/wp\/v2\/tags?post=12816"}],"curies":[{"name":"wp","href":"https:\/\/api.w.org\/{rel}","templated":true}]}}