{"id":12813,"date":"2015-12-16T10:31:00","date_gmt":"2015-12-16T07:31:00","guid":{"rendered":"https:\/\/dia.edu.az\/?p=12813"},"modified":"2021-03-17T10:32:15","modified_gmt":"2021-03-17T07:32:15","slug":"magistrlar-ucun-elektron-idar%c9%99etm%c9%99nin-t%c9%99dbiqi-sah%c9%99l%c9%99ri-adli-elmi-seminar-kecirilib","status":"publish","type":"post","link":"https:\/\/legacy.dia.edu.az\/en\/arxivl\u0259r\/12813","title":{"rendered":"Magistrlar \u00fc\u00e7\u00fcn \u201cElektron idar\u0259etm\u0259nin t\u0259dbiqi sah\u0259l\u0259ri\u201d adl\u0131 elmi seminar ke\u00e7irilib"},"content":{"rendered":"<p><strong>Magistrlar \u00fc\u00e7\u00fcn \u201cElektron idar\u0259etm\u0259nin t\u0259dbiqi sah\u0259l\u0259ri\u201d adl\u0131 elmi seminar ke\u00e7irilib<\/strong><br><em>Dek 16 , 2015 &#8211; 02:49<\/em><\/p>\n\n\n\n<p>16 dekabrda Az\u0259rbaycan Respublikas\u0131n\u0131n Prezidenti yan\u0131nda D\u00f6vl\u0259t \u0130dar\u0259\u00e7ilik Akademiyas\u0131n\u0131n \u201cD\u00f6vl\u0259t idar\u0259\u00e7iliyind\u0259 informasiya texnologiyalar\u0131 kafedras\u0131\u201dn\u0131n magistrlar\u0131 \u00fc\u00e7\u00fcn \u201cElektron idar\u0259etm\u0259nin t\u0259dbiqi sah\u0259l\u0259ri\u201d adl\u0131 elmi seminar ke\u00e7irilmi\u015fdir. Seminarda kafedran\u0131n m\u00fcdiri dos. El\u00e7in Abasov bu sah\u0259nin aktuall\u0131\u011f\u0131, perspektivliyi v\u0259 elektron idar\u0259etm\u0259d\u0259 d\u00fcnya t\u0259cr\u00fcb\u0259si il\u0259 ba\u011fl\u0131 geni\u015f m\u0259lumat verdi.<\/p>\n\n\n\n<p>Daha sonra \u201cElektron idar\u0259etm\u0259nin t\u0259hl\u00fck\u0259sizliyi\u201d, \u201cE-h\u00f6k\u00fcm\u0259td\u0259 informasiya texnologiyalar\u0131ndak\u0131 informasiya t\u0259hl\u00fck\u0259sizliyinin \u0259lav\u0259 vasit\u0259l\u0259rd\u0259n istifad\u0259 etm\u0259d\u0259n t\u0259min edilm\u0259si\u201d, \u201cAz\u0259rbaycan Respublikas\u0131nda servis d\u00f6vl\u0259tin yaranmas\u0131 prinsipl\u0259ri\u201d, \u201cE-h\u00f6k\u00fcm\u0259t\u0259 \u015f\u0259b\u0259k\u0259 h\u00fccumlar\u0131n\u0131n xarakterik x\u00fcsusiyy\u0259tl\u0259ri\u201d m\u00f6vzular\u0131nda \u00e7\u0131x\u0131\u015flar edilib, magistrlar\u0131n suallar\u0131 cavabland\u0131r\u0131l\u0131b.<\/p>\n\n\n\n<p>Seminarda \u0130nzibati idar\u0259etm\u0259 fak\u00fclt\u0259sinin dekanl\u0131\u011f\u0131n\u0131n \u0259m\u0259kda\u015flar\u0131, \u201cD\u00f6vl\u0259t idar\u0259\u00e7iliyind\u0259 informasiya texnologiyalar\u0131\u201d kafedras\u0131n\u0131n m\u00fc\u0259lliml\u0259ri, fak\u00fclt\u0259nin magistrlar\u0131 i\u015ftirak edibl\u0259r.<\/p>\n\n\n\n<p><\/p>\n\n\n\n<figure class=\"wp-container-2 wp-block-gallery-1 wp-block-gallery columns-1 is-cropped\"><ul class=\"blocks-gallery-grid\"><li class=\"blocks-gallery-item\"><figure><img width=\"640\" height=\"480\" src=\"https:\/\/dia.edu.az\/wp-content\/uploads\/2021\/03\/aaa111222.jpg\" alt=\"\" data-id=\"12814\" data-full-url=\"https:\/\/dia.edu.az\/wp-content\/uploads\/2021\/03\/aaa111222.jpg\" data-link=\"https:\/\/dia.edu.az\/?attachment_id=12814\" class=\"wp-image-12814\" srcset=\"https:\/\/legacy.dia.edu.az\/wp-content\/uploads\/2021\/03\/aaa111222.jpg 640w, https:\/\/legacy.dia.edu.az\/wp-content\/uploads\/2021\/03\/aaa111222-300x225.jpg 300w, https:\/\/legacy.dia.edu.az\/wp-content\/uploads\/2021\/03\/aaa111222-16x12.jpg 16w, https:\/\/legacy.dia.edu.az\/wp-content\/uploads\/2021\/03\/aaa111222-300x225@2x.jpg 600w\" sizes=\"(max-width: 640px) 100vw, 640px\" \/><\/figure><\/li><\/ul><\/figure>\n\n\n\n<p><\/p>","protected":false},"excerpt":{"rendered":"<p>Magistrlar \u00fc\u00e7\u00fcn \u201cElektron idar\u0259etm\u0259nin t\u0259dbiqi sah\u0259l\u0259ri\u201d adl\u0131 elmi seminar ke\u00e7irilibDek 16 , 2015 &#8211; 02:49 16 dekabrda Az\u0259rbaycan Respublikas\u0131n\u0131n Prezidenti yan\u0131nda D\u00f6vl\u0259t \u0130dar\u0259\u00e7ilik Akademiyas\u0131n\u0131n \u201cD\u00f6vl\u0259t idar\u0259\u00e7iliyind\u0259 informasiya texnologiyalar\u0131 kafedras\u0131\u201dn\u0131n magistrlar\u0131 \u00fc\u00e7\u00fcn \u201cElektron idar\u0259etm\u0259nin t\u0259dbiqi sah\u0259l\u0259ri\u201d adl\u0131 elmi seminar ke\u00e7irilmi\u015fdir. Seminarda kafedran\u0131n m\u00fcdiri dos. El\u00e7in Abasov bu sah\u0259nin aktuall\u0131\u011f\u0131, perspektivliyi v\u0259 elektron idar\u0259etm\u0259d\u0259 d\u00fcnya t\u0259cr\u00fcb\u0259si il\u0259 [&hellip;]<\/p>","protected":false},"author":2,"featured_media":12814,"comment_status":"closed","ping_status":"closed","sticky":false,"template":"","format":"standard","meta":[],"categories":[137],"tags":[],"_links":{"self":[{"href":"https:\/\/legacy.dia.edu.az\/en\/wp-json\/wp\/v2\/posts\/12813"}],"collection":[{"href":"https:\/\/legacy.dia.edu.az\/en\/wp-json\/wp\/v2\/posts"}],"about":[{"href":"https:\/\/legacy.dia.edu.az\/en\/wp-json\/wp\/v2\/types\/post"}],"author":[{"embeddable":true,"href":"https:\/\/legacy.dia.edu.az\/en\/wp-json\/wp\/v2\/users\/2"}],"replies":[{"embeddable":true,"href":"https:\/\/legacy.dia.edu.az\/en\/wp-json\/wp\/v2\/comments?post=12813"}],"version-history":[{"count":0,"href":"https:\/\/legacy.dia.edu.az\/en\/wp-json\/wp\/v2\/posts\/12813\/revisions"}],"wp:featuredmedia":[{"embeddable":true,"href":"https:\/\/legacy.dia.edu.az\/en\/wp-json\/wp\/v2\/media\/12814"}],"wp:attachment":[{"href":"https:\/\/legacy.dia.edu.az\/en\/wp-json\/wp\/v2\/media?parent=12813"}],"wp:term":[{"taxonomy":"category","embeddable":true,"href":"https:\/\/legacy.dia.edu.az\/en\/wp-json\/wp\/v2\/categories?post=12813"},{"taxonomy":"post_tag","embeddable":true,"href":"https:\/\/legacy.dia.edu.az\/en\/wp-json\/wp\/v2\/tags?post=12813"}],"curies":[{"name":"wp","href":"https:\/\/api.w.org\/{rel}","templated":true}]}}