{"id":12810,"date":"2015-12-17T10:30:00","date_gmt":"2015-12-17T07:30:00","guid":{"rendered":"https:\/\/dia.edu.az\/?p=12810"},"modified":"2021-03-17T10:31:03","modified_gmt":"2021-03-17T07:31:03","slug":"dovl%c9%99t-idar%c9%99cilik-akademiyasinda-turkiy%c9%99nin-yuks%c9%99k-v%c9%99zif%c9%99li-dovl%c9%99t-qulluqculari-ucun-az%c9%99rbaycanin-innovativ-davamli-inkisaf-modeli-movzusunda","status":"publish","type":"post","link":"https:\/\/legacy.dia.edu.az\/en\/arxivl\u0259r\/12810","title":{"rendered":"D\u00f6vl\u0259t \u0130dar\u0259\u00e7ilik Akademiyas\u0131nda Turkiy\u0259nin y\u00fcks\u0259k v\u0259zif\u0259li d\u00f6vl\u0259t qulluq\u00e7ular\u0131 \u00fc\u00e7\u00fcn \u201cAz\u0259rbaycan\u0131n innovativ davaml\u0131 inki\u015faf modeli\u201d m\u00f6vzusunda t\u0259lim-seminar ke\u00e7irilib"},"content":{"rendered":"<p><strong>D\u00f6vl\u0259t \u0130dar\u0259\u00e7ilik Akademiyas\u0131nda Turkiy\u0259nin y\u00fcks\u0259k v\u0259zif\u0259li d\u00f6vl\u0259t qulluq\u00e7ular\u0131 \u00fc\u00e7\u00fcn \u201cAz\u0259rbaycan\u0131n innovativ davaml\u0131 inki\u015faf modeli\u201d m\u00f6vzusunda t\u0259lim-seminar ke\u00e7irilib<\/strong><br><em>Dek 17 , 2015 &#8211; 02:46<\/em><\/p>\n\n\n\n<p>Dekabr\u0131n 17-d\u0259 Az\u0259rbaycan Respublikas\u0131n\u0131n Prezidenti yan\u0131nda D\u00f6vl\u0259t \u0130dar\u0259\u00e7ilik Akademiyas\u0131nda T\u00fcrkiy\u0259nin B\u00f6y\u00fck Mill\u0259t M\u0259clisi, \u018fdliyy\u0259, Maliyy\u0259, Daxili \u0130\u015fl\u0259r, M\u00fcdafi\u0259 Nazirlikl\u0259ri, Milli T\u0259hl\u00fck\u0259sizlik Qurumu, Ankara B\u00f6y\u00fck \u015e\u0259h\u0259r B\u0259l\u0259diyy\u0259si v\u0259 dig\u0259r m\u0259rk\u0259zi qurumlar\u0131n y\u00fcks\u0259k v\u0259zif\u0259li d\u00f6vl\u0259t qulluq\u00e7ular\u0131 \u00fcc\u00fcn \u201cAz\u0259rbaycan\u0131n innovativ davaml\u0131 inki\u015faf modeli\u201d m\u00f6vzusunda t\u0259lim-seminar ke\u00e7irilib.<\/p>\n\n\n\n<p>2015-ci ilin sentyabr\u0131nda Nyu-Yorkda ba\u015f tutan BMT Ba\u015f Assambleyas\u0131n\u0131n 70-ci Yubiley sessiyas\u0131 v\u0259 BMT-nin t\u0259\u015f\u0259bb\u00fcs\u00fc il\u0259 ke\u00e7iril\u0259n D\u00fcnya sammitind\u0259 davaml\u0131 inki\u015faf, onun m\u00fcxt\u0259lif aspektl\u0259ri XXI \u0259srd\u0259 qlobal inki\u015faf\u0131n ba\u015fl\u0131ca prioriteti kimi m\u00fc\u0259yy\u0259nl\u0259\u015fdirilib. Eyni zamanda s\u00f6z\u00fcged\u0259n sammitd\u0259 q\u0259bul edilmi\u015f 2015-2030-cu ill\u0259r \u00fc\u00e7\u00fcn qlobal inki\u015faf m\u0259qs\u0259dl\u0259ri d\u0259 &#8220;Davaml\u0131 inki\u015faf m\u0259qs\u0259dl\u0259ri&#8221; ba\u015fl\u0131\u011f\u0131 il\u0259 yay\u0131l\u0131b. \u00dcmummilli Lider Heyd\u0259r \u018fliyevin formala\u015fd\u0131rd\u0131\u011f\u0131 v\u0259 Az\u0259rbaycan Respublikas\u0131n\u0131n Prezidenti \u0130lham \u018fliyevin t\u0259r\u0259find\u0259n u\u011furla ger\u00e7\u0259kl\u0259\u015fdiril\u0259n, elm\u0259 \u0259saslanan innovativ d\u00f6vl\u0259t idar\u0259\u00e7iliyi strategiyas\u0131 n\u0259tic\u0259sind\u0259 davaml\u0131 inki\u015faf\u0131 b\u0259\u015f\u0259riyy\u0259t \u00fc\u00e7\u00fcn ba\u015fl\u0131ca prioritet kimi m\u00fc\u0259yy\u0259nl\u0259\u015fdir\u0259n BMT Ba\u015f Assambleyas\u0131 v\u0259 2015-ci il D\u00fcnya Sammitind\u0259n \u00e7ox \u0259vv\u0259l Az\u0259rbaycan Respublikas\u0131 bu sah\u0259d\u0259 uzun ill\u0259r \u00f6nl\u0259yici siyas\u0259t h\u0259yata ke\u00e7irib v\u0259 \u0259h\u0259miyy\u0259tli u\u011furlar qazan\u0131b. D\u00fcnya Bank\u0131, BMT, dig\u0259r beyn\u0259lxalq qurumlar\u0131n r\u0259smi m\u0259lumatlar\u0131na g\u00f6r\u0259, Az\u0259rbaycan Respublikas\u0131n\u0131n davaml\u0131 inki\u015faf g\u00f6st\u0259ricil\u0259ri art\u0131q bu g\u00fcn &#8220;b\u00f6y\u00fck yeddilik&#8221; (G7) v\u0259 &#8220;b\u00f6y\u00fck iyirmilik&#8221; (G20) qruplar\u0131na daxil olan bir s\u0131ra d\u00f6vl\u0259tl\u0259rin g\u00f6st\u0259ricil\u0259rind\u0259n y\u00fcks\u0259kdir. \u00d6lk\u0259 ba\u015f\u00e7\u0131s\u0131n\u0131n da d\u0259f\u0259l\u0259rl\u0259 vur\u011fulad\u0131\u011f\u0131 kimi, bu istiqam\u0259td\u0259 Az\u0259rbaycan\u0131n t\u0259cr\u00fcb\u0259si olduqca pozitiv v\u0259 diqq\u0259t\u0259layiqdir.<\/p>\n\n\n\n<p>Az\u0259rbaycan\u0131n \u00f6z\u00fcn\u0259m\u0259xsus inki\u015faf modeli, idar\u0259\u00e7ilik t\u0259cr\u00fcb\u0259sin\u0259 beyn\u0259lxalq al\u0259md\u0259 getdikc\u0259 artan mara\u011f\u0131n t\u0259min olunmas\u0131 m\u0259qs\u0259dil\u0259 Az\u0259rbaycan Respublikas\u0131n\u0131n Prezidenti yan\u0131nda D\u00f6vl\u0259t \u0130dar\u0259\u00e7ilik Akademiyas\u0131 (D\u0130A) il\u0259 T\u00fcrkiy\u0259 v\u0259 Orta \u015e\u0259rq D\u00f6vl\u0259t \u0130dar\u0259etm\u0259 \u0130nstitutu (TODA\u0130E) aras\u0131nda imzalanm\u0131\u015f Anla\u015fma Protokolu \u00e7\u0259r\u00e7iv\u0259sind\u0259 noyabr ay\u0131nda Ankarada da \u201cDavaml\u0131 \u0130nki\u015faf\u0131n h\u0259d\u0259fl\u0259ri. XXI \u0259sr &#8211; \u0130dar\u0259etm\u0259 Texnologiyalar\u0131: Az\u0259rbaycan modeli\u201d m\u00f6vzusunda konfrans ke\u00e7irilib. T\u00fcrkiy\u0259 v\u0259 Orta \u015e\u0259rq D\u00f6vl\u0259t \u0130dar\u0259\u00e7iliyi \u0130nstitutunda t\u0259\u015fkil edil\u0259n konfransda tan\u0131nm\u0131\u015f elm adamlar\u0131, h\u00f6kum\u0259t v\u0259 yerli idar\u0259etm\u0259 orqanlar\u0131n\u0131n n\u00fcmay\u0259nd\u0259l\u0259ri, diplomatik missiya t\u0259msil\u00e7il\u0259ri, m\u00fcxt\u0259lif \u00f6lk\u0259l\u0259rd\u0259n g\u0259nc t\u0259dqiqat\u00e7\u0131lar i\u015ftirak edibl\u0259r. Qeyd olunan t\u0259dbirl\u0259rd\u0259 Az\u0259rbaycan Respublikas\u0131n\u0131n Prezidenti yan\u0131nda D\u00f6vl\u0259t \u0130dar\u0259\u00e7ilik Akademiyas\u0131n\u0131n rektoru, akademik Urxan \u018fl\u0259kb\u0259rovun \u00f6lk\u0259mizin inki\u015faf\u0131 il\u0259 ba\u011fl\u0131 n\u00fcfuzlu beyn\u0259lxalq qurumlar\u0131n qiym\u0259tl\u0259ndirm\u0259l\u0259rin\u0259 \u0259saslanan m\u0259ruz\u0259si i\u015ftirak\u00e7\u0131lar t\u0259r\u0259find\u0259n b\u00f6y\u00fck maraqla qar\u015f\u0131lan\u0131b.<\/p>\n\n\n\n<p>\u201cAz\u0259rbaycan\u0131n innovativ davaml\u0131 inki\u015faf modeli\u201d m\u00f6vzusunda D\u00f6vl\u0259t \u0130dar\u0259\u00e7ilik Akademiyas\u0131nda Turkiy\u0259nin y\u00fcks\u0259k v\u0259zif\u0259li d\u00f6vl\u0259t qulluq\u00e7ular\u0131 \u00fc\u00e7\u00fcn ke\u00e7iril\u0259n t\u0259lim-seminarda Az\u0259rbaycan-T\u00fcrkiy\u0259 \u0259laq\u0259l\u0259rinin beyn\u0259lxalq \u0259m\u0259kda\u015fl\u0131\u011f\u0131n\u0131n g\u00fccl\u0259ndirilm\u0259sin\u0259 verdiyi t\u00f6hf\u0259, regionun iqtisadi g\u00fcc m\u0259rk\u0259zi olmaqla yana\u015f\u0131 eyni zamanda elm, bilik m\u0259rk\u0259zi kimi formala\u015fmas\u0131 bax\u0131m\u0131\u0131ndan \u0259h\u0259miyy\u0259tli m\u00fcbadil\u0259 platformas\u0131d\u0131r.<\/p>\n\n\n\n<p><\/p>\n\n\n\n<figure class=\"wp-container-2 wp-block-gallery-1 wp-block-gallery columns-1 is-cropped\"><ul class=\"blocks-gallery-grid\"><li class=\"blocks-gallery-item\"><figure><img width=\"640\" height=\"424\" src=\"https:\/\/dia.edu.az\/wp-content\/uploads\/2021\/03\/AAA_1313.jpg\" alt=\"\" data-id=\"12811\" data-full-url=\"https:\/\/dia.edu.az\/wp-content\/uploads\/2021\/03\/AAA_1313.jpg\" data-link=\"https:\/\/dia.edu.az\/?attachment_id=12811\" class=\"wp-image-12811\" srcset=\"https:\/\/legacy.dia.edu.az\/wp-content\/uploads\/2021\/03\/AAA_1313.jpg 640w, https:\/\/legacy.dia.edu.az\/wp-content\/uploads\/2021\/03\/AAA_1313-300x199.jpg 300w, https:\/\/legacy.dia.edu.az\/wp-content\/uploads\/2021\/03\/AAA_1313-16x12.jpg 16w, https:\/\/legacy.dia.edu.az\/wp-content\/uploads\/2021\/03\/AAA_1313-150x100.jpg 150w, https:\/\/legacy.dia.edu.az\/wp-content\/uploads\/2021\/03\/AAA_1313-300x199@2x.jpg 600w\" sizes=\"(max-width: 640px) 100vw, 640px\" \/><\/figure><\/li><\/ul><\/figure>","protected":false},"excerpt":{"rendered":"<p>D\u00f6vl\u0259t \u0130dar\u0259\u00e7ilik Akademiyas\u0131nda Turkiy\u0259nin y\u00fcks\u0259k v\u0259zif\u0259li d\u00f6vl\u0259t qulluq\u00e7ular\u0131 \u00fc\u00e7\u00fcn \u201cAz\u0259rbaycan\u0131n innovativ davaml\u0131 inki\u015faf modeli\u201d m\u00f6vzusunda t\u0259lim-seminar ke\u00e7irilibDek 17 , 2015 &#8211; 02:46 Dekabr\u0131n 17-d\u0259 Az\u0259rbaycan Respublikas\u0131n\u0131n Prezidenti yan\u0131nda D\u00f6vl\u0259t \u0130dar\u0259\u00e7ilik Akademiyas\u0131nda T\u00fcrkiy\u0259nin B\u00f6y\u00fck Mill\u0259t M\u0259clisi, \u018fdliyy\u0259, Maliyy\u0259, Daxili \u0130\u015fl\u0259r, M\u00fcdafi\u0259 Nazirlikl\u0259ri, Milli T\u0259hl\u00fck\u0259sizlik Qurumu, Ankara B\u00f6y\u00fck \u015e\u0259h\u0259r B\u0259l\u0259diyy\u0259si v\u0259 dig\u0259r m\u0259rk\u0259zi qurumlar\u0131n y\u00fcks\u0259k v\u0259zif\u0259li d\u00f6vl\u0259t [&hellip;]<\/p>","protected":false},"author":2,"featured_media":12811,"comment_status":"closed","ping_status":"closed","sticky":false,"template":"","format":"standard","meta":[],"categories":[137],"tags":[],"_links":{"self":[{"href":"https:\/\/legacy.dia.edu.az\/en\/wp-json\/wp\/v2\/posts\/12810"}],"collection":[{"href":"https:\/\/legacy.dia.edu.az\/en\/wp-json\/wp\/v2\/posts"}],"about":[{"href":"https:\/\/legacy.dia.edu.az\/en\/wp-json\/wp\/v2\/types\/post"}],"author":[{"embeddable":true,"href":"https:\/\/legacy.dia.edu.az\/en\/wp-json\/wp\/v2\/users\/2"}],"replies":[{"embeddable":true,"href":"https:\/\/legacy.dia.edu.az\/en\/wp-json\/wp\/v2\/comments?post=12810"}],"version-history":[{"count":0,"href":"https:\/\/legacy.dia.edu.az\/en\/wp-json\/wp\/v2\/posts\/12810\/revisions"}],"wp:featuredmedia":[{"embeddable":true,"href":"https:\/\/legacy.dia.edu.az\/en\/wp-json\/wp\/v2\/media\/12811"}],"wp:attachment":[{"href":"https:\/\/legacy.dia.edu.az\/en\/wp-json\/wp\/v2\/media?parent=12810"}],"wp:term":[{"taxonomy":"category","embeddable":true,"href":"https:\/\/legacy.dia.edu.az\/en\/wp-json\/wp\/v2\/categories?post=12810"},{"taxonomy":"post_tag","embeddable":true,"href":"https:\/\/legacy.dia.edu.az\/en\/wp-json\/wp\/v2\/tags?post=12810"}],"curies":[{"name":"wp","href":"https:\/\/api.w.org\/{rel}","templated":true}]}}