{"id":12786,"date":"2016-02-03T10:18:00","date_gmt":"2016-02-03T07:18:00","guid":{"rendered":"https:\/\/dia.edu.az\/?p=12786"},"modified":"2021-03-17T10:18:54","modified_gmt":"2021-03-17T07:18:54","slug":"turk-dovl%c9%99tl%c9%99ri-v%c9%99-turk-m%c9%99shurlari-movzusunda-%c9%99s%c9%99rl%c9%99rin-redaksiyasi-il%c9%99-bagli-toplanti-kecirilmisdir","status":"publish","type":"post","link":"https:\/\/legacy.dia.edu.az\/en\/arxivl\u0259r\/12786","title":{"rendered":"\u201cT\u00fcrk d\u00f6vl\u0259tl\u0259ri v\u0259 t\u00fcrk m\u0259\u015fhurlar\u0131\u201d m\u00f6vzusunda \u0259s\u0259rl\u0259rin redaksiyas\u0131 il\u0259 ba\u011fl\u0131 toplant\u0131 ke\u00e7irilmi\u015fdir"},"content":{"rendered":"<p><strong>\u201cT\u00fcrk d\u00f6vl\u0259tl\u0259ri v\u0259 t\u00fcrk m\u0259\u015fhurlar\u0131\u201d m\u00f6vzusunda \u0259s\u0259rl\u0259rin redaksiyas\u0131 il\u0259 ba\u011fl\u0131 toplant\u0131 ke\u00e7irilmi\u015fdir<\/strong><br><em>Fev 03 , 2016 &#8211; 11:49<\/em><\/p>\n\n\n\n<p>\u00a0 \u00a0 \u00a0 Az\u0259rbaycan Respublikas\u0131n\u0131n Prezidenti yan\u0131nda D\u00f6vl\u0259t \u0130dar\u0259\u00e7ilik Akademiyas\u0131n\u0131n \u201cTarix\u201d kafedras\u0131n\u0131n m\u00fcdiri, dosent Firdovsiyy\u0259 \u018fhm\u0259dova Az\u0259rbaycandan bir qrup aliml\u0259 21-22 yanvar 2016-c\u0131 il tarixind\u0259 T\u00fcrkiy\u0259 C\u00fcmhuriyy\u0259tind\u0259 \u201cT\u00fcrk d\u00f6vl\u0259tl\u0259ri v\u0259 t\u00fcrk m\u0259\u015fhurlar\u0131\u201d m\u00f6vzusunda \u0259s\u0259rl\u0259rin redaksiyas\u0131 il\u0259 ba\u011fl\u0131 toplant\u0131da i\u015ftirak etmi\u015fdir. S\u0259f\u0259r zaman\u0131 Az\u0259rbaycandan olan aliml\u0259r T\u00fcrkiy\u0259-Az\u0259rbaycan D\u0259rn\u0259kl\u0259ri Federasiyas\u0131n\u0131n s\u0259dri Bilal D\u00fcndar t\u0259r\u0259find\u0259n t\u0259\u015fkil olunmu\u015f Az\u0259rbaycan K\u00fclt\u00fcr Evind\u0259 Az\u0259rbaycanl\u0131lara qar\u015f\u0131 t\u00f6r\u0259dilmi\u015f soyq\u0131r\u0131m\u0131 tarixini \u0259ks etdir\u0259n s\u0259rgi il\u0259 tan\u0131\u015f olmu\u015f, Az\u0259rbaycan K\u00fclt\u00fcr Evin\u0259 Az\u0259rbaycan tarixin\u0259 dair jurnallar h\u0259diyy\u0259 etmi\u015fl\u0259r. Bilal D\u00fcndar T\u00fcrkiy\u0259-Az\u0259rbaycan D\u0259rn\u0259kl\u0259ri Federasiyas\u0131 haqq\u0131nda \u0259trafl\u0131 m\u0259lumat vermi\u015f, f\u0259aliyy\u0259tl\u0259rini i\u015f\u0131qland\u0131ran kitablar\u0131 h\u0259diyy\u0259 etmi\u015fdir.<\/p>\n\n\n\n<p><\/p>\n\n\n\n<figure class=\"wp-container-2 wp-block-gallery-1 wp-block-gallery columns-2 is-cropped\"><ul class=\"blocks-gallery-grid\"><li class=\"blocks-gallery-item\"><figure><img width=\"640\" height=\"360\" src=\"https:\/\/dia.edu.az\/wp-content\/uploads\/2021\/03\/Kocaeli.jpg\" alt=\"\" data-id=\"12787\" data-full-url=\"https:\/\/dia.edu.az\/wp-content\/uploads\/2021\/03\/Kocaeli.jpg\" data-link=\"https:\/\/dia.edu.az\/?attachment_id=12787\" class=\"wp-image-12787\" srcset=\"https:\/\/legacy.dia.edu.az\/wp-content\/uploads\/2021\/03\/Kocaeli.jpg 640w, https:\/\/legacy.dia.edu.az\/wp-content\/uploads\/2021\/03\/Kocaeli-300x169.jpg 300w, https:\/\/legacy.dia.edu.az\/wp-content\/uploads\/2021\/03\/Kocaeli-16x9.jpg 16w, https:\/\/legacy.dia.edu.az\/wp-content\/uploads\/2021\/03\/Kocaeli-300x169@2x.jpg 600w\" sizes=\"(max-width: 640px) 100vw, 640px\" \/><\/figure><\/li><li class=\"blocks-gallery-item\"><figure><img width=\"640\" height=\"360\" src=\"https:\/\/dia.edu.az\/wp-content\/uploads\/2021\/03\/kocaeli11.jpg\" alt=\"\" data-id=\"12788\" data-full-url=\"https:\/\/dia.edu.az\/wp-content\/uploads\/2021\/03\/kocaeli11.jpg\" data-link=\"https:\/\/dia.edu.az\/?attachment_id=12788\" class=\"wp-image-12788\" srcset=\"https:\/\/legacy.dia.edu.az\/wp-content\/uploads\/2021\/03\/kocaeli11.jpg 640w, https:\/\/legacy.dia.edu.az\/wp-content\/uploads\/2021\/03\/kocaeli11-300x169.jpg 300w, https:\/\/legacy.dia.edu.az\/wp-content\/uploads\/2021\/03\/kocaeli11-16x9.jpg 16w, https:\/\/legacy.dia.edu.az\/wp-content\/uploads\/2021\/03\/kocaeli11-300x169@2x.jpg 600w\" sizes=\"(max-width: 640px) 100vw, 640px\" \/><\/figure><\/li><\/ul><\/figure>","protected":false},"excerpt":{"rendered":"<p>\u201cT\u00fcrk d\u00f6vl\u0259tl\u0259ri v\u0259 t\u00fcrk m\u0259\u015fhurlar\u0131\u201d m\u00f6vzusunda \u0259s\u0259rl\u0259rin redaksiyas\u0131 il\u0259 ba\u011fl\u0131 toplant\u0131 ke\u00e7irilmi\u015fdirFev 03 , 2016 &#8211; 11:49 \u00a0 \u00a0 \u00a0 Az\u0259rbaycan Respublikas\u0131n\u0131n Prezidenti yan\u0131nda D\u00f6vl\u0259t \u0130dar\u0259\u00e7ilik Akademiyas\u0131n\u0131n \u201cTarix\u201d kafedras\u0131n\u0131n m\u00fcdiri, dosent Firdovsiyy\u0259 \u018fhm\u0259dova Az\u0259rbaycandan bir qrup aliml\u0259 21-22 yanvar 2016-c\u0131 il tarixind\u0259 T\u00fcrkiy\u0259 C\u00fcmhuriyy\u0259tind\u0259 \u201cT\u00fcrk d\u00f6vl\u0259tl\u0259ri v\u0259 t\u00fcrk m\u0259\u015fhurlar\u0131\u201d m\u00f6vzusunda \u0259s\u0259rl\u0259rin redaksiyas\u0131 il\u0259 ba\u011fl\u0131 toplant\u0131da [&hellip;]<\/p>","protected":false},"author":2,"featured_media":12787,"comment_status":"closed","ping_status":"closed","sticky":false,"template":"","format":"standard","meta":[],"categories":[137],"tags":[],"_links":{"self":[{"href":"https:\/\/legacy.dia.edu.az\/en\/wp-json\/wp\/v2\/posts\/12786"}],"collection":[{"href":"https:\/\/legacy.dia.edu.az\/en\/wp-json\/wp\/v2\/posts"}],"about":[{"href":"https:\/\/legacy.dia.edu.az\/en\/wp-json\/wp\/v2\/types\/post"}],"author":[{"embeddable":true,"href":"https:\/\/legacy.dia.edu.az\/en\/wp-json\/wp\/v2\/users\/2"}],"replies":[{"embeddable":true,"href":"https:\/\/legacy.dia.edu.az\/en\/wp-json\/wp\/v2\/comments?post=12786"}],"version-history":[{"count":0,"href":"https:\/\/legacy.dia.edu.az\/en\/wp-json\/wp\/v2\/posts\/12786\/revisions"}],"wp:featuredmedia":[{"embeddable":true,"href":"https:\/\/legacy.dia.edu.az\/en\/wp-json\/wp\/v2\/media\/12787"}],"wp:attachment":[{"href":"https:\/\/legacy.dia.edu.az\/en\/wp-json\/wp\/v2\/media?parent=12786"}],"wp:term":[{"taxonomy":"category","embeddable":true,"href":"https:\/\/legacy.dia.edu.az\/en\/wp-json\/wp\/v2\/categories?post=12786"},{"taxonomy":"post_tag","embeddable":true,"href":"https:\/\/legacy.dia.edu.az\/en\/wp-json\/wp\/v2\/tags?post=12786"}],"curies":[{"name":"wp","href":"https:\/\/api.w.org\/{rel}","templated":true}]}}