{"id":12767,"date":"2016-02-23T10:10:00","date_gmt":"2016-02-23T07:10:00","guid":{"rendered":"https:\/\/dia.edu.az\/?p=12767"},"modified":"2021-03-17T10:11:07","modified_gmt":"2021-03-17T07:11:07","slug":"novruz-muhazir%c9%99l%c9%99rinin-acilisi-davamli-inkisaf-yasil-dusunc%c9%99-konteksti-movzusunda-olub","status":"publish","type":"post","link":"https:\/\/legacy.dia.edu.az\/en\/arxivl\u0259r\/12767","title":{"rendered":"\u201cNovruz m\u00fchazir\u0259l\u0259ri\u201dnin a\u00e7\u0131l\u0131\u015f\u0131 \u201cDavaml\u0131 inki\u015faf ya\u015f\u0131l d\u00fc\u015f\u00fcnc\u0259 konteksti\u201d m\u00f6vzusunda olub"},"content":{"rendered":"<p><strong>\u201cNovruz m\u00fchazir\u0259l\u0259ri\u201dnin a\u00e7\u0131l\u0131\u015f\u0131 \u201cDavaml\u0131 inki\u015faf ya\u015f\u0131l d\u00fc\u015f\u00fcnc\u0259 konteksti\u201d m\u00f6vzusunda olub<\/strong><br><em>Fev 23 , 2016 &#8211; 11:01<\/em><\/p>\n\n\n\n<p>Fevral\u0131n 23-d\u0259 \u0130\u00e7\u0259ri\u015f\u0259h\u0259rd\u0259ki \u201cMu\u011fam klub\u201dda ilk \u201cNovruz m\u00fchazir\u0259si\u201d ke\u00e7irilib.<\/p>\n\n\n\n<p>G\u00f6r\u00fc\u015fd\u0259 T\u0259hsil Nazirliyinin \u0259m\u0259kda\u015flar\u0131, ali t\u0259hsil m\u00fc\u0259ssis\u0259l\u0259rinin m\u00fc\u0259llim v\u0259 t\u0259l\u0259b\u0259l\u0259ri, t\u0259hsil ekspertl\u0259ri i\u015ftirak edibl\u0259r.<\/p>\n\n\n\n<p>\u201cNovruz m\u00fchazir\u0259l\u0259ri\u201dnin ilk g\u00f6r\u00fc\u015f\u00fcnd\u0259 Az\u0259rbaycan Respublikas\u0131n\u0131n Prezidenti yan\u0131nda D\u00f6vl\u0259t \u0130dar\u0259\u00e7ilik Akademiyas\u0131n\u0131n rektoru Urxan \u018fl\u0259kb\u0259rov \u201cDavaml\u0131 inki\u015faf ya\u015f\u0131l d\u00fc\u015f\u00fcnc\u0259 kontekstind\u0259\u201d m\u00f6vzusundan b\u0259hs edib.<\/p>\n\n\n\n<p>U.\u018fl\u0259kb\u0259rov T\u0259hsil Nazirliyinin bu t\u0259\u015f\u0259bb\u00fcs\u00fcn\u00fc y\u00fcks\u0259k qiym\u0259tl\u0259ndirib v\u0259 d\u00fcnyan\u0131n bir \u00e7ox \u00f6lk\u0259l\u0259rind\u0259 m\u00fcvafiq m\u00fchazir\u0259l\u0259rin ke\u00e7irildiyini deyib.<\/p>\n\n\n\n<p>Akademik d\u00fcnya \u00f6lk\u0259l\u0259rinin inki\u015faf g\u00f6st\u0259ricil\u0259ri, innovativ inki\u015fafa t\u0259sir ed\u0259n amill\u0259r, Az\u0259rbaycan\u0131n davaml\u0131 inki\u015faf\u0131 m\u00f6vzular\u0131 \u0259traf\u0131nda fikir v\u0259 d\u00fc\u015f\u00fcnc\u0259l\u0259rini b\u00f6l\u00fc\u015f\u00fcb. Davaml\u0131 inki\u015faf sah\u0259sind\u0259 kadr potensial\u0131n\u0131n formala\u015fmas\u0131, inki\u015faf\u0131n \u00f6lk\u0259 tarixind\u0259n as\u0131l\u0131l\u0131\u011f\u0131 v\u0259 innovativ idar\u0259etm\u0259: d\u00f6vl\u0259t proqramlar\u0131n\u0131n milli proqramlara transformasiyas\u0131 m\u0259s\u0259l\u0259l\u0259rin\u0259 toxunan U.\u018fl\u0259kb\u0259rov m\u00fcvafiq sah\u0259l\u0259rd\u0259 Az\u0259rbaycan v\u0259 bir s\u0131ra dig\u0259r d\u00fcnya \u00f6lk\u0259l\u0259ri \u00fczr\u0259 m\u00fcqayis\u0259li statistikan\u0131 t\u0259hlil edib. \u00dcmummilli lider Heyd\u0259r \u018fliyev siyas\u0259tinin \u0259h\u0259miyy\u0259tini vur\u011fulayan U.\u018fl\u0259kb\u0259rov dahi r\u0259hb\u0259rin siyasi x\u0259ttinin Prezident \u0130lham \u018fliyev t\u0259r\u0259find\u0259n u\u011furla davam etdirildiyini bildirib, \u00f6lk\u0259mizd\u0259 qazan\u0131lan nailiyy\u0259tl\u0259rd\u0259n dan\u0131\u015f\u0131b. Akademik \u00f6lk\u0259nin inki\u015faf\u0131nda elmin, t\u0259hsilin m\u00fch\u00fcm rolunu da xat\u0131rlad\u0131b.<\/p>\n\n\n\n<p>Sonra g\u00f6r\u00fc\u015f i\u015ftirak\u00e7\u0131lar\u0131n\u0131 maraqland\u0131ran suallar cavabland\u0131r\u0131l\u0131b v\u0259 qar\u015f\u0131l\u0131ql\u0131 fikir m\u00fcbadil\u0259sin\u0259 \u0259saslanan m\u00fczakir\u0259l\u0259r apar\u0131l\u0131b.<\/p>\n\n\n\n<p><\/p>\n\n\n\n<p><\/p>\n\n\n\n<figure class=\"wp-container-2 wp-block-gallery-1 wp-block-gallery columns-1 is-cropped\"><ul class=\"blocks-gallery-grid\"><li class=\"blocks-gallery-item\"><figure><img width=\"640\" height=\"478\" src=\"https:\/\/dia.edu.az\/wp-content\/uploads\/2021\/03\/NOVRUZ_MUHAZIRE.jpg\" alt=\"\" data-id=\"12768\" data-full-url=\"https:\/\/dia.edu.az\/wp-content\/uploads\/2021\/03\/NOVRUZ_MUHAZIRE.jpg\" data-link=\"https:\/\/dia.edu.az\/?attachment_id=12768\" class=\"wp-image-12768\" srcset=\"https:\/\/legacy.dia.edu.az\/wp-content\/uploads\/2021\/03\/NOVRUZ_MUHAZIRE.jpg 640w, https:\/\/legacy.dia.edu.az\/wp-content\/uploads\/2021\/03\/NOVRUZ_MUHAZIRE-300x224.jpg 300w, https:\/\/legacy.dia.edu.az\/wp-content\/uploads\/2021\/03\/NOVRUZ_MUHAZIRE-16x12.jpg 16w, https:\/\/legacy.dia.edu.az\/wp-content\/uploads\/2021\/03\/NOVRUZ_MUHAZIRE-300x224@2x.jpg 600w\" sizes=\"(max-width: 640px) 100vw, 640px\" \/><\/figure><\/li><\/ul><\/figure>","protected":false},"excerpt":{"rendered":"<p>\u201cNovruz m\u00fchazir\u0259l\u0259ri\u201dnin a\u00e7\u0131l\u0131\u015f\u0131 \u201cDavaml\u0131 inki\u015faf ya\u015f\u0131l d\u00fc\u015f\u00fcnc\u0259 konteksti\u201d m\u00f6vzusunda olubFev 23 , 2016 &#8211; 11:01 Fevral\u0131n 23-d\u0259 \u0130\u00e7\u0259ri\u015f\u0259h\u0259rd\u0259ki \u201cMu\u011fam klub\u201dda ilk \u201cNovruz m\u00fchazir\u0259si\u201d ke\u00e7irilib. G\u00f6r\u00fc\u015fd\u0259 T\u0259hsil Nazirliyinin \u0259m\u0259kda\u015flar\u0131, ali t\u0259hsil m\u00fc\u0259ssis\u0259l\u0259rinin m\u00fc\u0259llim v\u0259 t\u0259l\u0259b\u0259l\u0259ri, t\u0259hsil ekspertl\u0259ri i\u015ftirak edibl\u0259r. \u201cNovruz m\u00fchazir\u0259l\u0259ri\u201dnin ilk g\u00f6r\u00fc\u015f\u00fcnd\u0259 Az\u0259rbaycan Respublikas\u0131n\u0131n Prezidenti yan\u0131nda D\u00f6vl\u0259t \u0130dar\u0259\u00e7ilik Akademiyas\u0131n\u0131n rektoru Urxan \u018fl\u0259kb\u0259rov \u201cDavaml\u0131 inki\u015faf ya\u015f\u0131l [&hellip;]<\/p>","protected":false},"author":2,"featured_media":12768,"comment_status":"closed","ping_status":"closed","sticky":false,"template":"","format":"standard","meta":[],"categories":[137],"tags":[],"_links":{"self":[{"href":"https:\/\/legacy.dia.edu.az\/en\/wp-json\/wp\/v2\/posts\/12767"}],"collection":[{"href":"https:\/\/legacy.dia.edu.az\/en\/wp-json\/wp\/v2\/posts"}],"about":[{"href":"https:\/\/legacy.dia.edu.az\/en\/wp-json\/wp\/v2\/types\/post"}],"author":[{"embeddable":true,"href":"https:\/\/legacy.dia.edu.az\/en\/wp-json\/wp\/v2\/users\/2"}],"replies":[{"embeddable":true,"href":"https:\/\/legacy.dia.edu.az\/en\/wp-json\/wp\/v2\/comments?post=12767"}],"version-history":[{"count":0,"href":"https:\/\/legacy.dia.edu.az\/en\/wp-json\/wp\/v2\/posts\/12767\/revisions"}],"wp:featuredmedia":[{"embeddable":true,"href":"https:\/\/legacy.dia.edu.az\/en\/wp-json\/wp\/v2\/media\/12768"}],"wp:attachment":[{"href":"https:\/\/legacy.dia.edu.az\/en\/wp-json\/wp\/v2\/media?parent=12767"}],"wp:term":[{"taxonomy":"category","embeddable":true,"href":"https:\/\/legacy.dia.edu.az\/en\/wp-json\/wp\/v2\/categories?post=12767"},{"taxonomy":"post_tag","embeddable":true,"href":"https:\/\/legacy.dia.edu.az\/en\/wp-json\/wp\/v2\/tags?post=12767"}],"curies":[{"name":"wp","href":"https:\/\/api.w.org\/{rel}","templated":true}]}}