{"id":12764,"date":"2016-02-25T10:09:00","date_gmt":"2016-02-25T07:09:00","guid":{"rendered":"https:\/\/dia.edu.az\/?p=12764"},"modified":"2021-03-17T10:09:58","modified_gmt":"2021-03-17T07:09:58","slug":"dovl%c9%99t-idar%c9%99cilik-akademiyasinin-magistrlari-ucun-seminar-kecirilib","status":"publish","type":"post","link":"https:\/\/legacy.dia.edu.az\/en\/arxivl\u0259r\/12764","title":{"rendered":"D\u00f6vl\u0259t \u0130dar\u0259\u00e7ilik Akademiyas\u0131n\u0131n magistrlar\u0131 \u00fc\u00e7\u00fcn seminar ke\u00e7irilib"},"content":{"rendered":"<p><strong>D\u00f6vl\u0259t \u0130dar\u0259\u00e7ilik Akademiyas\u0131n\u0131n magistrlar\u0131 \u00fc\u00e7\u00fcn seminar ke\u00e7irilib<\/strong><br><em>Fev 25 , 2016 &#8211; 01:44<\/em><\/p>\n\n\n\n<p>D\u00f6vl\u0259t \u0130dar\u0259\u00e7ilik Akademiyas\u0131n\u0131n magistrlar\u0131 \u00fc\u00e7\u00fcn \u201cM\u00fcasir \u0130KT-d\u0259n istifad\u0259 s\u0259viyy\u0259sinin y\u00fcks\u0259ldilm\u0259si v\u0259 informasiya t\u0259hl\u00fck\u0259sizliyi m\u0259d\u0259niyy\u0259tinin formala\u015fd\u0131r\u0131lmas\u0131\u201d adl\u0131 seminar ke\u00e7irilib. Seminarda \u201cD\u00f6vl\u0259t idar\u0259\u00e7iliyind\u0259 \u0130nformasiya texnologiyalar\u0131\u201d kafedras\u0131n\u0131n m\u00fcdiri i.f.d. dos. El\u00e7in Abasov \u00e7\u0131x\u0131\u015f ed\u0259r\u0259k magistrlar \u00fc\u00e7\u00fcn t\u0259\u015fkil olunan seminarlar v\u0259 konfranslar\u0131n onlar\u0131n g\u0259l\u0259c\u0259k f\u0259aliyy\u0259tl\u0259ri \u00fc\u00e7\u00fcn vacibliyini diqq\u0259t\u0259 \u00e7atd\u0131r\u0131b v\u0259 \u201cKorporativ informasiya sisteml\u0259rinin e-idar\u0259etm\u0259d\u0259 t\u0259tbiqi\u201d m\u00f6vzusunda \u00e7\u0131x\u0131\u015f edib. Daha sonra kafedran\u0131n m\u00fc\u0259lliml\u0259rind\u0259n Olqa Muxtarova \u201cEkspert sisteml\u0259rin idar\u0259etm\u0259d\u0259 t\u0259tbiqi\u201d, S\u0259bin\u0259 B\u0259\u015firova \u201cE-H\u00f6k\u00fcm\u0259tin qurulmas\u0131nda probleml\u0259r\u201d, S\u00fcr\u0259yy\u0259 \u00c7inani \u201cDistant t\u0259hsilin proqram-texniki t\u0259minat\u0131:beynalxalq t\u0259cr\u00fcb\u0259\u201d, S\u0259bir\u0259 Ba\u011f\u0131rova \u201cAz\u0259rbaycan iqtisadiyyat\u0131n\u0131n sferalar\u0131nda ekonometrik -modell\u0259\u015fm\u0259nin t\u0259dbiqi\u201d, Sevda M\u0259mm\u0259dova \u201c\u0130nformasiya iqtisadiyyat\u0131n\u0131n Az\u0259rbaycanda inki\u015faf\u0131\u201d, Ramal Cabbarov \u201c\u015e\u0259b\u0259k\u0259 t\u0259hl\u00fck\u0259sizlik sisteminin t\u0259mini\u201d m\u00f6vzular\u0131nda \u00e7\u0131x\u0131\u015flar edibl\u0259r. Seminar\u0131n sonunda magistrlar\u0131n suallar\u0131 cavabland\u0131r\u0131l\u0131b.<\/p>\n\n\n\n<p><\/p>\n\n\n\n<p><\/p>\n\n\n\n<figure class=\"wp-container-2 wp-block-gallery-1 wp-block-gallery columns-1 is-cropped\"><ul class=\"blocks-gallery-grid\"><li class=\"blocks-gallery-item\"><figure><img width=\"640\" height=\"480\" src=\"https:\/\/dia.edu.az\/wp-content\/uploads\/2021\/03\/kaf.jpg\" alt=\"\" data-id=\"12765\" data-full-url=\"https:\/\/dia.edu.az\/wp-content\/uploads\/2021\/03\/kaf.jpg\" data-link=\"https:\/\/dia.edu.az\/?attachment_id=12765\" class=\"wp-image-12765\" srcset=\"https:\/\/legacy.dia.edu.az\/wp-content\/uploads\/2021\/03\/kaf.jpg 640w, https:\/\/legacy.dia.edu.az\/wp-content\/uploads\/2021\/03\/kaf-300x225.jpg 300w, https:\/\/legacy.dia.edu.az\/wp-content\/uploads\/2021\/03\/kaf-16x12.jpg 16w, https:\/\/legacy.dia.edu.az\/wp-content\/uploads\/2021\/03\/kaf-300x225@2x.jpg 600w\" sizes=\"(max-width: 640px) 100vw, 640px\" \/><\/figure><\/li><\/ul><\/figure>","protected":false},"excerpt":{"rendered":"<p>D\u00f6vl\u0259t \u0130dar\u0259\u00e7ilik Akademiyas\u0131n\u0131n magistrlar\u0131 \u00fc\u00e7\u00fcn seminar ke\u00e7irilibFev 25 , 2016 &#8211; 01:44 D\u00f6vl\u0259t \u0130dar\u0259\u00e7ilik Akademiyas\u0131n\u0131n magistrlar\u0131 \u00fc\u00e7\u00fcn \u201cM\u00fcasir \u0130KT-d\u0259n istifad\u0259 s\u0259viyy\u0259sinin y\u00fcks\u0259ldilm\u0259si v\u0259 informasiya t\u0259hl\u00fck\u0259sizliyi m\u0259d\u0259niyy\u0259tinin formala\u015fd\u0131r\u0131lmas\u0131\u201d adl\u0131 seminar ke\u00e7irilib. Seminarda \u201cD\u00f6vl\u0259t idar\u0259\u00e7iliyind\u0259 \u0130nformasiya texnologiyalar\u0131\u201d kafedras\u0131n\u0131n m\u00fcdiri i.f.d. dos. El\u00e7in Abasov \u00e7\u0131x\u0131\u015f ed\u0259r\u0259k magistrlar \u00fc\u00e7\u00fcn t\u0259\u015fkil olunan seminarlar v\u0259 konfranslar\u0131n onlar\u0131n g\u0259l\u0259c\u0259k f\u0259aliyy\u0259tl\u0259ri \u00fc\u00e7\u00fcn vacibliyini [&hellip;]<\/p>","protected":false},"author":2,"featured_media":12765,"comment_status":"closed","ping_status":"closed","sticky":false,"template":"","format":"standard","meta":[],"categories":[137],"tags":[],"_links":{"self":[{"href":"https:\/\/legacy.dia.edu.az\/en\/wp-json\/wp\/v2\/posts\/12764"}],"collection":[{"href":"https:\/\/legacy.dia.edu.az\/en\/wp-json\/wp\/v2\/posts"}],"about":[{"href":"https:\/\/legacy.dia.edu.az\/en\/wp-json\/wp\/v2\/types\/post"}],"author":[{"embeddable":true,"href":"https:\/\/legacy.dia.edu.az\/en\/wp-json\/wp\/v2\/users\/2"}],"replies":[{"embeddable":true,"href":"https:\/\/legacy.dia.edu.az\/en\/wp-json\/wp\/v2\/comments?post=12764"}],"version-history":[{"count":0,"href":"https:\/\/legacy.dia.edu.az\/en\/wp-json\/wp\/v2\/posts\/12764\/revisions"}],"wp:featuredmedia":[{"embeddable":true,"href":"https:\/\/legacy.dia.edu.az\/en\/wp-json\/wp\/v2\/media\/12765"}],"wp:attachment":[{"href":"https:\/\/legacy.dia.edu.az\/en\/wp-json\/wp\/v2\/media?parent=12764"}],"wp:term":[{"taxonomy":"category","embeddable":true,"href":"https:\/\/legacy.dia.edu.az\/en\/wp-json\/wp\/v2\/categories?post=12764"},{"taxonomy":"post_tag","embeddable":true,"href":"https:\/\/legacy.dia.edu.az\/en\/wp-json\/wp\/v2\/tags?post=12764"}],"curies":[{"name":"wp","href":"https:\/\/api.w.org\/{rel}","templated":true}]}}