{"id":12760,"date":"2016-02-25T10:07:00","date_gmt":"2016-02-25T07:07:00","guid":{"rendered":"https:\/\/dia.edu.az\/?p=12760"},"modified":"2021-03-17T10:08:39","modified_gmt":"2021-03-17T07:08:39","slug":"dovl%c9%99t-idar%c9%99cilik-akademiyasinda-xocali-soyqirimina-h%c9%99sr-edilmis-t%c9%99dbir-kecirilmisdir","status":"publish","type":"post","link":"https:\/\/legacy.dia.edu.az\/en\/arxivl\u0259r\/12760","title":{"rendered":"D\u00f6vl\u0259t \u0130dar\u0259\u00e7ilik Akademiyas\u0131nda Xocal\u0131 soyq\u0131r\u0131m\u0131na h\u0259sr edilmi\u015f t\u0259dbir ke\u00e7irilmi\u015fdir"},"content":{"rendered":"<p><strong>D\u00f6vl\u0259t \u0130dar\u0259\u00e7ilik Akademiyas\u0131nda Xocal\u0131 soyq\u0131r\u0131m\u0131na h\u0259sr edilmi\u015f t\u0259dbir ke\u00e7irilmi\u015fdir<\/strong><br><em>Fev 25 , 2016 &#8211; 10:56<\/em><\/p>\n\n\n\n<p>Fevral ay\u0131n\u0131n 25-d\u0259 Az\u0259rbaycan Respublikas\u0131n\u0131n Prezidenti yan\u0131nda D\u00f6vl\u0259t \u0130dar\u0259\u00e7ilik Akademiyas\u0131 v\u0259 Heyd\u0259r \u018fliyev M\u0259rk\u0259zinin birg\u0259 t\u0259\u015fkilat\u00e7\u0131l\u0131\u011f\u0131 il\u0259 Xocal\u0131 soyq\u0131r\u0131m\u0131n\u0131n n\u00f6vb\u0259ti ild\u00f6n\u00fcm\u00fcn\u0259 h\u0259sr olunmu\u015f t\u0259dbir Heyd\u0259r \u018fliyev D\u00f6vl\u0259t \u0130dar\u0259\u00e7iliyi M\u0259kt\u0259bind\u0259 ke\u00e7irilmi\u015fdir. Soyq\u0131r\u0131m qurbanlar\u0131\u0131n xatir\u0259si bir d\u0259qiq\u0259lik s\u00fckutla yad edildikd\u0259n sonra Akademiyan\u0131n rektoru, akademik Urxan \u018fl\u0259kb\u0259rov an\u0131m t\u0259dbirini a\u00e7araq, 1992-ci il fevral ay\u0131n\u0131n 26-da Erm\u0259nistan silahl\u0131 birl\u0259\u015fm\u0259l\u0259rinin Az\u0259rbaycan xalq\u0131na qar\u015f\u0131 n\u00f6vb\u0259ti qanl\u0131 t\u0259cav\u00fcz\u0259 \u0259l ataraq tarixd\u0259 misli g\u00f6r\u00fcnm\u0259mi\u015f soyq\u0131r\u0131m\u0131 hadis\u0259sini xat\u0131rlatd\u0131. Eyni zamanda D\u0130A-n\u0131n rektoru bildirib ki, Xocal\u0131 soyq\u0131r\u0131m\u0131 bar\u0259d\u0259 d\u00fcnya ictimaiyy\u0259tinin m\u0259lumatland\u0131r\u0131lmas\u0131 i\u015find\u0259 d\u00f6vl\u0259t strukturlar\u0131 il\u0259 yana\u015f\u0131, ictimai birlikl\u0259r d\u0259 m\u00fch\u00fcm rol oynay\u0131r. O qeyd edib ki, Xocal\u0131 soyq\u0131r\u0131m\u0131n\u0131n d\u00fcnyada tan\u0131d\u0131lmas\u0131 istiqam\u0259tind\u0259 Heyd\u0259r \u018fliyev Fondunun f\u0259aliyy\u0259ti x\u00fcsusi yer tutur. Heyd\u0259r \u018fliyev Fondu Az\u0259rbaycan h\u0259qiq\u0259tl\u0259rinin d\u00fcnyaya \u00e7atd\u0131r\u0131lmas\u0131 \u00fczr\u0259 misilsiz xidm\u0259tl\u0259r g\u00f6st\u0259rir. Rektor deyib ki, bu kampaniya yaln\u0131z beyn\u0259lxalq ictimaiyy\u0259ti Xocal\u0131 faci\u0259si bar\u0259d\u0259 m\u0259lumatland\u0131rmaq deyil, h\u0259m d\u0259 d\u00fcnyada ox\u015far hadis\u0259l\u0259rin ba\u015f verm\u0259m\u0259sin\u0259 \u00e7a\u011f\u0131r\u0131\u015f m\u0259qs\u0259di da\u015f\u0131y\u0131r. Heyd\u0259r \u018fliyev Fondunun vitse-prezidenti, \u0130slam \u018fm\u0259kda\u015fl\u0131q T\u0259\u015fkilat\u0131n\u0131n Dialoq v\u0259 \u018fm\u0259kda\u015fl\u0131q \u00fczr\u0259 G\u0259ncl\u0259r Forumunun ba\u015f \u0259laq\u0259l\u0259ndiricisi Leyla \u018fliyevan\u0131n t\u0259\u015f\u0259bb\u00fcs\u00fc il\u0259 2008-ci ild\u0259n ba\u015flayan \u201cXocal\u0131ya \u0259dal\u0259t\u201d beyn\u0259lxalq kampaniyas\u0131n\u0131n t\u0259\u015f\u0259bb\u00fcs\u00fc il\u0259 ke\u00e7iril\u0259n \u201cXocal\u0131ya \u0259dal\u0259t\u201d kampaniyas\u0131 \u00e7\u0259r\u00e7iv\u0259sind\u0259 d\u00fcnyan\u0131n m\u00fcxt\u0259lif \u00f6lk\u0259l\u0259rind\u0259 t\u0259bli\u011fat i\u015fl\u0259rinin h\u0259yata ke\u00e7irilm\u0259sini y\u00fcks\u0259k qiym\u0259tl\u0259ndirib.<\/p>\n\n\n\n<p>\u201cXocal\u0131ya \u0259dal\u0259t\u201d beyn\u0259lxalq kampaniyan\u0131n koordinatoru F\u0259rid C\u0259f\u0259rov \u00e7\u0131x\u0131\u015f ed\u0259r\u0259k Az\u0259rbaycan xalq\u0131na qar\u015f\u0131 t\u00f6r\u0259dilmi\u015f \u0259n qat\u0131 cinay\u0259tl\u0259rd\u0259n olan Xocal\u0131 soyq\u0131r\u0131m\u0131n\u0131n t\u0259kc\u0259 xalq\u0131naa qar\u015f\u0131 deyil, b\u00fct\u00fcn b\u0259\u015f\u0259riyy\u0259t\u0259 qar\u015f\u0131 t\u00f6r\u0259dilmi\u015f bir hadis\u0259 oldu\u011fundan, Xocal\u0131 faci\u0259sinin siyasi-h\u00fcquqi qiym\u0259tind\u0259n, b\u00fct\u00f6vl\u00fckd\u0259 hadis\u0259nin soyq\u0131r\u0131m, insanl\u0131q \u0259leyhin\u0259 cinay\u0259t fakt\u0131n\u0131n olmas\u0131, anoloji faci\u0259l\u0259rl\u0259 m\u00fcqayis\u0259d\u0259 t\u0259hlili bar\u0259d\u0259 \u00f6z fikir v\u0259 m\u00fclahiz\u0259l\u0259ri bildirib. O. qeyd etdi ki, \u201cXocal\u0131ya \u0259dal\u0259t\u201d beyn\u0259lxalq kampaniyas\u0131 \u00e7\u0259r\u00e7iv\u0259sind\u0259 m\u00fcxt\u0259lif \u00f6lk\u0259l\u0259rd\u0259 h\u0259yata ke\u00e7iril\u0259n t\u0259dbirl\u0259r, Xocal\u0131 soyq\u0131r\u0131m\u0131n\u0131n d\u00fcnyada tan\u0131d\u0131lmas\u0131 istiqam\u0259tind\u0259 g\u00f6r\u00fcl\u0259n i\u015fl\u0259r bar\u0259d\u0259 m\u0259lumat verib. Qeyd edib ki, kampaniyan\u0131n f\u0259aliyy\u0259ti n\u0259tic\u0259sind\u0259 bir s\u0131ra d\u00f6vl\u0259tl\u0259rin parlamentl\u0259ri t\u0259r\u0259find\u0259n Xocal\u0131 hadis\u0259l\u0259rinin r\u0259smi \u015f\u0259kild\u0259 soyq\u0131r\u0131m\u0131 kimi tan\u0131nmas\u0131na v\u0259 Erm\u0259nistan\u0131n Az\u0259rbaycana qar\u015f\u0131 t\u0259cav\u00fcz\u00fcn\u00fcn pisl\u0259nm\u0259sin\u0259 nail olunub.<\/p>\n\n\n\n<p>Daha sonra D\u0130A-n\u0131n \u201cTarix\u201d kafedras\u0131n\u0131n m\u00fcdiri Firdovsiy\u0259 \u018fhm\u0259dova, \u201cBeyn\u0259lxalq m\u00fcnasib\u0259tl\u0259r v\u0259 xarici siyas\u0259t\u201d kafdras\u0131n\u0131n dosenti El\u00e7in \u018fhm\u0259dov, \u201cH\u00fcquq\u201d kafedras\u0131n\u0131n professoru, h\u00fcquq elml\u0259r doktoru B\u0259hram Zahidov v\u0259 dig\u0259rl\u0259ri \u00e7\u0131x\u0131\u015f etdil\u0259r. \u00c7\u0131x\u0131\u015flarda Erm\u0259nil\u0259rin Xocal\u0131 da daxil olmaqla Da\u011fl\u0131q Qaraba\u011f m\u00fcnaqi\u015f\u0259si bar\u0259d\u0259 yeti\u015fm\u0259kd\u0259 olan g\u0259nc n\u0259sil aras\u0131nda Az\u0259rbaycan\u0131n yax\u0131n tarixi ke\u00e7mi\u015find\u0259 xalq\u0131m\u0131za qar\u015f\u0131 t\u00f6r\u0259dilmi\u015f aktlar\u0131n \u0259sl s\u0259b\u0259bl\u0259ri bar\u0259d\u0259 geni\u015f izahat i\u015fl\u0259rinin apar\u0131ld\u0131\u011f\u0131, h\u0259qiq\u0259tl\u0259rin d\u00fcnya ictimaiyy\u0259tin\u0259 h\u0259rt\u0259r\u0259fli \u00e7atd\u0131r\u0131lmal\u0131, onlar\u0131n q\u0259ti, birm\u0259nal\u0131 m\u00f6vqel\u0259rini bildirm\u0259l\u0259ri \u00fc\u00e7\u00fcn ciddi v\u0259 m\u0259qs\u0259dy\u00f6nl\u00fc i\u015f apar\u0131ld\u0131\u011f\u0131 bildirilib.<\/p>\n\n\n\n<p>Xocal\u0131 soyq\u0131r\u0131m\u0131na beyn\u0259lxalq s\u0259viyy\u0259d\u0259 siyasi-h\u00fcquqi qiym\u0259t verilm\u0259si istiqam\u0259tind\u0259 apar\u0131lan i\u015fl\u0259r, haz\u0131rlanan m\u00fcxt\u0259lif t\u0259bli\u011fat v\u0259 maarifl\u0259ndirm\u0259 vasit\u0259l\u0259ri bar\u0259d\u0259 geni\u015f m\u0259lumat verilib. \u00c7\u0131x\u0131\u015f\u00e7\u0131lar h\u0259r k\u0259si \u201cXocal\u0131ya \u0259dal\u0259t\u201d beyn\u0259lxalq kampaniyas\u0131na k\u00f6n\u00fcll\u00fc kimi qo\u015fulmaqla yana\u015f\u0131, kompaniya vasit\u0259sil\u0259 h\u0259yata ke\u00e7iril\u0259l\u0259n m\u00fcxt\u0259lif aksiyalarda g\u0259ncl\u0259ri f\u0259al i\u015ftirak etm\u0259y\u0259 \u00e7a\u011f\u0131r\u0131blar. T\u0259dbird\u0259 Heyd\u0259r \u018fliyev Fondunun d\u0259st\u0259yi il\u0259 Xocal\u0131 soyq\u0131r\u0131m\u0131na h\u0259sr olunan film n\u00fcmayi\u015f etdirilib.<\/p>\n\n\n\n<p><\/p>\n\n\n\n<figure class=\"wp-container-2 wp-block-gallery-1 wp-block-gallery columns-2 is-cropped\"><ul class=\"blocks-gallery-grid\"><li class=\"blocks-gallery-item\"><figure><img width=\"640\" height=\"424\" src=\"https:\/\/dia.edu.az\/wp-content\/uploads\/2021\/03\/AAA_39.jpg\" alt=\"\" data-id=\"12761\" data-full-url=\"https:\/\/dia.edu.az\/wp-content\/uploads\/2021\/03\/AAA_39.jpg\" data-link=\"https:\/\/dia.edu.az\/?attachment_id=12761\" class=\"wp-image-12761\" srcset=\"https:\/\/legacy.dia.edu.az\/wp-content\/uploads\/2021\/03\/AAA_39.jpg 640w, https:\/\/legacy.dia.edu.az\/wp-content\/uploads\/2021\/03\/AAA_39-300x199.jpg 300w, https:\/\/legacy.dia.edu.az\/wp-content\/uploads\/2021\/03\/AAA_39-16x12.jpg 16w, https:\/\/legacy.dia.edu.az\/wp-content\/uploads\/2021\/03\/AAA_39-150x100.jpg 150w, https:\/\/legacy.dia.edu.az\/wp-content\/uploads\/2021\/03\/AAA_39-300x199@2x.jpg 600w\" sizes=\"(max-width: 640px) 100vw, 640px\" \/><\/figure><\/li><li class=\"blocks-gallery-item\"><figure><img width=\"640\" height=\"424\" src=\"https:\/\/dia.edu.az\/wp-content\/uploads\/2021\/03\/AAA_39AA.jpg\" alt=\"\" data-id=\"12762\" data-full-url=\"https:\/\/dia.edu.az\/wp-content\/uploads\/2021\/03\/AAA_39AA.jpg\" data-link=\"https:\/\/dia.edu.az\/?attachment_id=12762\" class=\"wp-image-12762\" srcset=\"https:\/\/legacy.dia.edu.az\/wp-content\/uploads\/2021\/03\/AAA_39AA.jpg 640w, https:\/\/legacy.dia.edu.az\/wp-content\/uploads\/2021\/03\/AAA_39AA-300x199.jpg 300w, https:\/\/legacy.dia.edu.az\/wp-content\/uploads\/2021\/03\/AAA_39AA-16x12.jpg 16w, https:\/\/legacy.dia.edu.az\/wp-content\/uploads\/2021\/03\/AAA_39AA-150x100.jpg 150w, https:\/\/legacy.dia.edu.az\/wp-content\/uploads\/2021\/03\/AAA_39AA-300x199@2x.jpg 600w\" sizes=\"(max-width: 640px) 100vw, 640px\" \/><\/figure><\/li><\/ul><\/figure>","protected":false},"excerpt":{"rendered":"<p>D\u00f6vl\u0259t \u0130dar\u0259\u00e7ilik Akademiyas\u0131nda Xocal\u0131 soyq\u0131r\u0131m\u0131na h\u0259sr edilmi\u015f t\u0259dbir ke\u00e7irilmi\u015fdirFev 25 , 2016 &#8211; 10:56 Fevral ay\u0131n\u0131n 25-d\u0259 Az\u0259rbaycan Respublikas\u0131n\u0131n Prezidenti yan\u0131nda D\u00f6vl\u0259t \u0130dar\u0259\u00e7ilik Akademiyas\u0131 v\u0259 Heyd\u0259r \u018fliyev M\u0259rk\u0259zinin birg\u0259 t\u0259\u015fkilat\u00e7\u0131l\u0131\u011f\u0131 il\u0259 Xocal\u0131 soyq\u0131r\u0131m\u0131n\u0131n n\u00f6vb\u0259ti ild\u00f6n\u00fcm\u00fcn\u0259 h\u0259sr olunmu\u015f t\u0259dbir Heyd\u0259r \u018fliyev D\u00f6vl\u0259t \u0130dar\u0259\u00e7iliyi M\u0259kt\u0259bind\u0259 ke\u00e7irilmi\u015fdir. Soyq\u0131r\u0131m qurbanlar\u0131\u0131n xatir\u0259si bir d\u0259qiq\u0259lik s\u00fckutla yad edildikd\u0259n sonra Akademiyan\u0131n rektoru, [&hellip;]<\/p>","protected":false},"author":2,"featured_media":12761,"comment_status":"closed","ping_status":"closed","sticky":false,"template":"","format":"standard","meta":[],"categories":[137],"tags":[],"_links":{"self":[{"href":"https:\/\/legacy.dia.edu.az\/en\/wp-json\/wp\/v2\/posts\/12760"}],"collection":[{"href":"https:\/\/legacy.dia.edu.az\/en\/wp-json\/wp\/v2\/posts"}],"about":[{"href":"https:\/\/legacy.dia.edu.az\/en\/wp-json\/wp\/v2\/types\/post"}],"author":[{"embeddable":true,"href":"https:\/\/legacy.dia.edu.az\/en\/wp-json\/wp\/v2\/users\/2"}],"replies":[{"embeddable":true,"href":"https:\/\/legacy.dia.edu.az\/en\/wp-json\/wp\/v2\/comments?post=12760"}],"version-history":[{"count":0,"href":"https:\/\/legacy.dia.edu.az\/en\/wp-json\/wp\/v2\/posts\/12760\/revisions"}],"wp:featuredmedia":[{"embeddable":true,"href":"https:\/\/legacy.dia.edu.az\/en\/wp-json\/wp\/v2\/media\/12761"}],"wp:attachment":[{"href":"https:\/\/legacy.dia.edu.az\/en\/wp-json\/wp\/v2\/media?parent=12760"}],"wp:term":[{"taxonomy":"category","embeddable":true,"href":"https:\/\/legacy.dia.edu.az\/en\/wp-json\/wp\/v2\/categories?post=12760"},{"taxonomy":"post_tag","embeddable":true,"href":"https:\/\/legacy.dia.edu.az\/en\/wp-json\/wp\/v2\/tags?post=12760"}],"curies":[{"name":"wp","href":"https:\/\/api.w.org\/{rel}","templated":true}]}}