{"id":12754,"date":"2016-03-02T10:05:00","date_gmt":"2016-03-02T07:05:00","guid":{"rendered":"https:\/\/dia.edu.az\/?p=12754"},"modified":"2021-03-17T10:06:05","modified_gmt":"2021-03-17T07:06:05","slug":"az%c9%99rbaycan-davamli-inkisaf-namin%c9%99-enerji-s%c9%99m%c9%99r%c9%99liliyi-indeksin%c9%99-gor%c9%99-125-olk%c9%99-arasinda-33-cu-yerd%c9%99-q%c9%99rarlasib","status":"publish","type":"post","link":"https:\/\/legacy.dia.edu.az\/en\/arxivl\u0259r\/12754","title":{"rendered":"Az\u0259rbaycan davaml\u0131 inki\u015faf namin\u0259 enerji s\u0259m\u0259r\u0259liliyi indeksin\u0259 g\u00f6r\u0259 125 \u00f6lk\u0259 aras\u0131nda 33-c\u00fc yerd\u0259 q\u0259rarla\u015f\u0131b"},"content":{"rendered":"<p><strong>Az\u0259rbaycan davaml\u0131 inki\u015faf namin\u0259 enerji s\u0259m\u0259r\u0259liliyi indeksin\u0259 g\u00f6r\u0259 125 \u00f6lk\u0259 aras\u0131nda 33-c\u00fc yerd\u0259 q\u0259rarla\u015f\u0131b<\/strong><br><em>Mart 02 , 2016 &#8211; 12:13<\/em><\/p>\n\n\n\n<p>Az\u0259rbaycan Qlobal Enerji S\u0259m\u0259r\u0259lilik \u0130ndeksin\u0259 g\u00f6r\u0259 bir s\u0131ra inki\u015faf etmi\u015f \u00f6lk\u0259l\u0259ri \u00fcst\u0259l\u0259y\u0259r\u0259k 33-c\u00fc yerd\u0259 q\u0259rarla\u015f\u0131b. Bu n\u0259tic\u0259 2015-ci ilin yekunlar\u0131na h\u0259sr olunmu\u015f v\u0259 D\u00fcnya \u0130qtisadi Forumunun fevral\u0131n 18-d\u0259 d\u0259rc edilmi\u015f m\u0259lumatlar\u0131 \u0259sas\u0131nda haz\u0131rlanan beyn\u0259lxalq hesabatda \u00f6z \u0259ksini tap\u0131b.<\/p>\n\n\n\n<p>Hesabatda Az\u0259rbaycan Yaponiya il\u0259 eyni g\u00f6st\u0259ricil\u0259r\u0259 malikdir. C\u0259dv\u0259l\u0259 g\u00f6r\u0259, AB\u015e 37, Avstraliya 38, Rusiya 39, Sinqapur 44-c\u00fc yerd\u0259dir. Qiym\u0259tl\u0259ndirm\u0259 davaml\u0131 inki\u015faf \u00fc\u00e7\u00fcn \u0259h\u0259miyy\u0259tli olan 18 meyar \u0259sas\u0131nda apar\u0131l\u0131b. Bu g\u00f6st\u0259ricil\u0259r \u00fc\u00e7 qrupa aiddir: iqtisadi art\u0131m v\u0259 inki\u015faf, \u0259traf m\u00fchitin v\u0259 onun keyfiyy\u0259tinin idar\u0259 edilm\u0259si, enerji m\u0259nb\u0259l\u0259rin\u0259 \u00e7\u0131x\u0131\u015f v\u0259 onlar\u0131n t\u0259hl\u00fck\u0259sizliyi. Davaml\u0131 inki\u015faf \u00fc\u00e7\u00fcn \u00f6n\u0259mli olan bu t\u0259dqiqat 125 \u00f6lk\u0259d\u0259 enerjid\u0259n istifad\u0259nin s\u0259m\u0259r\u0259liliyini qiym\u0259tl\u0259ndirm\u0259k \u00fc\u00e7\u00fcn h\u0259yata ke\u00e7irilib.<\/p>\n\n\n\n<p>Bununla ba\u011fl\u0131 m\u0259s\u0259l\u0259ni \u015f\u0259rh ed\u0259n Az\u0259rbaycan Respublikas\u0131n\u0131n Prezidenti yan\u0131nda D\u00f6vl\u0259t \u0130dar\u0259\u00e7ilik Akademiyas\u0131n\u0131n rektoru, akademik Urxan \u018fl\u0259kb\u0259rov davaml\u0131 inki\u015faf\u0131n idar\u0259 olunmas\u0131 sah\u0259sind\u0259 Az\u0259rbaycan\u0131n qazand\u0131\u011f\u0131 nailiyy\u0259tl\u0259rin y\u00fcks\u0259k oldu\u011funu v\u0259 bu fakt\u0131n bir \u00e7ox beyn\u0259lxalq t\u0259\u015fkilatlar\u0131n, o c\u00fcml\u0259d\u0259n D\u00fcnya Bank\u0131 v\u0259 BMT-nin hesabatlar\u0131nda \u00f6z \u0259ksini tapd\u0131\u011f\u0131n\u0131 qeyd edib. M\u00fcsahibimiz vur\u011fulad\u0131 ki, davaml\u0131 inki\u015faf\u0131n planla\u015fd\u0131r\u0131lmas\u0131 v\u0259 idar\u0259edilm\u0259si sah\u0259sind\u0259 Az\u0259rbaycan Respublikas\u0131nda uzun m\u00fcdd\u0259tdir ki, qabaqlay\u0131c\u0131 siyas\u0259t h\u0259yata ke\u00e7irilm\u0259kd\u0259ddir: \u201cBunun g\u00f6st\u0259ricisidir ki, D\u00fcnya Bank\u0131n\u0131n v\u0259 BMT-nin r\u0259smi hesabatlar\u0131nda Az\u0259rbaycan\u0131n y\u00fcks\u0259k n\u0259tic\u0259l\u0259r \u0259ld\u0259 etdiyi qeyd olunub v\u0259 respublikam\u0131z bu g\u00f6st\u0259ricil\u0259r\u0259 g\u00f6r\u0259 bir s\u0131ra inki\u015faf etmi\u015f \u00f6lk\u0259l\u0259ri, o c\u00fcml\u0259d\u0259n \u201cB\u00f6y\u00fck yeddilik\u201d (G 7) qrupuna daxil olan d\u00f6vl\u0259tl\u0259ri qabaqlay\u0131b. Haz\u0131rda da bu siyas\u0259t u\u011furla davam etdirilir\u201d.<\/p>\n\n\n\n<p>Akademik BMT Ba\u015f Assambleyas\u0131n\u0131n \u00f6t\u0259n ilin sentyabr\u0131nda Nyu-Yorkda ke\u00e7iril\u0259n 70-ci yubiley sessiyas\u0131nda \u00e7a\u011fda\u015f n\u0259sill\u0259rin rifah\u0131n\u0131 t\u0259min ed\u0259n v\u0259 g\u0259l\u0259c\u0259k n\u0259sill\u0259rin inki\u015faf imkanlar\u0131n\u0131 n\u0259z\u0259r\u0259 alan davaml\u0131 inki\u015faf\u0131n qlobal miqyasda b\u00fct\u00fcn<\/p>\n\n\n\n<p>d\u00fcnya \u00fc\u00e7\u00fcn prioritet kimi m\u00fc\u0259yy\u0259nl\u0259\u015fdirildiyini vur\u011fulay\u0131b. Qeyd edib ki, h\u0259min vaxt BMT-nin t\u0259\u015f\u0259bb\u00fcs\u00fc il\u0259 Nyu-Yorkda ke\u00e7iril\u0259n D\u00fcnya Sammitind\u0259 d\u0259 davaml\u0131 inki\u015faf \u0259n m\u00fch\u00fcm m\u0259s\u0259l\u0259 kimi q\u0259bul edilib. H\u0259r iki toplant\u0131da q\u0259bul olunan s\u0259n\u0259d \u201cDavaml\u0131 inki\u015faf m\u0259qs\u0259dl\u0259ri\u201d adlan\u0131r v\u0259 bu istiqam\u0259td\u0259 2030-cu il \u00fc\u00e7\u00fcn 17 m\u00fcxt\u0259lif h\u0259d\u0259fl\u0259r m\u00fc\u0259yy\u0259n olunub. Az\u0259rbaycan is\u0259 bu m\u0259s\u0259l\u0259l\u0259ri uzun m\u00fcdd\u0259tdir ki diqq\u0259td\u0259 saxlay\u0131r v\u0259 son g\u00f6st\u0259ricil\u0259r d\u0259 bunun s\u00fcbutudur.<\/p>\n\n\n\n<p>Bu hesabat Az\u0259rbaycan\u0131n h\u0259min istiqam\u0259td\u0259 d\u00fczg\u00fcn siyas\u0259t apard\u0131\u011f\u0131n\u0131 g\u00f6st\u0259rir. Az\u0259rbaycan Prezidenti \u0130lham \u018fliyevin t\u0259\u015f\u0259bb\u00fcs\u00fc il\u0259 BMT-nin ad\u0131\u00e7\u0259kil\u0259n sessiyas\u0131ndan v\u0259 D\u00fcnya Sammitind\u0259n \u0259vv\u0259l Nazirl\u0259r Kabinetinin q\u0259rar\u0131 il\u0259 \u201cDavaml\u0131 inki\u015faf\u0131n idar\u0259 edilm\u0259si\u201d ixtisas\u0131 bakalavr v\u0259 magistr s\u0259viyy\u0259sind\u0259 ali t\u0259hsil\u0259 daxil edilib v\u0259 eyni zamanda elmi istiqam\u0259t kimi q\u0259bul olunub. BMT-nin yubiley sessiyas\u0131nda v\u0259 D\u00fcnya Sammitind\u0259 davaml\u0131 inki\u015faf\u0131n 2015-2030-cu ill\u0259r \u00fc\u00e7\u00fcn prioritet olmas\u0131 n\u0259z\u0259r\u0259 al\u0131naraq bu sah\u0259 \u00fczr\u0259 kadr potensial\u0131n\u0131n g\u00fccl\u0259ndirilm\u0259sinin vacibliyi qeyd olunub. Nazirl\u0259r Kabinetinin bu q\u0259rar\u0131 il\u0259 is\u0259 art\u0131q Az\u0259rbaycanda m\u00fcvafiq kadr haz\u0131rl\u0131\u011f\u0131n\u0131n \u0259sas\u0131 qoyulub.<\/p>","protected":false},"excerpt":{"rendered":"<p>Az\u0259rbaycan davaml\u0131 inki\u015faf namin\u0259 enerji s\u0259m\u0259r\u0259liliyi indeksin\u0259 g\u00f6r\u0259 125 \u00f6lk\u0259 aras\u0131nda 33-c\u00fc yerd\u0259 q\u0259rarla\u015f\u0131bMart 02 , 2016 &#8211; 12:13 Az\u0259rbaycan Qlobal Enerji S\u0259m\u0259r\u0259lilik \u0130ndeksin\u0259 g\u00f6r\u0259 bir s\u0131ra inki\u015faf etmi\u015f \u00f6lk\u0259l\u0259ri \u00fcst\u0259l\u0259y\u0259r\u0259k 33-c\u00fc yerd\u0259 q\u0259rarla\u015f\u0131b. Bu n\u0259tic\u0259 2015-ci ilin yekunlar\u0131na h\u0259sr olunmu\u015f v\u0259 D\u00fcnya \u0130qtisadi Forumunun fevral\u0131n 18-d\u0259 d\u0259rc edilmi\u015f m\u0259lumatlar\u0131 \u0259sas\u0131nda haz\u0131rlanan beyn\u0259lxalq hesabatda \u00f6z [&hellip;]<\/p>","protected":false},"author":2,"featured_media":12755,"comment_status":"closed","ping_status":"closed","sticky":false,"template":"","format":"standard","meta":[],"categories":[137],"tags":[],"_links":{"self":[{"href":"https:\/\/legacy.dia.edu.az\/en\/wp-json\/wp\/v2\/posts\/12754"}],"collection":[{"href":"https:\/\/legacy.dia.edu.az\/en\/wp-json\/wp\/v2\/posts"}],"about":[{"href":"https:\/\/legacy.dia.edu.az\/en\/wp-json\/wp\/v2\/types\/post"}],"author":[{"embeddable":true,"href":"https:\/\/legacy.dia.edu.az\/en\/wp-json\/wp\/v2\/users\/2"}],"replies":[{"embeddable":true,"href":"https:\/\/legacy.dia.edu.az\/en\/wp-json\/wp\/v2\/comments?post=12754"}],"version-history":[{"count":0,"href":"https:\/\/legacy.dia.edu.az\/en\/wp-json\/wp\/v2\/posts\/12754\/revisions"}],"wp:featuredmedia":[{"embeddable":true,"href":"https:\/\/legacy.dia.edu.az\/en\/wp-json\/wp\/v2\/media\/12755"}],"wp:attachment":[{"href":"https:\/\/legacy.dia.edu.az\/en\/wp-json\/wp\/v2\/media?parent=12754"}],"wp:term":[{"taxonomy":"category","embeddable":true,"href":"https:\/\/legacy.dia.edu.az\/en\/wp-json\/wp\/v2\/categories?post=12754"},{"taxonomy":"post_tag","embeddable":true,"href":"https:\/\/legacy.dia.edu.az\/en\/wp-json\/wp\/v2\/tags?post=12754"}],"curies":[{"name":"wp","href":"https:\/\/api.w.org\/{rel}","templated":true}]}}