{"id":12749,"date":"2016-03-11T10:03:00","date_gmt":"2016-03-11T07:03:00","guid":{"rendered":"https:\/\/dia.edu.az\/?p=12749"},"modified":"2021-03-17T10:04:59","modified_gmt":"2021-03-17T07:04:59","slug":"makedoniya-prezidentin%c9%99-dovl%c9%99t-idar%c9%99cilik-akademiyasinin-f%c9%99xri-doktoru-adi-verilib","status":"publish","type":"post","link":"https:\/\/legacy.dia.edu.az\/en\/arxivl\u0259r\/12749","title":{"rendered":"Makedoniya Prezidentin\u0259 D\u00f6vl\u0259t \u0130dar\u0259\u00e7ilik Akademiyas\u0131n\u0131n f\u0259xri doktoru ad\u0131 verilib"},"content":{"rendered":"<p><strong>Makedoniya Prezidentin\u0259 D\u00f6vl\u0259t \u0130dar\u0259\u00e7ilik Akademiyas\u0131n\u0131n f\u0259xri doktoru ad\u0131 verilib<\/strong><br><em>Mart 11 , 2016 &#8211; 11:06<\/em><\/p>\n\n\n\n<p>Makedoniya Respublikas\u0131n\u0131n Prezidenti George \u0130vanov \u00f6lk\u0259miz\u0259 s\u0259f\u0259ri \u00e7\u0259r\u00e7iv\u0259sind\u0259 mart\u0131n 11-d\u0259 Az\u0259rbaycan Respublikas\u0131n\u0131n Prezidenti yan\u0131nda D\u00f6vl\u0259t \u0130dar\u0259\u00e7ilik Akademiyas\u0131nda (D\u0130A) olub.<\/p>\n\n\n\n<p>G\u00f6r\u00fc\u015fd\u0259 D\u0130A-n\u0131n rektoru, akademik Urxan \u018fl\u0259kb\u0259rov Makedoniya Prezidentini akademiyan\u0131n kollektivi ad\u0131ndan salamlay\u0131b, m\u00fcasir d\u00fcnyada elm v\u0259 demokratiyan\u0131n inki\u015faf\u0131na layiqli t\u00f6hf\u0259l\u0259r vermi\u015f ali qona\u011f\u0131n D\u0130A-ya g\u0259li\u015fini \u00f6n\u0259mli hadis\u0259 kimi d\u0259y\u0259rl\u0259ndirib. Prezident George \u0130vanovun Az\u0259rbaycana IV Qlobal Bak\u0131 Forumunda i\u015ftirak etm\u0259k \u00fc\u00e7\u00fcn g\u0259ldiyini diqq\u0259t\u0259 \u00e7atd\u0131ran U.\u018fl\u0259kb\u0259rov r\u0259hb\u0259rlik etdiyi ali t\u0259hsil m\u00fc\u0259ssis\u0259si haqq\u0131nda qona\u011fa \u0259trafl\u0131 m\u0259lumat verib.<\/p>\n\n\n\n<p>Qona\u011f\u0131 t\u0259dbir i\u015ftirak\u00e7\u0131lar\u0131na t\u0259qdim ed\u0259n rektor bildirib ki, George \u0130vanov Yuqoslaviyada M\u00fcq\u0259dd\u0259s Kiril v\u0259 Mefodii Universitetini bitirdikd\u0259n sonra bir m\u00fcdd\u0259t orada m\u00fc\u0259llim i\u015fl\u0259yib v\u0259 h\u00fcquq professoru elmi ad\u0131n\u0131 al\u0131b. V\u0259t\u0259nda\u015f c\u0259miyy\u0259ti sah\u0259sind\u0259 t\u0259dqiqatlar \u00fczr\u0259 apar\u0131c\u0131 ekspert olan G.\u0130vanov 2009-cu ild\u0259 b\u00f6y\u00fck s\u0259s \u00e7oxlu\u011fu il\u0259 Makedoniyan\u0131n d\u00f6rd\u00fcnc\u00fc prezidenti se\u00e7ilib. 2014-c\u00fc ild\u0259 ke\u00e7iril\u0259n prezident se\u00e7kil\u0259rind\u0259 makedoniyal\u0131lar\u0131n \u0259ks\u0259riyy\u0259ti yenid\u0259n s\u0259sini G.\u0130vanova verib v\u0259 onu ikinci m\u00fcdd\u0259t\u0259 \u00f6lk\u0259 prezidenti se\u00e7ib. O, T\u00fcrkiy\u0259, Macar\u0131stan, \u00c7in v\u0259 Rusiyan\u0131n apar\u0131c\u0131 universitetl\u0259rinin f\u0259xri doktoru, \u0130nc\u0259s\u0259n\u0259t v\u0259 D\u00fcnya Elml\u0259ri Akademiyas\u0131n\u0131n h\u0259qiqi \u00fczv\u00fcd\u00fcr. M\u00fchazir\u0259l\u0259r oxumaq \u00fc\u00e7\u00fcn Avropan\u0131n tan\u0131nm\u0131\u015f universitetl\u0259rind\u0259n \u00e7oxsayl\u0131 d\u0259v\u0259tl\u0259r al\u0131r.<\/p>\n\n\n\n<p>U.\u018fl\u0259kb\u0259rov bildirib ki, D\u00f6vl\u0259t \u0130dar\u0259\u00e7ilik Akademiyas\u0131n\u0131n elmi \u015furas\u0131 Az\u0259rbaycan v\u0259 Makedoniya respublikalar\u0131 aras\u0131nda elm v\u0259 t\u0259hsil sah\u0259sind\u0259 \u0259laq\u0259l\u0259rin inki\u015faf\u0131ndak\u0131 xidm\u0259tl\u0259rin\u0259 g\u00f6r\u0259 Prezident George \u0130vanova D\u0130A-n\u0131n f\u0259xri doktoru ad\u0131n\u0131n verilm\u0259si bar\u0259d\u0259 q\u0259rar q\u0259bul edib.<\/p>\n\n\n\n<p>Daha sonra Makedoniya Prezidentin\u0259 D\u00f6vl\u0259t \u0130dar\u0259\u00e7ilik Akademiyas\u0131n\u0131n f\u0259xri doktoru ad\u0131 verilm\u0259si il\u0259 ba\u011fl\u0131 D\u0130A elmi \u015furas\u0131n\u0131n q\u0259rar\u0131 elan olunub.<\/p>\n\n\n\n<p>Prezident George \u0130vanova D\u0130A-n\u0131n f\u0259xri doktoru diplomu, xatir\u0259 medal\u0131, mantiya v\u0259 h\u0259diyy\u0259l\u0259r t\u0259qdim edilib.<\/p>\n\n\n\n<p>Makedoniya d\u00f6vl\u0259tinin ba\u015f\u00e7\u0131s\u0131 D\u0130A-n\u0131n f\u0259xri doktoru ad\u0131na layiq g\u00f6r\u00fclm\u0259sind\u0259n m\u0259mnunlu\u011funu bildirib, bu ali t\u0259hsil m\u00fc\u0259ssis\u0259sinin kollektivin\u0259 u\u011furlar arzulay\u0131b. G.\u0130vanov Az\u0259rbaycan\u0131n s\u00fcr\u0259tli v\u0259 davaml\u0131 inki\u015faf yolunda oldu\u011funu, \u00f6lk\u0259mizin beyn\u0259lxalq arenada artan n\u00fcfuzunu v\u0259 beyn\u0259lxalq t\u0259\u015fkilatlarla u\u011furlu \u0259m\u0259kda\u015fl\u0131\u011f\u0131n\u0131 x\u00fcsusi vur\u011fulay\u0131b.<\/p>\n\n\n\n<p>T\u0259dbird\u0259 ali qona\u011f\u0131n \u201cBalkanlar, Qafqaz, Yax\u0131n \u015e\u0259rq: Avropan\u0131n Bermud \u00fc\u00e7buca\u011f\u0131\u201d m\u00f6vzusunda m\u0259ruz\u0259si dinl\u0259nilib.<\/p>\n\n\n\n<p>Makedoniya Prezidenti t\u0259l\u0259b\u0259 g\u0259ncl\u0259r\u0259 t\u00f6vsiy\u0259l\u0259rini verib, suallar\u0131 cavabland\u0131r\u0131b.<\/p>\n\n\n\n<p><\/p>\n\n\n\n<figure class=\"wp-container-2 wp-block-gallery-1 wp-block-gallery columns-3 is-cropped\"><ul class=\"blocks-gallery-grid\"><li class=\"blocks-gallery-item\"><figure><img width=\"640\" height=\"424\" src=\"https:\/\/dia.edu.az\/wp-content\/uploads\/2021\/03\/MAKEDONIYA.jpg\" alt=\"\" data-id=\"12750\" data-full-url=\"https:\/\/dia.edu.az\/wp-content\/uploads\/2021\/03\/MAKEDONIYA.jpg\" data-link=\"https:\/\/dia.edu.az\/?attachment_id=12750\" class=\"wp-image-12750\" srcset=\"https:\/\/legacy.dia.edu.az\/wp-content\/uploads\/2021\/03\/MAKEDONIYA.jpg 640w, https:\/\/legacy.dia.edu.az\/wp-content\/uploads\/2021\/03\/MAKEDONIYA-300x199.jpg 300w, https:\/\/legacy.dia.edu.az\/wp-content\/uploads\/2021\/03\/MAKEDONIYA-16x12.jpg 16w, https:\/\/legacy.dia.edu.az\/wp-content\/uploads\/2021\/03\/MAKEDONIYA-150x100.jpg 150w, https:\/\/legacy.dia.edu.az\/wp-content\/uploads\/2021\/03\/MAKEDONIYA-300x199@2x.jpg 600w\" sizes=\"(max-width: 640px) 100vw, 640px\" \/><\/figure><\/li><li class=\"blocks-gallery-item\"><figure><img width=\"640\" height=\"424\" src=\"https:\/\/dia.edu.az\/wp-content\/uploads\/2021\/03\/MAKEDONIYA1.jpg\" alt=\"\" data-id=\"12751\" data-full-url=\"https:\/\/dia.edu.az\/wp-content\/uploads\/2021\/03\/MAKEDONIYA1.jpg\" data-link=\"https:\/\/dia.edu.az\/?attachment_id=12751\" class=\"wp-image-12751\" srcset=\"https:\/\/legacy.dia.edu.az\/wp-content\/uploads\/2021\/03\/MAKEDONIYA1.jpg 640w, https:\/\/legacy.dia.edu.az\/wp-content\/uploads\/2021\/03\/MAKEDONIYA1-300x199.jpg 300w, https:\/\/legacy.dia.edu.az\/wp-content\/uploads\/2021\/03\/MAKEDONIYA1-16x12.jpg 16w, https:\/\/legacy.dia.edu.az\/wp-content\/uploads\/2021\/03\/MAKEDONIYA1-150x100.jpg 150w, https:\/\/legacy.dia.edu.az\/wp-content\/uploads\/2021\/03\/MAKEDONIYA1-300x199@2x.jpg 600w\" sizes=\"(max-width: 640px) 100vw, 640px\" \/><\/figure><\/li><li class=\"blocks-gallery-item\"><figure><img width=\"640\" height=\"466\" src=\"https:\/\/dia.edu.az\/wp-content\/uploads\/2021\/03\/MAKEDONIYA2.jpg\" alt=\"\" data-id=\"12752\" data-full-url=\"https:\/\/dia.edu.az\/wp-content\/uploads\/2021\/03\/MAKEDONIYA2.jpg\" data-link=\"https:\/\/dia.edu.az\/?attachment_id=12752\" class=\"wp-image-12752\" srcset=\"https:\/\/legacy.dia.edu.az\/wp-content\/uploads\/2021\/03\/MAKEDONIYA2.jpg 640w, https:\/\/legacy.dia.edu.az\/wp-content\/uploads\/2021\/03\/MAKEDONIYA2-300x218.jpg 300w, https:\/\/legacy.dia.edu.az\/wp-content\/uploads\/2021\/03\/MAKEDONIYA2-16x12.jpg 16w, https:\/\/legacy.dia.edu.az\/wp-content\/uploads\/2021\/03\/MAKEDONIYA2-300x218@2x.jpg 600w\" sizes=\"(max-width: 640px) 100vw, 640px\" \/><\/figure><\/li><\/ul><\/figure>","protected":false},"excerpt":{"rendered":"<p>Makedoniya Prezidentin\u0259 D\u00f6vl\u0259t \u0130dar\u0259\u00e7ilik Akademiyas\u0131n\u0131n f\u0259xri doktoru ad\u0131 verilibMart 11 , 2016 &#8211; 11:06 Makedoniya Respublikas\u0131n\u0131n Prezidenti George \u0130vanov \u00f6lk\u0259miz\u0259 s\u0259f\u0259ri \u00e7\u0259r\u00e7iv\u0259sind\u0259 mart\u0131n 11-d\u0259 Az\u0259rbaycan Respublikas\u0131n\u0131n Prezidenti yan\u0131nda D\u00f6vl\u0259t \u0130dar\u0259\u00e7ilik Akademiyas\u0131nda (D\u0130A) olub. G\u00f6r\u00fc\u015fd\u0259 D\u0130A-n\u0131n rektoru, akademik Urxan \u018fl\u0259kb\u0259rov Makedoniya Prezidentini akademiyan\u0131n kollektivi ad\u0131ndan salamlay\u0131b, m\u00fcasir d\u00fcnyada elm v\u0259 demokratiyan\u0131n inki\u015faf\u0131na layiqli t\u00f6hf\u0259l\u0259r vermi\u015f ali [&hellip;]<\/p>","protected":false},"author":2,"featured_media":12752,"comment_status":"closed","ping_status":"closed","sticky":false,"template":"","format":"standard","meta":[],"categories":[137],"tags":[],"_links":{"self":[{"href":"https:\/\/legacy.dia.edu.az\/en\/wp-json\/wp\/v2\/posts\/12749"}],"collection":[{"href":"https:\/\/legacy.dia.edu.az\/en\/wp-json\/wp\/v2\/posts"}],"about":[{"href":"https:\/\/legacy.dia.edu.az\/en\/wp-json\/wp\/v2\/types\/post"}],"author":[{"embeddable":true,"href":"https:\/\/legacy.dia.edu.az\/en\/wp-json\/wp\/v2\/users\/2"}],"replies":[{"embeddable":true,"href":"https:\/\/legacy.dia.edu.az\/en\/wp-json\/wp\/v2\/comments?post=12749"}],"version-history":[{"count":0,"href":"https:\/\/legacy.dia.edu.az\/en\/wp-json\/wp\/v2\/posts\/12749\/revisions"}],"wp:featuredmedia":[{"embeddable":true,"href":"https:\/\/legacy.dia.edu.az\/en\/wp-json\/wp\/v2\/media\/12752"}],"wp:attachment":[{"href":"https:\/\/legacy.dia.edu.az\/en\/wp-json\/wp\/v2\/media?parent=12749"}],"wp:term":[{"taxonomy":"category","embeddable":true,"href":"https:\/\/legacy.dia.edu.az\/en\/wp-json\/wp\/v2\/categories?post=12749"},{"taxonomy":"post_tag","embeddable":true,"href":"https:\/\/legacy.dia.edu.az\/en\/wp-json\/wp\/v2\/tags?post=12749"}],"curies":[{"name":"wp","href":"https:\/\/api.w.org\/{rel}","templated":true}]}}