{"id":12740,"date":"2016-03-29T10:00:00","date_gmt":"2016-03-29T07:00:00","guid":{"rendered":"https:\/\/dia.edu.az\/?p=12740"},"modified":"2021-03-17T10:01:16","modified_gmt":"2021-03-17T07:01:16","slug":"davamli-inkisaf-namin%c9%99-kadr-potensialinin-t%c9%99kmill%c9%99sdirilm%c9%99si-az%c9%99rbaycan-modeli-adli-layih%c9%99-uzr%c9%99-maarifl%c9%99ndirici-t%c9%99dbir-kecirilib","status":"publish","type":"post","link":"https:\/\/legacy.dia.edu.az\/en\/arxivl\u0259r\/12740","title":{"rendered":"\u201cDavaml\u0131 inki\u015faf namin\u0259 kadr potensial\u0131n\u0131n t\u0259kmill\u0259\u015fdirilm\u0259si: Az\u0259rbaycan modeli adl\u0131 layih\u0259 \u00fczr\u0259 maarifl\u0259ndirici t\u0259dbir ke\u00e7irilib"},"content":{"rendered":"<p><strong>\u201cDavaml\u0131 inki\u015faf namin\u0259 kadr potensial\u0131n\u0131n t\u0259kmill\u0259\u015fdirilm\u0259si: Az\u0259rbaycan modeli adl\u0131 layih\u0259 \u00fczr\u0259 maarifl\u0259ndirici t\u0259dbir ke\u00e7irilib<\/strong><br><em>Mart 29 , 2016 &#8211; 04:37<\/em><\/p>\n\n\n\n<p>Az\u0259rbaycan Respublikas\u0131n\u0131n Prezidenti yan\u0131nda D\u00f6vl\u0259t \u0130dar\u0259\u00e7ilik Akademiyas\u0131n\u0131n Az\u0259rbaycan Respublikas\u0131n\u0131n Prezidenti yan\u0131nda Elmin \u0130nki\u015faf\u0131 Fondu t\u0259r\u0259find\u0259n maliy\u0259l\u0259\u015fdiril\u0259n \u201cDavaml\u0131 inki\u015faf namin\u0259 kadr potensial\u0131n\u0131n t\u0259kmill\u0259\u015fdirilm\u0259si: Az\u0259rbaycan modeli\u201d adl\u0131 layih\u0259 \u00fczr\u0259 15 mart 2016-c\u0131 il tarixind\u0259 60 sayl\u0131 orta m\u0259kt\u0259bin yuxar\u0131 sinif \u015fagirdl\u0259ri \u00fc\u00e7\u00fcn maarifl\u0259ndirici t\u0259dbir ke\u00e7irilib. T\u0259dbird\u0259 lahiy\u0259nin r\u0259hb\u0259ri professor \u00c7ingiz \u0130smay\u0131lov geni\u015f t\u0259qdimatla \u00e7\u0131x\u0131\u015f etmi\u015fdir.<\/p>\n\n\n\n<p>Layih\u0259 r\u0259hb\u0259ri d\u00fcnya \u00f6lk\u0259l\u0259rinin inki\u015faf g\u00f6st\u0259ricil\u0259ri, innovativ inki\u015fafa t\u0259sir ed\u0259n amill\u0259r, Az\u0259rbaycan\u0131n davaml\u0131 inki\u015faf\u0131 m\u00f6vzular\u0131 \u0259traf\u0131nda fikir v\u0259 d\u00fc\u015f\u00fcnc\u0259l\u0259rini b\u00f6l\u00fc\u015f\u00fcb. Davaml\u0131 inki\u015faf sah\u0259sind\u0259 kadr potensial\u0131n\u0131n formala\u015fmas\u0131, inki\u015faf\u0131n \u00f6lk\u0259 tarixind\u0259n as\u0131l\u0131l\u0131\u011f\u0131 v\u0259 innovativ idar\u0259etm\u0259: d\u00f6vl\u0259t proqramlar\u0131n\u0131n milli proqramlara transformasiyas\u0131 m\u0259s\u0259l\u0259l\u0259rin\u0259 toxunmu\u015fdur. Eyni zamanda t\u0259qdimatda m\u00fcasir d\u00fcnyada, qlobal \u00e7a\u011f\u0131r\u0131\u015flar\u0131n artd\u0131\u011f\u0131 d\u00f6vrd\u0259 davaml\u0131 inki\u015faf\u0131n \u0259ld\u0259 edilm\u0259si \u00fc\u00e7\u00fcn g\u00f6r\u00fcl\u0259c\u0259k i\u015fl\u0259r, qar\u015f\u0131da duran v\u0259zif\u0259l\u0259r qeyd edilmi\u015fdir. T\u0259qdimatda \u0259sas diqq\u0259t 2015-ci ilin sentyabr ay\u0131n\u0131n 15-d\u0259 BMT-nin Davaml\u0131 inki\u015fafa h\u0259sr olunmu\u015f sammitd\u0259 q\u0259bul olunmu\u015f g\u00fcn\u00fcn g\u00fcnd\u0259liyin\u0259 y\u00f6n\u0259lmi\u015fdir. Eyni zamanda \u015fagirdl\u0259r\u0259 Az\u0259rbaycan Respublikas\u0131n\u0131n Prezidenti yan\u0131nda D\u00f6vl\u0259t \u0130dar\u0259\u00e7ilik Akademiyas\u0131nda n\u00f6vb\u0259ti t\u0259dris ilind\u0259 \u201cDavaml\u0131 inki\u015faf\u0131n idar\u0259 edilm\u0259si\u201d ixtisas\u0131 \u00fczr\u0259 ilk t\u0259l\u0259b\u0259 q\u0259bulunun ke\u00e7irilm\u0259si haqqda m\u0259lumat verilmi\u015fdir.<\/p>\n\n\n\n<p>Sonra g\u00f6r\u00fc\u015f i\u015ftirak\u00e7\u0131lar\u0131n\u0131 maraqland\u0131ran suallar cavabland\u0131r\u0131l\u0131b v\u0259 qar\u015f\u0131l\u0131ql\u0131 fikir m\u00fcbadil\u0259sin\u0259 \u0259saslanan m\u00fczakir\u0259l\u0259r apar\u0131l\u0131b.<\/p>\n\n\n\n<p><\/p>\n\n\n\n<figure class=\"wp-container-2 wp-block-gallery-1 wp-block-gallery columns-1 is-cropped\"><ul class=\"blocks-gallery-grid\"><li class=\"blocks-gallery-item\"><figure><img width=\"640\" height=\"480\" src=\"https:\/\/dia.edu.az\/wp-content\/uploads\/2021\/03\/sim.jpg\" alt=\"\" data-id=\"12741\" data-full-url=\"https:\/\/dia.edu.az\/wp-content\/uploads\/2021\/03\/sim.jpg\" data-link=\"https:\/\/dia.edu.az\/?attachment_id=12741\" class=\"wp-image-12741\" srcset=\"https:\/\/legacy.dia.edu.az\/wp-content\/uploads\/2021\/03\/sim.jpg 640w, https:\/\/legacy.dia.edu.az\/wp-content\/uploads\/2021\/03\/sim-300x225.jpg 300w, https:\/\/legacy.dia.edu.az\/wp-content\/uploads\/2021\/03\/sim-16x12.jpg 16w, https:\/\/legacy.dia.edu.az\/wp-content\/uploads\/2021\/03\/sim-300x225@2x.jpg 600w\" sizes=\"(max-width: 640px) 100vw, 640px\" \/><\/figure><\/li><\/ul><\/figure>","protected":false},"excerpt":{"rendered":"<p>\u201cDavaml\u0131 inki\u015faf namin\u0259 kadr potensial\u0131n\u0131n t\u0259kmill\u0259\u015fdirilm\u0259si: Az\u0259rbaycan modeli adl\u0131 layih\u0259 \u00fczr\u0259 maarifl\u0259ndirici t\u0259dbir ke\u00e7irilibMart 29 , 2016 &#8211; 04:37 Az\u0259rbaycan Respublikas\u0131n\u0131n Prezidenti yan\u0131nda D\u00f6vl\u0259t \u0130dar\u0259\u00e7ilik Akademiyas\u0131n\u0131n Az\u0259rbaycan Respublikas\u0131n\u0131n Prezidenti yan\u0131nda Elmin \u0130nki\u015faf\u0131 Fondu t\u0259r\u0259find\u0259n maliy\u0259l\u0259\u015fdiril\u0259n \u201cDavaml\u0131 inki\u015faf namin\u0259 kadr potensial\u0131n\u0131n t\u0259kmill\u0259\u015fdirilm\u0259si: Az\u0259rbaycan modeli\u201d adl\u0131 layih\u0259 \u00fczr\u0259 15 mart 2016-c\u0131 il tarixind\u0259 60 sayl\u0131 orta m\u0259kt\u0259bin [&hellip;]<\/p>","protected":false},"author":2,"featured_media":12741,"comment_status":"closed","ping_status":"closed","sticky":false,"template":"","format":"standard","meta":[],"categories":[137],"tags":[],"_links":{"self":[{"href":"https:\/\/legacy.dia.edu.az\/en\/wp-json\/wp\/v2\/posts\/12740"}],"collection":[{"href":"https:\/\/legacy.dia.edu.az\/en\/wp-json\/wp\/v2\/posts"}],"about":[{"href":"https:\/\/legacy.dia.edu.az\/en\/wp-json\/wp\/v2\/types\/post"}],"author":[{"embeddable":true,"href":"https:\/\/legacy.dia.edu.az\/en\/wp-json\/wp\/v2\/users\/2"}],"replies":[{"embeddable":true,"href":"https:\/\/legacy.dia.edu.az\/en\/wp-json\/wp\/v2\/comments?post=12740"}],"version-history":[{"count":0,"href":"https:\/\/legacy.dia.edu.az\/en\/wp-json\/wp\/v2\/posts\/12740\/revisions"}],"wp:featuredmedia":[{"embeddable":true,"href":"https:\/\/legacy.dia.edu.az\/en\/wp-json\/wp\/v2\/media\/12741"}],"wp:attachment":[{"href":"https:\/\/legacy.dia.edu.az\/en\/wp-json\/wp\/v2\/media?parent=12740"}],"wp:term":[{"taxonomy":"category","embeddable":true,"href":"https:\/\/legacy.dia.edu.az\/en\/wp-json\/wp\/v2\/categories?post=12740"},{"taxonomy":"post_tag","embeddable":true,"href":"https:\/\/legacy.dia.edu.az\/en\/wp-json\/wp\/v2\/tags?post=12740"}],"curies":[{"name":"wp","href":"https:\/\/api.w.org\/{rel}","templated":true}]}}