{"id":12725,"date":"2021-03-16T18:49:12","date_gmt":"2021-03-16T15:49:12","guid":{"rendered":"https:\/\/dia.edu.az\/?p=12725"},"modified":"2021-03-17T09:50:57","modified_gmt":"2021-03-17T06:50:57","slug":"12725-2","status":"publish","type":"post","link":"https:\/\/legacy.dia.edu.az\/en\/arxivl\u0259r\/12725","title":{"rendered":"\u201cD\u00f6vl\u0259t qulluq\u00e7ular\u0131n\u0131n potensial\u0131n\u0131n art\u0131r\u0131lmas\u0131\u201d layih\u0259si \u00fczr\u0259 onlayn t\u0259liml\u0259r ke\u00e7irilir"},"content":{"rendered":"<p><strong>\u201cD\u00f6vl\u0259t qulluq\u00e7ular\u0131n\u0131n potensial\u0131n\u0131n art\u0131r\u0131lmas\u0131\u201d layih\u0259si \u00fczr\u0259 onlayn t\u0259liml\u0259r ke\u00e7irilir<\/strong><br><em>Mart 16 , 2021 &#8211; 06:19<\/em><\/p>\n\n\n\n<p>Mart\u0131n 16-dan Az\u0259rbaycan Respublikas\u0131n\u0131n Prezidenti yan\u0131nda D\u00f6vl\u0259t \u0130dar\u0259\u00e7ilik Akademiyas\u0131 v\u0259 v\u0259 Heyd\u0259r \u018fliyev Fondu \u201cRegional \u0130nki\u015faf\u201d \u0130ctimai Birliyinin birg\u0259 t\u0259\u015fkilat\u00e7\u0131l\u0131\u011f\u0131 il\u0259 \u201cD\u00f6vl\u0259t qulluq\u00e7ular\u0131n\u0131n potensial\u0131n\u0131n art\u0131r\u0131lmas\u0131\u201d layih\u0259si \u00fczr\u0259 onlayn t\u0259liml\u0259r ke\u00e7irilir.<\/p>\n\n\n\n<p>Onlayn t\u0259liml\u0259rd\u0259 Az\u0259rbaycan Respublikas\u0131n\u0131n Prezidenti yan\u0131nda D\u00f6vl\u0259t \u0130dar\u0259\u00e7ilik Akademiyas\u0131n\u0131n rektoru, akademik Urxan \u018fl\u0259kb\u0259rov \u201cAz\u0259rbaycan Respublikas\u0131n\u0131n Milli prioritetl\u0259ri: planla\u015fd\u0131rma v\u0259 idar\u0259etm\u0259\u201d, Az\u0259rbaycan Respublikas\u0131n\u0131n \u0130qtisadi \u0130slahatlar\u0131n T\u0259hlili v\u0259 Kommunikasiya M\u0259rk\u0259zinin icra\u00e7\u0131 direktoru, iqtisad elml\u0259ri doktoru V\u00fcsal Qas\u0131ml\u0131n\u0131n \u201cR\u0259qab\u0259tqabiliyy\u0259tli v\u0259 \u0130nkl\u00fcziv iqtisadiyyat\u201d, Az\u0259rbaycan Respublikas\u0131 Ekologiya v\u0259 T\u0259bii S\u0259rv\u0259tl\u0259r Nazirliyi, Ekoloji siyas\u0259t \u015f\u00f6b\u0259sinin m\u00fcdiri Rasim S\u0259ttar-zad\u0259nin \u201cAz\u0259rbaycan 2030: davaml\u0131 inki\u015faf kontekstind\u0259 \u0259traf m\u00fchitin idar\u0259 olunmas\u0131: h\u0259yata ke\u00e7iril\u0259n t\u0259dbirl\u0259r v\u0259 qar\u015f\u0131ya qoyulmu\u015f h\u0259d\u0259fl\u0259r\u201d, D\u00f6vl\u0259t \u0130dar\u0259\u00e7ilik Akademiyas\u0131n\u0131n professoru \u00c7ingiz \u0130smay\u0131lov \u201cB\u00f6y\u00fck qay\u0131d\u0131\u015f: \u0259razil\u0259rin m\u0259nims\u0259nilm\u0259sind\u0259 t\u0259bii-resurs potensial\u0131n\u0131n qiym\u0259tl\u0259ndirilm\u0259si\u201d v\u0259 dig\u0259r m\u00f6vzularda m\u0259ruz\u0259l\u0259r t\u0259qdim edil\u0259c\u0259k. D\u00f6vl\u0259t qulluq\u00e7ular\u0131 \u00fc\u00e7\u00fcn n\u0259z\u0259rd\u0259 tutulan t\u0259liml\u0259r mart ay\u0131n\u0131n 17 d\u0259 davam ed\u0259c\u0259k.<\/p>\n\n\n\n<p>T\u0259liml\u0259rin sonunda layih\u0259l\u0259rin t\u0259qdimat\u0131 v\u0259 qiym\u0259tl\u0259ndirilm\u0259si h\u0259yata ke\u00e7iril\u0259c\u0259k.<\/p>\n\n\n\n<p><\/p>\n\n\n\n<figure class=\"wp-container-2 wp-block-gallery-1 wp-block-gallery columns-2 is-cropped\"><ul class=\"blocks-gallery-grid\"><li class=\"blocks-gallery-item\"><figure><img width=\"480\" height=\"640\" src=\"https:\/\/dia.edu.az\/wp-content\/uploads\/2021\/03\/000.jpg\" alt=\"\" data-id=\"12726\" data-full-url=\"https:\/\/dia.edu.az\/wp-content\/uploads\/2021\/03\/000.jpg\" data-link=\"https:\/\/dia.edu.az\/?attachment_id=12726\" class=\"wp-image-12726\" srcset=\"https:\/\/legacy.dia.edu.az\/wp-content\/uploads\/2021\/03\/000.jpg 480w, https:\/\/legacy.dia.edu.az\/wp-content\/uploads\/2021\/03\/000-225x300.jpg 225w, https:\/\/legacy.dia.edu.az\/wp-content\/uploads\/2021\/03\/000-9x12.jpg 9w, https:\/\/legacy.dia.edu.az\/wp-content\/uploads\/2021\/03\/000-225x300@2x.jpg 450w\" sizes=\"(max-width: 480px) 100vw, 480px\" \/><\/figure><\/li><li class=\"blocks-gallery-item\"><figure><img width=\"480\" height=\"640\" src=\"https:\/\/dia.edu.az\/wp-content\/uploads\/2021\/03\/0.jpg\" alt=\"\" data-id=\"12729\" data-full-url=\"https:\/\/dia.edu.az\/wp-content\/uploads\/2021\/03\/0.jpg\" data-link=\"https:\/\/dia.edu.az\/?attachment_id=12729\" class=\"wp-image-12729\" srcset=\"https:\/\/legacy.dia.edu.az\/wp-content\/uploads\/2021\/03\/0.jpg 480w, https:\/\/legacy.dia.edu.az\/wp-content\/uploads\/2021\/03\/0-225x300.jpg 225w, https:\/\/legacy.dia.edu.az\/wp-content\/uploads\/2021\/03\/0-9x12.jpg 9w, https:\/\/legacy.dia.edu.az\/wp-content\/uploads\/2021\/03\/0-225x300@2x.jpg 450w\" sizes=\"(max-width: 480px) 100vw, 480px\" \/><\/figure><\/li><li class=\"blocks-gallery-item\"><figure><img width=\"549\" height=\"480\" src=\"https:\/\/dia.edu.az\/wp-content\/uploads\/2021\/03\/00.jpg\" alt=\"\" data-id=\"12728\" data-full-url=\"https:\/\/dia.edu.az\/wp-content\/uploads\/2021\/03\/00.jpg\" data-link=\"https:\/\/dia.edu.az\/?attachment_id=12728\" class=\"wp-image-12728\" srcset=\"https:\/\/legacy.dia.edu.az\/wp-content\/uploads\/2021\/03\/00.jpg 549w, https:\/\/legacy.dia.edu.az\/wp-content\/uploads\/2021\/03\/00-300x262.jpg 300w, https:\/\/legacy.dia.edu.az\/wp-content\/uploads\/2021\/03\/00-14x12.jpg 14w\" sizes=\"(max-width: 549px) 100vw, 549px\" \/><\/figure><\/li><\/ul><\/figure>","protected":false},"excerpt":{"rendered":"<p>\u201cD\u00f6vl\u0259t qulluq\u00e7ular\u0131n\u0131n potensial\u0131n\u0131n art\u0131r\u0131lmas\u0131\u201d layih\u0259si \u00fczr\u0259 onlayn t\u0259liml\u0259r ke\u00e7irilirMart 16 , 2021 &#8211; 06:19 Mart\u0131n 16-dan Az\u0259rbaycan Respublikas\u0131n\u0131n Prezidenti yan\u0131nda D\u00f6vl\u0259t \u0130dar\u0259\u00e7ilik Akademiyas\u0131 v\u0259 v\u0259 Heyd\u0259r \u018fliyev Fondu \u201cRegional \u0130nki\u015faf\u201d \u0130ctimai Birliyinin birg\u0259 t\u0259\u015fkilat\u00e7\u0131l\u0131\u011f\u0131 il\u0259 \u201cD\u00f6vl\u0259t qulluq\u00e7ular\u0131n\u0131n potensial\u0131n\u0131n art\u0131r\u0131lmas\u0131\u201d layih\u0259si \u00fczr\u0259 onlayn t\u0259liml\u0259r ke\u00e7irilir. Onlayn t\u0259liml\u0259rd\u0259 Az\u0259rbaycan Respublikas\u0131n\u0131n Prezidenti yan\u0131nda D\u00f6vl\u0259t \u0130dar\u0259\u00e7ilik Akademiyas\u0131n\u0131n rektoru, akademik [&hellip;]<\/p>","protected":false},"author":2,"featured_media":12726,"comment_status":"closed","ping_status":"closed","sticky":false,"template":"","format":"standard","meta":[],"categories":[137],"tags":[],"_links":{"self":[{"href":"https:\/\/legacy.dia.edu.az\/en\/wp-json\/wp\/v2\/posts\/12725"}],"collection":[{"href":"https:\/\/legacy.dia.edu.az\/en\/wp-json\/wp\/v2\/posts"}],"about":[{"href":"https:\/\/legacy.dia.edu.az\/en\/wp-json\/wp\/v2\/types\/post"}],"author":[{"embeddable":true,"href":"https:\/\/legacy.dia.edu.az\/en\/wp-json\/wp\/v2\/users\/2"}],"replies":[{"embeddable":true,"href":"https:\/\/legacy.dia.edu.az\/en\/wp-json\/wp\/v2\/comments?post=12725"}],"version-history":[{"count":0,"href":"https:\/\/legacy.dia.edu.az\/en\/wp-json\/wp\/v2\/posts\/12725\/revisions"}],"wp:featuredmedia":[{"embeddable":true,"href":"https:\/\/legacy.dia.edu.az\/en\/wp-json\/wp\/v2\/media\/12726"}],"wp:attachment":[{"href":"https:\/\/legacy.dia.edu.az\/en\/wp-json\/wp\/v2\/media?parent=12725"}],"wp:term":[{"taxonomy":"category","embeddable":true,"href":"https:\/\/legacy.dia.edu.az\/en\/wp-json\/wp\/v2\/categories?post=12725"},{"taxonomy":"post_tag","embeddable":true,"href":"https:\/\/legacy.dia.edu.az\/en\/wp-json\/wp\/v2\/tags?post=12725"}],"curies":[{"name":"wp","href":"https:\/\/api.w.org\/{rel}","templated":true}]}}