{"id":12713,"date":"2016-05-13T18:40:00","date_gmt":"2016-05-13T15:40:00","guid":{"rendered":"https:\/\/dia.edu.az\/?p=12713"},"modified":"2021-03-16T18:43:41","modified_gmt":"2021-03-16T15:43:41","slug":"heyd%c9%99r-%c9%99liyev-v%c9%99-muasir-konstitusiyaciligin-inkisaf-xususiyy%c9%99tl%c9%99ri-movzusunda-t%c9%99l%c9%99b%c9%99-elmi-seminari-kecirilmisdir-2","status":"publish","type":"post","link":"https:\/\/legacy.dia.edu.az\/en\/arxivl\u0259r\/12713","title":{"rendered":"&#8220;Heyd\u0259r \u018fliyev v\u0259 m\u00fcasir konstitusiya\u00e7\u0131l\u0131\u011f\u0131n inki\u015faf x\u00fcsusiyy\u0259tl\u0259ri&#8221; m\u00f6vzusunda t\u0259l\u0259b\u0259 elmi seminar\u0131 ke\u00e7irilmi\u015fdir"},"content":{"rendered":"<p><strong>&#8220;Heyd\u0259r \u018fliyev v\u0259 m\u00fcasir konstitusiya\u00e7\u0131l\u0131\u011f\u0131n inki\u015faf x\u00fcsusiyy\u0259tl\u0259ri&#8221; m\u00f6vzusunda t\u0259l\u0259b\u0259 elmi seminar\u0131 ke\u00e7irilmi\u015fdir<\/strong><br><em>May 13 , 2016 &#8211; 09:52<\/em><\/p>\n\n\n\n<p>12 may 2016-c\u0131 ild\u0259 Az\u0259rbaycan Respublikas\u0131n\u0131n Prezidenti yan\u0131nda D\u00f6vl\u0259t \u0130dar\u0259\u00e7ilik Akademiyas\u0131 &#8220;H\u00fcquq&#8221; kafedras\u0131n\u0131n t\u0259\u015fkilat\u00e7\u0131l\u0131\u011f\u0131 il\u0259 \u00dcmummilli lider Heyd\u0259r \u018fliyevin anadan olmas\u0131n\u0131n 93-c\u00fc &nbsp;ild\u00f6n\u00fcm\u00fcn\u0259 h\u0259sr olunmu\u015f &#8220;Heyd\u0259r \u018fliyev v\u0259 m\u00fcasir konstitusiya\u00e7\u0131l\u0131\u011f\u0131n &nbsp;inki\u015faf x\u00fcsusiyy\u0259tl\u0259ri&#8221; m\u00f6vzusunda t\u0259l\u0259b\u0259 elmi seminar\u0131 ke\u00e7irilmi\u015fdir.<\/p>\n\n\n\n<p>Elmi-seminar\u0131 giri\u015f s\u00f6z\u00fc il\u0259 a\u00e7an rektor, akademik Urxan \u018fl\u0259kb\u0259rov \u00dcmummilli lider Heyd\u0259r \u018fliyevin Az\u0259rbaycan Respublikas\u0131n\u0131n ilk Konstitusiyas\u0131n\u0131n q\u0259bul edilm\u0259sind\u0259ki f\u0259aliyy\u0259tini, son ill\u0259rd\u0259 Az\u0259rbaycan Respublikas\u0131n\u0131n davaml\u0131 v\u0259 innovativ inki\u015faf\u0131 bar\u0259d\u0259 yeni m\u0259lumatlar\u0131 diqq\u0259 \u00e7atd\u0131rd\u0131. Eyni zamanda elmi seminar\u0131n \u0259sas m\u0259qs\u0259dinin h\u00fcquq\u015f\u00fcnasl\u0131q ixtisas\u0131 \u00fczr\u0259 t\u0259hsil alan t\u0259l\u0259b\u0259l\u0259rd\u0259 elmi yarad\u0131c\u0131l\u0131q v\u0259rdi\u015fl\u0259rini a\u015f\u0131lamaq v\u0259 praktik v\u0259rdi\u015fl\u0259r yaratmaqdan ibar\u0259t olmas\u0131n\u0131 qeyd etdi.<\/p>\n\n\n\n<p>Daha sonra elmi seminarda &#8220;Az\u0259rbaycan Respublikas\u0131 v\u0259 T\u00fcrkiy\u0259 C\u00fcmhuriyy\u0259tind\u0259 yerli \u00f6z\u00fcn\u00fcidar\u0259etm\u0259nin ox\u015far v\u0259 f\u0259rqli c\u0259h\u0259tl\u0259ri&#8221;, &#8220;Yaponiyan\u0131n konstitusiya h\u00fcququnun xarakterik x\u00fcsusiyy\u0259tl\u0259ri&#8221;, &#8220;\u0130taliya Respublikas\u0131n\u0131n konstitusiya qurulu\u015funun \u0259saslar\u0131&#8221; v\u0259 dig\u0259r aktual olan m\u00f6vzular\u0131nda t\u0259l\u0259b\u0259l\u0259rin m\u0259ruz\u0259l\u0259ri dinl\u0259nilmi\u015fdir. M\u0259ruz\u0259l\u0259r \u0259traf\u0131nda maraql\u0131 f\u0131kir m\u00fcbadil\u0259si apar\u0131lm\u0131\u015fd\u0131r.<\/p>\n\n\n\n<p>T\u0259l\u0259b\u0259 elmi seminar\u0131n\u0131n i\u015find\u0259 &#8220;H\u00fcquq&#8221; kafedras\u0131n\u0131n m\u00fcdiri, dosent F\u0259xr\u0259ddin Na\u011f\u0131yev, \u0130nstitut direktoru, professor G\u00fclnar\u0259 Qurbanova, \u00a0&#8220;Siyasi idar\u0259etm\u0259&#8221; fak\u00fclt\u0259sinin dekan\u0131, professor Zaur Ba\u011f\u0131rov, Elmi t\u0259\u015fkilat \u015f\u00f6b\u0259sinin m\u00fcdiri, dosent R\u0259c\u0259b R\u0259himli, H\u0259mkarlar \u0130ttifaq\u0131 Komit\u0259sinin s\u0259dri, f.\u00fc.f.d. \u00a0Yusif Agayev, TEC-nin s\u0259dri, dosent Sevil M\u0259mm\u0259dova v\u0259 kafedran\u0131n professor-m\u00fc\u0259llim hey\u0259ti i\u015ftirak etmi\u015fdir.\u00a0<\/p>\n\n\n\n<p><\/p>\n\n\n\n<figure class=\"wp-container-2 wp-block-gallery-1 wp-block-gallery columns-2 is-cropped\"><ul class=\"blocks-gallery-grid\"><li class=\"blocks-gallery-item\"><figure><img width=\"640\" height=\"424\" src=\"https:\/\/dia.edu.az\/wp-content\/uploads\/2021\/03\/ARAZ1-1.jpg\" alt=\"\" data-id=\"12715\" data-full-url=\"https:\/\/dia.edu.az\/wp-content\/uploads\/2021\/03\/ARAZ1-1.jpg\" data-link=\"https:\/\/dia.edu.az\/?attachment_id=12715\" class=\"wp-image-12715\" srcset=\"https:\/\/legacy.dia.edu.az\/wp-content\/uploads\/2021\/03\/ARAZ1-1.jpg 640w, https:\/\/legacy.dia.edu.az\/wp-content\/uploads\/2021\/03\/ARAZ1-1-300x199.jpg 300w, https:\/\/legacy.dia.edu.az\/wp-content\/uploads\/2021\/03\/ARAZ1-1-16x12.jpg 16w, https:\/\/legacy.dia.edu.az\/wp-content\/uploads\/2021\/03\/ARAZ1-1-150x100.jpg 150w, https:\/\/legacy.dia.edu.az\/wp-content\/uploads\/2021\/03\/ARAZ1-1-300x199@2x.jpg 600w\" sizes=\"(max-width: 640px) 100vw, 640px\" \/><\/figure><\/li><li class=\"blocks-gallery-item\"><figure><img width=\"480\" height=\"358\" src=\"https:\/\/dia.edu.az\/wp-content\/uploads\/2021\/03\/ARAZ2-1.jpg\" alt=\"\" data-id=\"12716\" data-full-url=\"https:\/\/dia.edu.az\/wp-content\/uploads\/2021\/03\/ARAZ2-1.jpg\" data-link=\"https:\/\/dia.edu.az\/?attachment_id=12716\" class=\"wp-image-12716\" srcset=\"https:\/\/legacy.dia.edu.az\/wp-content\/uploads\/2021\/03\/ARAZ2-1.jpg 480w, https:\/\/legacy.dia.edu.az\/wp-content\/uploads\/2021\/03\/ARAZ2-1-300x224.jpg 300w, https:\/\/legacy.dia.edu.az\/wp-content\/uploads\/2021\/03\/ARAZ2-1-16x12.jpg 16w\" sizes=\"(max-width: 480px) 100vw, 480px\" \/><\/figure><\/li><\/ul><\/figure>","protected":false},"excerpt":{"rendered":"<p>&#8220;Heyd\u0259r \u018fliyev v\u0259 m\u00fcasir konstitusiya\u00e7\u0131l\u0131\u011f\u0131n inki\u015faf x\u00fcsusiyy\u0259tl\u0259ri&#8221; m\u00f6vzusunda t\u0259l\u0259b\u0259 elmi seminar\u0131 ke\u00e7irilmi\u015fdirMay 13 , 2016 &#8211; 09:52 12 may 2016-c\u0131 ild\u0259 Az\u0259rbaycan Respublikas\u0131n\u0131n Prezidenti yan\u0131nda D\u00f6vl\u0259t \u0130dar\u0259\u00e7ilik Akademiyas\u0131 &#8220;H\u00fcquq&#8221; kafedras\u0131n\u0131n t\u0259\u015fkilat\u00e7\u0131l\u0131\u011f\u0131 il\u0259 \u00dcmummilli lider Heyd\u0259r \u018fliyevin anadan olmas\u0131n\u0131n 93-c\u00fc &nbsp;ild\u00f6n\u00fcm\u00fcn\u0259 h\u0259sr olunmu\u015f &#8220;Heyd\u0259r \u018fliyev v\u0259 m\u00fcasir konstitusiya\u00e7\u0131l\u0131\u011f\u0131n &nbsp;inki\u015faf x\u00fcsusiyy\u0259tl\u0259ri&#8221; m\u00f6vzusunda t\u0259l\u0259b\u0259 elmi seminar\u0131 ke\u00e7irilmi\u015fdir. Elmi-seminar\u0131 [&hellip;]<\/p>","protected":false},"author":2,"featured_media":12715,"comment_status":"closed","ping_status":"closed","sticky":false,"template":"","format":"standard","meta":[],"categories":[137],"tags":[],"_links":{"self":[{"href":"https:\/\/legacy.dia.edu.az\/en\/wp-json\/wp\/v2\/posts\/12713"}],"collection":[{"href":"https:\/\/legacy.dia.edu.az\/en\/wp-json\/wp\/v2\/posts"}],"about":[{"href":"https:\/\/legacy.dia.edu.az\/en\/wp-json\/wp\/v2\/types\/post"}],"author":[{"embeddable":true,"href":"https:\/\/legacy.dia.edu.az\/en\/wp-json\/wp\/v2\/users\/2"}],"replies":[{"embeddable":true,"href":"https:\/\/legacy.dia.edu.az\/en\/wp-json\/wp\/v2\/comments?post=12713"}],"version-history":[{"count":0,"href":"https:\/\/legacy.dia.edu.az\/en\/wp-json\/wp\/v2\/posts\/12713\/revisions"}],"wp:featuredmedia":[{"embeddable":true,"href":"https:\/\/legacy.dia.edu.az\/en\/wp-json\/wp\/v2\/media\/12715"}],"wp:attachment":[{"href":"https:\/\/legacy.dia.edu.az\/en\/wp-json\/wp\/v2\/media?parent=12713"}],"wp:term":[{"taxonomy":"category","embeddable":true,"href":"https:\/\/legacy.dia.edu.az\/en\/wp-json\/wp\/v2\/categories?post=12713"},{"taxonomy":"post_tag","embeddable":true,"href":"https:\/\/legacy.dia.edu.az\/en\/wp-json\/wp\/v2\/tags?post=12713"}],"curies":[{"name":"wp","href":"https:\/\/api.w.org\/{rel}","templated":true}]}}