{"id":12710,"date":"2016-05-16T18:37:00","date_gmt":"2016-05-16T15:37:00","guid":{"rendered":"https:\/\/dia.edu.az\/?p=12710"},"modified":"2021-03-16T18:37:52","modified_gmt":"2021-03-16T15:37:52","slug":"dovl%c9%99t-idar%c9%99cilik-akademiyasinin-t%c9%99l%c9%99b%c9%99si-qran-pri-yarsinin-qalibi-olub","status":"publish","type":"post","link":"https:\/\/legacy.dia.edu.az\/en\/arxivl\u0259r\/12710","title":{"rendered":"D\u00f6vl\u0259t \u0130dar\u0259\u00e7ilik Akademiyas\u0131n\u0131n t\u0259l\u0259b\u0259si Qran Pri yar\u015f\u0131n\u0131n qalibi olub"},"content":{"rendered":"<p><\/p>\n\n\n\n<p><strong>D\u00f6vl\u0259t \u0130dar\u0259\u00e7ilik Akademiyas\u0131n\u0131n t\u0259l\u0259b\u0259si Qran Pri yar\u015f\u0131n\u0131n qalibi olub<\/strong><br><em>May 16 , 2016 &#8211; 12:33<\/em><\/p>\n\n\n\n<p>Qazaxstan\u0131n Almat\u0131 \u015f\u0259h\u0259rind\u0259 ke\u00e7iril\u0259n c\u00fcdo \u00fczr\u0259 Qran Pri yar\u0131\u015f\u0131 Az\u0259rbaycan milli komandas\u0131 \u00fc\u00e7\u00fcn u\u011furlu olub.&nbsp; C\u00fcdo\u00e7ular\u0131m\u0131z beyn\u0259lxalq yar\u0131\u015fda 3 medal qazan\u0131blar.<\/p>\n\n\n\n<p>100 kq \u00e7\u0259ki d\u0259r\u0259c\u0259sind\u0259 m\u00fcbariz\u0259 aparan Az\u0259rbaycan&nbsp; c\u00fcdo milli komandas\u0131n\u0131n \u00fczv\u00fc, &nbsp;d\u00fcnya \u00e7empionu, Az\u0259rbaycan Respublikas\u0131 Prezidenti yan\u0131nda D\u00f6vl\u0259t \u0130dar\u0259\u00e7ilik Akademiyas\u0131n\u0131n \u0259lav\u0259 t\u0259hsil \u00fczr\u0259 \u0130nzibati \u0130dar\u0259etm\u0259 fak\u00fct\u0259sinin IV kurs t\u0259l\u0259b\u0259si &nbsp;Elxan M\u0259mm\u0259dov &nbsp;b\u00fct\u00fcn r\u0259qibl\u0259rin\u0259 qalib g\u0259l\u0259r\u0259k Qazaxstan Qran Prisinin q\u0131z\u0131l medal\u0131na sahib olub.&nbsp;<\/p>","protected":false},"excerpt":{"rendered":"<p>D\u00f6vl\u0259t \u0130dar\u0259\u00e7ilik Akademiyas\u0131n\u0131n t\u0259l\u0259b\u0259si Qran Pri yar\u015f\u0131n\u0131n qalibi olubMay 16 , 2016 &#8211; 12:33 Qazaxstan\u0131n Almat\u0131 \u015f\u0259h\u0259rind\u0259 ke\u00e7iril\u0259n c\u00fcdo \u00fczr\u0259 Qran Pri yar\u0131\u015f\u0131 Az\u0259rbaycan milli komandas\u0131 \u00fc\u00e7\u00fcn u\u011furlu olub.&nbsp; C\u00fcdo\u00e7ular\u0131m\u0131z beyn\u0259lxalq yar\u0131\u015fda 3 medal qazan\u0131blar. 100 kq \u00e7\u0259ki d\u0259r\u0259c\u0259sind\u0259 m\u00fcbariz\u0259 aparan Az\u0259rbaycan&nbsp; c\u00fcdo milli komandas\u0131n\u0131n \u00fczv\u00fc, &nbsp;d\u00fcnya \u00e7empionu, Az\u0259rbaycan Respublikas\u0131 Prezidenti yan\u0131nda D\u00f6vl\u0259t \u0130dar\u0259\u00e7ilik Akademiyas\u0131n\u0131n [&hellip;]<\/p>","protected":false},"author":2,"featured_media":12711,"comment_status":"closed","ping_status":"closed","sticky":false,"template":"","format":"standard","meta":[],"categories":[137],"tags":[],"_links":{"self":[{"href":"https:\/\/legacy.dia.edu.az\/en\/wp-json\/wp\/v2\/posts\/12710"}],"collection":[{"href":"https:\/\/legacy.dia.edu.az\/en\/wp-json\/wp\/v2\/posts"}],"about":[{"href":"https:\/\/legacy.dia.edu.az\/en\/wp-json\/wp\/v2\/types\/post"}],"author":[{"embeddable":true,"href":"https:\/\/legacy.dia.edu.az\/en\/wp-json\/wp\/v2\/users\/2"}],"replies":[{"embeddable":true,"href":"https:\/\/legacy.dia.edu.az\/en\/wp-json\/wp\/v2\/comments?post=12710"}],"version-history":[{"count":0,"href":"https:\/\/legacy.dia.edu.az\/en\/wp-json\/wp\/v2\/posts\/12710\/revisions"}],"wp:featuredmedia":[{"embeddable":true,"href":"https:\/\/legacy.dia.edu.az\/en\/wp-json\/wp\/v2\/media\/12711"}],"wp:attachment":[{"href":"https:\/\/legacy.dia.edu.az\/en\/wp-json\/wp\/v2\/media?parent=12710"}],"wp:term":[{"taxonomy":"category","embeddable":true,"href":"https:\/\/legacy.dia.edu.az\/en\/wp-json\/wp\/v2\/categories?post=12710"},{"taxonomy":"post_tag","embeddable":true,"href":"https:\/\/legacy.dia.edu.az\/en\/wp-json\/wp\/v2\/tags?post=12710"}],"curies":[{"name":"wp","href":"https:\/\/api.w.org\/{rel}","templated":true}]}}