{"id":12664,"date":"2016-04-05T17:59:00","date_gmt":"2016-04-05T14:59:00","guid":{"rendered":"https:\/\/dia.edu.az\/?p=12664"},"modified":"2021-03-16T18:00:31","modified_gmt":"2021-03-16T15:00:31","slug":"dia-t%c9%99l%c9%99b%c9%99l%c9%99rind%c9%99n-az%c9%99rbaycan-%c9%99sg%c9%99rl%c9%99rin%c9%99-d%c9%99st%c9%99k","status":"publish","type":"post","link":"https:\/\/legacy.dia.edu.az\/en\/arxivl\u0259r\/12664","title":{"rendered":"D\u0130A t\u0259l\u0259b\u0259l\u0259rind\u0259n Az\u0259rbaycan \u0259sg\u0259rl\u0259rin\u0259 d\u0259st\u0259k"},"content":{"rendered":"<p><strong>D\u0130A t\u0259l\u0259b\u0259l\u0259rind\u0259n Az\u0259rbaycan \u0259sg\u0259rl\u0259rin\u0259 d\u0259st\u0259k<\/strong><br><em>Apr 05 , 2016 &#8211; 11:11<\/em><\/p>\n\n\n\n<p>Aprelin 5-d\u0259 c\u0259bh\u0259 x\u0259ttind\u0259 erm\u0259nil\u0259rin Az\u0259rbaycana qar\u015f\u0131 t\u0259xribat\u0131 n\u0259tic\u0259sind\u0259 h\u0259lak olmu\u015f h\u0259rb\u00e7il\u0259rimizin, m\u00fclki v\u0259t\u0259nda\u015flar\u0131m\u0131z\u0131n xatir\u0259sini anmaq v\u0259 q\u0259hr\u0259man ordumuza d\u0259st\u0259k m\u0259qs\u0259dil\u0259 Az\u0259rbaycan Respublikas\u0131n\u0131n Prezidenati yan\u0131nda D\u00f6vl\u0259t \u0130dar\u0259\u00e7ilik Akademiyas\u0131nda (D\u0130A) t\u0259dbir ke\u00e7irilib.<\/p>\n\n\n\n<p>\u018fvv\u0259lc\u0259 \u015f\u0259hidl\u0259rin xatir\u0259si bir d\u0259qiq\u0259lik s\u00fckutla yad olunub, Az\u0259rbaycan\u0131n d\u00f6vl\u0259t himni s\u0259sl\u0259ndirilib.<\/p>\n\n\n\n<p>Akademiyan\u0131n rektoru, akademik Urxan \u018fl\u0259kb\u0259rov \u015f\u0259hidl\u0259rin ail\u0259l\u0259rin\u0259 v\u0259 xalq\u0131m\u0131za s\u0259br dil\u0259yib, bizim m\u00fcnaqi\u015f\u0259nin s\u00fclh yolu il\u0259 h\u0259llin\u0259 t\u0259r\u0259fdar oldu\u011funu, lakin Erm\u0259nistan\u0131n \u00f6z i\u015f\u011fal\u00e7\u0131 m\u00f6vqeyind\u0259n \u0259l \u00e7\u0259km\u0259diyini vur\u011fulay\u0131b. Bildirilib ki, erm\u0259nil\u0259r xain niyy\u0259tinl\u0259rini ger\u00e7\u0259kl\u0259\u015fdirm\u0259k \u00fc\u00e7\u00fcn n\u00f6vb\u0259ti d\u0259f\u0259 t\u0259xribata \u0259l atsalar da, q\u0259hr\u0259man ordumuz d\u00fc\u015fm\u0259nin layiqli cavab\u0131n\u0131 verib. Prezident \u0130lham \u018fliyevin \u201cBiz\u0259 qar\u015f\u0131 yen\u0259 t\u0259xribat t\u00f6r\u0259dil\u0259rs\u0259 onlar yen\u0259 d\u0259 \u00f6z c\u0259zalar\u0131n\u0131 alacaqlar. Biz Erm\u0259nistan torpa\u011f\u0131n\u0131 i\u015f\u011fal etm\u0259mi\u015fik, biz \u00f6z torpa\u011f\u0131m\u0131zda vuru\u015furuq. \u018fg\u0259r erm\u0259ni \u0259sg\u0259ri \u00f6lm\u0259k ist\u0259mirs\u0259, Az\u0259rbaycan torpa\u011f\u0131ndan r\u0259dd olsun. M\u0259n bunu d\u0259f\u0259l\u0259rl\u0259 demi\u015f\u0259m, bir daha dem\u0259k ist\u0259yir\u0259m\u201d s\u00f6zl\u0259rini rektor \u0259sg\u0259rl\u0259rimizin m\u00fcbarizliyini, \u015f\u00fcca\u0259tini g\u0259ncl\u0259rimiz\u0259 \u00f6rn\u0259k g\u00f6st\u0259r\u0259r\u0259k V\u0259t\u0259nin ke\u015fiyini \u00e7\u0259k\u0259n h\u0259rb\u00e7il\u0259rimizl\u0259 q\u00fcrur duydu\u011funu x\u00fcsusi qeyd edib. G\u0259ncl\u0259rimizin i\u015f\u011fal olunmu\u015f torpaqlar\u0131m\u0131z\u0131 azad etm\u0259y\u0259 h\u0259r an haz\u0131r olduqlar\u0131n\u0131 Ali Ba\u015f Komandan\u0131n \u0259traf\u0131nda s\u0131x birl\u0259\u015fdiyimizi s\u00f6yl\u0259y\u0259n rektor \u0259sg\u0259rl\u0259rimiz\u0259 u\u011furlar, qalibiyy\u0259t arzulay\u0131b.<\/p>\n\n\n\n<p>Sonra \u00e7\u0131x\u0131\u015f ed\u0259n siyasi elml\u0259r doktoru El\u00e7in \u018fhm\u0259dov v\u0259 dig\u0259rl\u0259ri c\u0259bh\u0259d\u0259 apar\u0131lan h\u0259rbi \u0259m\u0259liyyatlar\u0131n Az\u0259rbaycan ordusunun g\u00fcc\u00fcn\u00fc bir daha g\u00f6st\u0259rdiyini, Ali Ba\u015f Komandan \u0130lham \u018fliyevin \u0259traf\u0131nda s\u0131x birl\u0259\u015f\u0259n xalq\u0131m\u0131z\u0131n i\u015f\u011fal alt\u0131nda olan torpaqlar\u0131m\u0131z\u0131 azad etm\u0259k iqtidar\u0131nda oldu\u011funu vur\u011fulay\u0131blar.<\/p>\n\n\n\n<p>T\u0259l\u0259b\u0259l\u0259r t\u0259xribat\u00e7\u0131 d\u00fc\u015fm\u0259n\u0259 layiqli cavab ver\u0259n ordumuzla, \u0259sg\u0259rl\u0259rimizl\u0259 f\u0259xr etdikl\u0259rini, Ali Ba\u015f Komandan \u0259mr ver\u0259rs\u0259, k\u00f6n\u00fcll\u00fc c\u0259bh\u0259y\u0259 yollanmaq, d\u00fc\u015fm\u0259ni m\u0259hv etm\u0259k \u0259zmind\u0259\u00a0olduqlar\u0131n\u0131 bildiribl\u0259r.\u00a0<\/p>\n\n\n\n<p><\/p>\n\n\n\n<figure class=\"wp-container-2 wp-block-gallery-1 wp-block-gallery columns-2 is-cropped\"><ul class=\"blocks-gallery-grid\"><li class=\"blocks-gallery-item\"><figure><img width=\"640\" height=\"424\" src=\"https:\/\/dia.edu.az\/wp-content\/uploads\/2021\/03\/asker.jpg\" alt=\"\" data-id=\"12665\" data-full-url=\"https:\/\/dia.edu.az\/wp-content\/uploads\/2021\/03\/asker.jpg\" data-link=\"https:\/\/dia.edu.az\/?attachment_id=12665\" class=\"wp-image-12665\" srcset=\"https:\/\/legacy.dia.edu.az\/wp-content\/uploads\/2021\/03\/asker.jpg 640w, https:\/\/legacy.dia.edu.az\/wp-content\/uploads\/2021\/03\/asker-300x199.jpg 300w, https:\/\/legacy.dia.edu.az\/wp-content\/uploads\/2021\/03\/asker-16x12.jpg 16w, https:\/\/legacy.dia.edu.az\/wp-content\/uploads\/2021\/03\/asker-150x100.jpg 150w, https:\/\/legacy.dia.edu.az\/wp-content\/uploads\/2021\/03\/asker-300x199@2x.jpg 600w\" sizes=\"(max-width: 640px) 100vw, 640px\" \/><\/figure><\/li><li class=\"blocks-gallery-item\"><figure><img width=\"640\" height=\"424\" src=\"https:\/\/dia.edu.az\/wp-content\/uploads\/2021\/03\/asker1.jpg\" alt=\"\" data-id=\"12666\" data-full-url=\"https:\/\/dia.edu.az\/wp-content\/uploads\/2021\/03\/asker1.jpg\" data-link=\"https:\/\/dia.edu.az\/?attachment_id=12666\" class=\"wp-image-12666\" srcset=\"https:\/\/legacy.dia.edu.az\/wp-content\/uploads\/2021\/03\/asker1.jpg 640w, https:\/\/legacy.dia.edu.az\/wp-content\/uploads\/2021\/03\/asker1-300x199.jpg 300w, https:\/\/legacy.dia.edu.az\/wp-content\/uploads\/2021\/03\/asker1-16x12.jpg 16w, https:\/\/legacy.dia.edu.az\/wp-content\/uploads\/2021\/03\/asker1-150x100.jpg 150w, https:\/\/legacy.dia.edu.az\/wp-content\/uploads\/2021\/03\/asker1-300x199@2x.jpg 600w\" sizes=\"(max-width: 640px) 100vw, 640px\" \/><\/figure><\/li><\/ul><\/figure>","protected":false},"excerpt":{"rendered":"<p>D\u0130A t\u0259l\u0259b\u0259l\u0259rind\u0259n Az\u0259rbaycan \u0259sg\u0259rl\u0259rin\u0259 d\u0259st\u0259kApr 05 , 2016 &#8211; 11:11 Aprelin 5-d\u0259 c\u0259bh\u0259 x\u0259ttind\u0259 erm\u0259nil\u0259rin Az\u0259rbaycana qar\u015f\u0131 t\u0259xribat\u0131 n\u0259tic\u0259sind\u0259 h\u0259lak olmu\u015f h\u0259rb\u00e7il\u0259rimizin, m\u00fclki v\u0259t\u0259nda\u015flar\u0131m\u0131z\u0131n xatir\u0259sini anmaq v\u0259 q\u0259hr\u0259man ordumuza d\u0259st\u0259k m\u0259qs\u0259dil\u0259 Az\u0259rbaycan Respublikas\u0131n\u0131n Prezidenati yan\u0131nda D\u00f6vl\u0259t \u0130dar\u0259\u00e7ilik Akademiyas\u0131nda (D\u0130A) t\u0259dbir ke\u00e7irilib. \u018fvv\u0259lc\u0259 \u015f\u0259hidl\u0259rin xatir\u0259si bir d\u0259qiq\u0259lik s\u00fckutla yad olunub, Az\u0259rbaycan\u0131n d\u00f6vl\u0259t himni s\u0259sl\u0259ndirilib. Akademiyan\u0131n rektoru, [&hellip;]<\/p>","protected":false},"author":2,"featured_media":12666,"comment_status":"closed","ping_status":"closed","sticky":false,"template":"","format":"standard","meta":[],"categories":[137],"tags":[],"_links":{"self":[{"href":"https:\/\/legacy.dia.edu.az\/en\/wp-json\/wp\/v2\/posts\/12664"}],"collection":[{"href":"https:\/\/legacy.dia.edu.az\/en\/wp-json\/wp\/v2\/posts"}],"about":[{"href":"https:\/\/legacy.dia.edu.az\/en\/wp-json\/wp\/v2\/types\/post"}],"author":[{"embeddable":true,"href":"https:\/\/legacy.dia.edu.az\/en\/wp-json\/wp\/v2\/users\/2"}],"replies":[{"embeddable":true,"href":"https:\/\/legacy.dia.edu.az\/en\/wp-json\/wp\/v2\/comments?post=12664"}],"version-history":[{"count":0,"href":"https:\/\/legacy.dia.edu.az\/en\/wp-json\/wp\/v2\/posts\/12664\/revisions"}],"wp:featuredmedia":[{"embeddable":true,"href":"https:\/\/legacy.dia.edu.az\/en\/wp-json\/wp\/v2\/media\/12666"}],"wp:attachment":[{"href":"https:\/\/legacy.dia.edu.az\/en\/wp-json\/wp\/v2\/media?parent=12664"}],"wp:term":[{"taxonomy":"category","embeddable":true,"href":"https:\/\/legacy.dia.edu.az\/en\/wp-json\/wp\/v2\/categories?post=12664"},{"taxonomy":"post_tag","embeddable":true,"href":"https:\/\/legacy.dia.edu.az\/en\/wp-json\/wp\/v2\/tags?post=12664"}],"curies":[{"name":"wp","href":"https:\/\/api.w.org\/{rel}","templated":true}]}}