{"id":12659,"date":"2016-04-08T17:58:00","date_gmt":"2016-04-08T14:58:00","guid":{"rendered":"https:\/\/dia.edu.az\/?p=12659"},"modified":"2021-03-16T17:59:10","modified_gmt":"2021-03-16T14:59:10","slug":"az%c9%99rbaycan-respublikasinin-prezidenti-yaninda-elmin-inkisafi-fondu-t%c9%99r%c9%99find%c9%99n-maliyy%c9%99l%c9%99sdiril%c9%99n-davamli-inkisaf-namin%c9%99-kadr-potensialinin-t%c9%99kmill","status":"publish","type":"post","link":"https:\/\/legacy.dia.edu.az\/en\/arxivl\u0259r\/12659","title":{"rendered":"Az\u0259rbaycan Respublikas\u0131n\u0131n Prezidenti yan\u0131nda Elmin \u0130nki\u015faf\u0131 Fondu t\u0259r\u0259find\u0259n maliyy\u0259l\u0259\u015fdiril\u0259n \u201cDavaml\u0131 inki\u015faf namin\u0259 kadr potensial\u0131n\u0131n t\u0259kmill\u0259\u015fdirilm\u0259si: Az\u0259rbaycan modeli\u201d layih\u0259si \u00fczr\u0259 n\u00f6vb\u0259ti t\u0259dbir ke\u00e7irildi"},"content":{"rendered":"<p><\/p>\n\n\n\n<p><strong>Az\u0259rbaycan Respublikas\u0131n\u0131n Prezidenti yan\u0131nda Elmin \u0130nki\u015faf\u0131 Fondu t\u0259r\u0259find\u0259n maliyy\u0259l\u0259\u015fdiril\u0259n \u201cDavaml\u0131 inki\u015faf namin\u0259 kadr potensial\u0131n\u0131n t\u0259kmill\u0259\u015fdirilm\u0259si: Az\u0259rbaycan modeli\u201d layih\u0259si \u00fczr\u0259 n\u00f6vb\u0259ti t\u0259dbir ke\u00e7irildi<\/strong><br><em>Apr 08 , 2016 &#8211; 03:42<\/em><\/p>\n\n\n\n<p>Az\u0259rbaycan Respublikas\u0131n\u0131n Prezidenti yan\u0131nda Elmin \u0130nki\u015faf\u0131 Fondu t\u0259r\u0259find\u0259n maliyy\u0259l\u0259\u015fdiril\u0259n \u201cDavaml\u0131 inki\u015faf namin\u0259 kadr potensial\u0131n\u0131n t\u0259kmill\u0259\u015fdirilm\u0259si: Az\u0259rbaycan modeli\u201d layih\u0259si \u00e7\u0259r\u00e7iv\u0259sind\u0259 aprelin 6-da Az\u0259rbaycan D\u00f6vl\u0259t Pedaqoji Universitetind\u0259 g\u00f6r\u00fc\u015f ke\u00e7irilmi\u015fdir.<\/p>\n\n\n\n<p>G\u00f6r\u00fc\u015f\u00fc giri\u015f s\u00f6z\u00fc il\u0259 a\u00e7an ADPU-nun Elmi i\u015fl\u0259r \u00fczr\u0259 prorektoru professor As\u0259f Zamanov qeyd etmi\u015fdir ki, m\u00fcasir d\u00f6vrd\u0259 t\u0259hsilin t\u0259kmill\u0259\u015fdirilm\u0259si \u00f6lk\u0259mizin davaml\u0131 inki\u015faf\u0131 \u00fc\u00e7\u00fcn x\u00fcsusi \u00f6n\u0259m da\u015f\u0131y\u0131r. Bununla \u0259laq\u0259dar t\u0259hsilin t\u0259kmill\u0259\u015fdirilm\u0259sin\u0259 dair d\u0259rin elmi ara\u015fd\u0131rmalar g\u00fcn\u00fcn t\u0259l\u0259bind\u0259n ir\u0259li g\u0259lir.<\/p>\n\n\n\n<p>Professor As\u0259f Zamanov bildirmi\u015fdir ki: \u201cAz\u0259rbaycan Respublikas\u0131n\u0131n Prezidenti yan\u0131nda D\u00f6vl\u0259t \u0130dar\u0259\u00e7ilik Akademiyas\u0131nda \u201cDavaml\u0131 inki\u015faf namin\u0259 kadr potensial\u0131n\u0131n t\u0259kmill\u0259\u015fdirilm\u0259si: Az\u0259rbaycan modeli\u201d adl\u0131 realiz\u0259 olunan layih\u0259 vacib hesab olunmal\u0131d\u0131r. T\u0259dris oca\u011f\u0131m\u0131za g\u0259l\u0259n layih\u0259 r\u0259hb\u0259ri D\u0130A-n\u0131n \u0130nzibati \u0130dar\u0259etm\u0259 fak\u00fclt\u0259sinin dekan\u0131, professor \u00c7ingiz \u0130smay\u0131lovu salamlay\u0131r v\u0259 d\u00fc\u015f\u00fcn\u00fcr\u0259m ki, bu g\u00fcnki m\u0259ruz\u0259nin dinl\u0259yicil\u0259ri m\u0259mnuniyy\u0259tl\u0259 yeni m\u0259lumatlarla tan\u0131\u015f olmaq imkan\u0131 \u0259ld\u0259 ed\u0259c\u0259kl\u0259r\u201d.<\/p>\n\n\n\n<p>G\u00f6r\u00fc\u015fd\u0259 Az\u0259rbaycan D\u00f6vl\u0259t Pedaqoji Universitetind\u0259 ixtisasart\u0131rma t\u0259hsilin\u0259 c\u0259lb edilmi\u015f tam orta m\u0259kt\u0259bl\u0259rin direktorlar\u0131, direktor m\u00fcavinl\u0259ri, h\u0259m\u00e7inin m\u00fcxt\u0259lif f\u0259nn m\u00fc\u0259lliml\u0259ri i\u015ftirak etmi\u015f, m\u0259ruz\u0259 maraqla dinl\u0259nmi\u015f, dinl\u0259yicil\u0259r t\u0259r\u0259find\u0259n veril\u0259n \u00e7oxsayl\u0131 suallar cavabland\u0131r\u0131lm\u0131\u015fd\u0131r.<\/p>\n\n\n\n<p><\/p>\n\n\n\n<figure class=\"wp-container-2 wp-block-gallery-1 wp-block-gallery columns-3 is-cropped\"><ul class=\"blocks-gallery-grid\"><li class=\"blocks-gallery-item\"><figure><img width=\"640\" height=\"480\" src=\"https:\/\/dia.edu.az\/wp-content\/uploads\/2021\/03\/a1-1.jpg\" alt=\"\" data-id=\"12660\" data-full-url=\"https:\/\/dia.edu.az\/wp-content\/uploads\/2021\/03\/a1-1.jpg\" data-link=\"https:\/\/dia.edu.az\/?attachment_id=12660\" class=\"wp-image-12660\" srcset=\"https:\/\/legacy.dia.edu.az\/wp-content\/uploads\/2021\/03\/a1-1.jpg 640w, https:\/\/legacy.dia.edu.az\/wp-content\/uploads\/2021\/03\/a1-1-300x225.jpg 300w, https:\/\/legacy.dia.edu.az\/wp-content\/uploads\/2021\/03\/a1-1-16x12.jpg 16w, https:\/\/legacy.dia.edu.az\/wp-content\/uploads\/2021\/03\/a1-1-300x225@2x.jpg 600w\" sizes=\"(max-width: 640px) 100vw, 640px\" \/><\/figure><\/li><li class=\"blocks-gallery-item\"><figure><img width=\"800\" height=\"402\" src=\"https:\/\/dia.edu.az\/wp-content\/uploads\/2021\/03\/a2-2.jpg\" alt=\"\" data-id=\"12661\" data-full-url=\"https:\/\/dia.edu.az\/wp-content\/uploads\/2021\/03\/a2-2.jpg\" data-link=\"https:\/\/dia.edu.az\/?attachment_id=12661\" class=\"wp-image-12661\" srcset=\"https:\/\/legacy.dia.edu.az\/wp-content\/uploads\/2021\/03\/a2-2.jpg 800w, https:\/\/legacy.dia.edu.az\/wp-content\/uploads\/2021\/03\/a2-2-300x151.jpg 300w, https:\/\/legacy.dia.edu.az\/wp-content\/uploads\/2021\/03\/a2-2-16x8.jpg 16w, https:\/\/legacy.dia.edu.az\/wp-content\/uploads\/2021\/03\/a2-2-300x151@2x.jpg 600w\" sizes=\"(max-width: 800px) 100vw, 800px\" \/><\/figure><\/li><li class=\"blocks-gallery-item\"><figure><img width=\"640\" height=\"480\" src=\"https:\/\/dia.edu.az\/wp-content\/uploads\/2021\/03\/aa.jpg\" alt=\"\" data-id=\"12662\" data-full-url=\"https:\/\/dia.edu.az\/wp-content\/uploads\/2021\/03\/aa.jpg\" data-link=\"https:\/\/dia.edu.az\/?attachment_id=12662\" class=\"wp-image-12662\" srcset=\"https:\/\/legacy.dia.edu.az\/wp-content\/uploads\/2021\/03\/aa.jpg 640w, https:\/\/legacy.dia.edu.az\/wp-content\/uploads\/2021\/03\/aa-300x225.jpg 300w, https:\/\/legacy.dia.edu.az\/wp-content\/uploads\/2021\/03\/aa-16x12.jpg 16w, https:\/\/legacy.dia.edu.az\/wp-content\/uploads\/2021\/03\/aa-300x225@2x.jpg 600w\" sizes=\"(max-width: 640px) 100vw, 640px\" \/><\/figure><\/li><\/ul><\/figure>","protected":false},"excerpt":{"rendered":"<p>Az\u0259rbaycan Respublikas\u0131n\u0131n Prezidenti yan\u0131nda Elmin \u0130nki\u015faf\u0131 Fondu t\u0259r\u0259find\u0259n maliyy\u0259l\u0259\u015fdiril\u0259n \u201cDavaml\u0131 inki\u015faf namin\u0259 kadr potensial\u0131n\u0131n t\u0259kmill\u0259\u015fdirilm\u0259si: Az\u0259rbaycan modeli\u201d layih\u0259si \u00fczr\u0259 n\u00f6vb\u0259ti t\u0259dbir ke\u00e7irildiApr 08 , 2016 &#8211; 03:42 Az\u0259rbaycan Respublikas\u0131n\u0131n Prezidenti yan\u0131nda Elmin \u0130nki\u015faf\u0131 Fondu t\u0259r\u0259find\u0259n maliyy\u0259l\u0259\u015fdiril\u0259n \u201cDavaml\u0131 inki\u015faf namin\u0259 kadr potensial\u0131n\u0131n t\u0259kmill\u0259\u015fdirilm\u0259si: Az\u0259rbaycan modeli\u201d layih\u0259si \u00e7\u0259r\u00e7iv\u0259sind\u0259 aprelin 6-da Az\u0259rbaycan D\u00f6vl\u0259t Pedaqoji Universitetind\u0259 g\u00f6r\u00fc\u015f ke\u00e7irilmi\u015fdir. G\u00f6r\u00fc\u015f\u00fc [&hellip;]<\/p>","protected":false},"author":2,"featured_media":12662,"comment_status":"closed","ping_status":"closed","sticky":false,"template":"","format":"standard","meta":[],"categories":[137],"tags":[],"_links":{"self":[{"href":"https:\/\/legacy.dia.edu.az\/en\/wp-json\/wp\/v2\/posts\/12659"}],"collection":[{"href":"https:\/\/legacy.dia.edu.az\/en\/wp-json\/wp\/v2\/posts"}],"about":[{"href":"https:\/\/legacy.dia.edu.az\/en\/wp-json\/wp\/v2\/types\/post"}],"author":[{"embeddable":true,"href":"https:\/\/legacy.dia.edu.az\/en\/wp-json\/wp\/v2\/users\/2"}],"replies":[{"embeddable":true,"href":"https:\/\/legacy.dia.edu.az\/en\/wp-json\/wp\/v2\/comments?post=12659"}],"version-history":[{"count":0,"href":"https:\/\/legacy.dia.edu.az\/en\/wp-json\/wp\/v2\/posts\/12659\/revisions"}],"wp:featuredmedia":[{"embeddable":true,"href":"https:\/\/legacy.dia.edu.az\/en\/wp-json\/wp\/v2\/media\/12662"}],"wp:attachment":[{"href":"https:\/\/legacy.dia.edu.az\/en\/wp-json\/wp\/v2\/media?parent=12659"}],"wp:term":[{"taxonomy":"category","embeddable":true,"href":"https:\/\/legacy.dia.edu.az\/en\/wp-json\/wp\/v2\/categories?post=12659"},{"taxonomy":"post_tag","embeddable":true,"href":"https:\/\/legacy.dia.edu.az\/en\/wp-json\/wp\/v2\/tags?post=12659"}],"curies":[{"name":"wp","href":"https:\/\/api.w.org\/{rel}","templated":true}]}}