{"id":12636,"date":"2016-04-28T17:52:00","date_gmt":"2016-04-28T14:52:00","guid":{"rendered":"https:\/\/dia.edu.az\/?p=12636"},"modified":"2021-03-16T17:53:45","modified_gmt":"2021-03-16T14:53:45","slug":"davamli-inkisaf-namin%c9%99-kadr-potensialinin-t%c9%99kmill%c9%99sdirilm%c9%99si-az%c9%99rbaycan-modeli-adli-layih%c9%99-uzr%c9%99-orta-m%c9%99kt%c9%99bd%c9%99-novb%c9%99ti-t%c9%99d","status":"publish","type":"post","link":"https:\/\/legacy.dia.edu.az\/en\/arxivl\u0259r\/12636","title":{"rendered":"\u201cDavaml\u0131 inki\u015faf namin\u0259 kadr potensial\u0131n\u0131n t\u0259kmill\u0259\u015fdirilm\u0259si: Az\u0259rbaycan modeli\u201d adl\u0131 layih\u0259 \u00fczr\u0259 orta m\u0259kt\u0259bd\u0259 n\u00f6vb\u0259ti t\u0259dbir ke\u00e7iridi"},"content":{"rendered":"<p><\/p>\n\n\n\n<p><strong>\u201cDavaml\u0131 inki\u015faf namin\u0259 kadr potensial\u0131n\u0131n t\u0259kmill\u0259\u015fdirilm\u0259si: Az\u0259rbaycan modeli\u201d adl\u0131 layih\u0259 \u00fczr\u0259 orta m\u0259kt\u0259bd\u0259 n\u00f6vb\u0259ti t\u0259dbir ke\u00e7iridi<\/strong><br><em>Apr 28 , 2016 &#8211; 02:13<\/em><\/p>\n\n\n\n<p>Az\u0259rbaycan Respublikas\u0131n\u0131n Prezidenti yan\u0131nda Elmin \u0130nki\u015faf\u0131 Fondu t\u0259r\u0259find\u0259n maliyy\u0259l\u0259\u015fdiril\u0259n v\u0259 Az\u0259rbaycan Respublikas\u0131n\u0131n Prezidenti yan\u0131nda D\u00f6vl\u0259t \u0130dar\u0259\u00e7ilik Akademiyas\u0131 il\u0259 birg\u0259 h\u0259yata ke\u00e7iril\u0259n \u201cDavaml\u0131 inki\u015faf namin\u0259 kadr potensial\u0131n\u0131n t\u0259kmill\u0259\u015fdirilm\u0259si: Az\u0259rbaycan modeli\u201d adl\u0131 layih\u0259 \u00e7\u0259r\u00e7iv\u0259sind\u0259 14 aprel 2016-c\u0131 il tarixind\u0259 Bak\u0131 \u015f\u0259h\u0259ri Nizami rayonu 229 sayl\u0131 orta m\u0259kt\u0259bin yuxar\u0131 sinif \u015fagirdl\u0259ri \u00fc\u00e7\u00fcn maarifl\u0259ndirici t\u0259dbir ke\u00e7irilib.<\/p>\n\n\n\n<p>D\u00f6vl\u0259t \u0130dar\u0259\u00e7ilik Akademiyas\u0131n\u0131n professoru \u00c7.\u0130smay\u0131lov t\u0259dbird\u0259 ilk \u00f6nc\u0259 \u015fagirdl\u0259r\u0259 15 sentyabr 2015-ci il tarixind\u0259 BMT-nin Davaml\u0131 \u0130nki\u015fafa h\u0259sr olunmu\u015f Sammitind\u0259 q\u0259bul olunmu\u015f &#8220;Yeni Dayan\u0131ql\u0131 \u0130nki\u015faf G\u00fcnd\u0259liyi &#8211; 2030&#8221;&nbsp;haqq\u0131nda \u0259trafl\u0131 m\u0259lumat verildi. El\u0259c\u0259 d\u0259, d\u00fcnya \u00f6lk\u0259l\u0259rinin inki\u015faf g\u00f6st\u0259ricil\u0259ri, innovativ inki\u015fafa t\u0259sir ed\u0259n amill\u0259r, Az\u0259rbaycan\u0131n davaml\u0131 inki\u015faf\u0131, davaml\u0131 inki\u015faf sah\u0259sind\u0259 kadr potensial\u0131n\u0131n formala\u015fmas\u0131, inki\u015faf\u0131n \u00f6lk\u0259 tarixind\u0259n as\u0131l\u0131l\u0131\u011f\u0131 v\u0259 innovativ idar\u0259etm\u0259: d\u00f6vl\u0259t proqramlar\u0131n\u0131n milli proqramlara transformasiyas\u0131 m\u00f6vzular\u0131 \u0259traf\u0131nda geni\u015f s\u00f6hb\u0259tl\u0259r apar\u0131ld\u0131. Eyni zamanda, t\u0259qdimatda m\u00fcasir d\u00fcnyada &#8211; qlobal \u00e7a\u011f\u0131r\u0131\u015flar\u0131n artd\u0131\u011f\u0131 d\u00f6vrd\u0259 davaml\u0131 inki\u015faf\u0131n \u0259ld\u0259 edilm\u0259si \u00fc\u00e7\u00fcn g\u00f6r\u00fcl\u0259c\u0259k i\u015fl\u0259r, qar\u015f\u0131da duran v\u0259zif\u0259l\u0259r v\u0259 s. qeyd edildi. Bu sah\u0259d\u0259 respublikam\u0131zda apar\u0131lan i\u015fl\u0259rin n\u00f6vb\u0259ti m\u0259rh\u0259l\u0259si olaraq Az\u0259rbaycan Respublikas\u0131n\u0131n Prezidenti yan\u0131nda D\u00f6vl\u0259t \u0130dar\u0259\u00e7ilik Akademiyas\u0131nda qar\u015f\u0131dan g\u0259l\u0259n t\u0259dris ilind\u0259 \u201cDavaml\u0131 inki\u015faf\u0131n idar\u0259 edilm\u0259si\u201d ixtisas\u0131 \u00fczr\u0259 ilk t\u0259l\u0259b\u0259 q\u0259bulunun apar\u0131laca\u011f\u0131&nbsp; \u015fagirdl\u0259rin n\u0259z\u0259rin\u0259 \u00e7atd\u0131r\u0131ld\u0131. Bildirildi ki, davaml\u0131 inki\u015faf namin\u0259 kadr potensial\u0131n\u0131n t\u0259kmill\u0259\u015fdirilm\u0259si yolunda D\u00f6vl\u0259t \u0130dar\u0259\u00e7ilik Akademiyas\u0131nda m\u00fcvafiq ixtisas \u00fczr\u0259 t\u0259l\u0259b\u0259l\u0259rin haz\u0131rlanmas\u0131 \u00fc\u00e7\u00fcn &nbsp;laz\u0131mi \u015f\u0259rait yarad\u0131lm\u0131\u015fd\u0131r.<\/p>\n\n\n\n<p>Sonda layih\u0259 v\u0259 yeni yarad\u0131lan ixtisasla ba\u011fl\u0131 \u015fagirdl\u0259ri maraqland\u0131ran suallar cavabland\u0131r\u0131ld\u0131 v\u0259 qar\u015f\u0131l\u0131ql\u0131 fikir m\u00fcbadil\u0259si apar\u0131ld\u0131.<\/p>\n\n\n\n<p><\/p>\n\n\n\n<figure class=\"wp-container-2 wp-block-gallery-1 wp-block-gallery columns-3 is-cropped\"><ul class=\"blocks-gallery-grid\"><li class=\"blocks-gallery-item\"><figure><img width=\"640\" height=\"480\" src=\"https:\/\/dia.edu.az\/wp-content\/uploads\/2021\/03\/11-6.jpg\" alt=\"\" data-id=\"12637\" data-full-url=\"https:\/\/dia.edu.az\/wp-content\/uploads\/2021\/03\/11-6.jpg\" data-link=\"https:\/\/dia.edu.az\/?attachment_id=12637\" class=\"wp-image-12637\" srcset=\"https:\/\/legacy.dia.edu.az\/wp-content\/uploads\/2021\/03\/11-6.jpg 640w, https:\/\/legacy.dia.edu.az\/wp-content\/uploads\/2021\/03\/11-6-300x225.jpg 300w, https:\/\/legacy.dia.edu.az\/wp-content\/uploads\/2021\/03\/11-6-16x12.jpg 16w, https:\/\/legacy.dia.edu.az\/wp-content\/uploads\/2021\/03\/11-6-300x225@2x.jpg 600w\" sizes=\"(max-width: 640px) 100vw, 640px\" \/><\/figure><\/li><li class=\"blocks-gallery-item\"><figure><img width=\"640\" height=\"480\" src=\"https:\/\/dia.edu.az\/wp-content\/uploads\/2021\/03\/11A.jpg\" alt=\"\" data-id=\"12638\" data-full-url=\"https:\/\/dia.edu.az\/wp-content\/uploads\/2021\/03\/11A.jpg\" data-link=\"https:\/\/dia.edu.az\/?attachment_id=12638\" class=\"wp-image-12638\" srcset=\"https:\/\/legacy.dia.edu.az\/wp-content\/uploads\/2021\/03\/11A.jpg 640w, https:\/\/legacy.dia.edu.az\/wp-content\/uploads\/2021\/03\/11A-300x225.jpg 300w, https:\/\/legacy.dia.edu.az\/wp-content\/uploads\/2021\/03\/11A-16x12.jpg 16w, https:\/\/legacy.dia.edu.az\/wp-content\/uploads\/2021\/03\/11A-300x225@2x.jpg 600w\" sizes=\"(max-width: 640px) 100vw, 640px\" \/><\/figure><\/li><li class=\"blocks-gallery-item\"><figure><img width=\"640\" height=\"480\" src=\"https:\/\/dia.edu.az\/wp-content\/uploads\/2021\/03\/11b.jpg\" alt=\"\" data-id=\"12639\" data-full-url=\"https:\/\/dia.edu.az\/wp-content\/uploads\/2021\/03\/11b.jpg\" data-link=\"https:\/\/dia.edu.az\/?attachment_id=12639\" class=\"wp-image-12639\" srcset=\"https:\/\/legacy.dia.edu.az\/wp-content\/uploads\/2021\/03\/11b.jpg 640w, https:\/\/legacy.dia.edu.az\/wp-content\/uploads\/2021\/03\/11b-300x225.jpg 300w, https:\/\/legacy.dia.edu.az\/wp-content\/uploads\/2021\/03\/11b-16x12.jpg 16w, https:\/\/legacy.dia.edu.az\/wp-content\/uploads\/2021\/03\/11b-300x225@2x.jpg 600w\" sizes=\"(max-width: 640px) 100vw, 640px\" \/><\/figure><\/li><\/ul><\/figure>","protected":false},"excerpt":{"rendered":"<p>\u201cDavaml\u0131 inki\u015faf namin\u0259 kadr potensial\u0131n\u0131n t\u0259kmill\u0259\u015fdirilm\u0259si: Az\u0259rbaycan modeli\u201d adl\u0131 layih\u0259 \u00fczr\u0259 orta m\u0259kt\u0259bd\u0259 n\u00f6vb\u0259ti t\u0259dbir ke\u00e7iridiApr 28 , 2016 &#8211; 02:13 Az\u0259rbaycan Respublikas\u0131n\u0131n Prezidenti yan\u0131nda Elmin \u0130nki\u015faf\u0131 Fondu t\u0259r\u0259find\u0259n maliyy\u0259l\u0259\u015fdiril\u0259n v\u0259 Az\u0259rbaycan Respublikas\u0131n\u0131n Prezidenti yan\u0131nda D\u00f6vl\u0259t \u0130dar\u0259\u00e7ilik Akademiyas\u0131 il\u0259 birg\u0259 h\u0259yata ke\u00e7iril\u0259n \u201cDavaml\u0131 inki\u015faf namin\u0259 kadr potensial\u0131n\u0131n t\u0259kmill\u0259\u015fdirilm\u0259si: Az\u0259rbaycan modeli\u201d adl\u0131 layih\u0259 \u00e7\u0259r\u00e7iv\u0259sind\u0259 14 aprel [&hellip;]<\/p>","protected":false},"author":2,"featured_media":12638,"comment_status":"closed","ping_status":"closed","sticky":false,"template":"","format":"standard","meta":[],"categories":[137],"tags":[],"_links":{"self":[{"href":"https:\/\/legacy.dia.edu.az\/en\/wp-json\/wp\/v2\/posts\/12636"}],"collection":[{"href":"https:\/\/legacy.dia.edu.az\/en\/wp-json\/wp\/v2\/posts"}],"about":[{"href":"https:\/\/legacy.dia.edu.az\/en\/wp-json\/wp\/v2\/types\/post"}],"author":[{"embeddable":true,"href":"https:\/\/legacy.dia.edu.az\/en\/wp-json\/wp\/v2\/users\/2"}],"replies":[{"embeddable":true,"href":"https:\/\/legacy.dia.edu.az\/en\/wp-json\/wp\/v2\/comments?post=12636"}],"version-history":[{"count":0,"href":"https:\/\/legacy.dia.edu.az\/en\/wp-json\/wp\/v2\/posts\/12636\/revisions"}],"wp:featuredmedia":[{"embeddable":true,"href":"https:\/\/legacy.dia.edu.az\/en\/wp-json\/wp\/v2\/media\/12638"}],"wp:attachment":[{"href":"https:\/\/legacy.dia.edu.az\/en\/wp-json\/wp\/v2\/media?parent=12636"}],"wp:term":[{"taxonomy":"category","embeddable":true,"href":"https:\/\/legacy.dia.edu.az\/en\/wp-json\/wp\/v2\/categories?post=12636"},{"taxonomy":"post_tag","embeddable":true,"href":"https:\/\/legacy.dia.edu.az\/en\/wp-json\/wp\/v2\/tags?post=12636"}],"curies":[{"name":"wp","href":"https:\/\/api.w.org\/{rel}","templated":true}]}}