{"id":12618,"date":"2016-05-05T17:44:00","date_gmt":"2016-05-05T14:44:00","guid":{"rendered":"https:\/\/dia.edu.az\/?p=12618"},"modified":"2021-03-16T17:45:45","modified_gmt":"2021-03-16T14:45:45","slug":"dovl%c9%99t-idar%c9%99cilik-akademiyasinda-heyd%c9%99r-%c9%99liyev-ideyalari-muasir-az%c9%99rbaycanin-ugurlu-inkisaf-siyas%c9%99tinin-t%c9%99m%c9%99lidir-movzusunda-doktorant-v%c9%99","status":"publish","type":"post","link":"https:\/\/legacy.dia.edu.az\/en\/arxivl\u0259r\/12618","title":{"rendered":"D\u00f6vl\u0259t \u0130dar\u0259\u00e7ilik Akademiyas\u0131nda \u201cHeyd\u0259r \u018fliyev ideyalar\u0131 m\u00fcasir Az\u0259rbaycan\u0131n u\u011furlu inki\u015faf siyas\u0259tinin t\u0259m\u0259lidir\u201d m\u00f6vzusunda doktorant v\u0259 dissertantlar\u0131n elmi-praktiki konfrans\u0131 ke\u00e7irilmi\u015fdir"},"content":{"rendered":"<p><\/p>\n\n\n\n<p><strong>D\u00f6vl\u0259t \u0130dar\u0259\u00e7ilik Akademiyas\u0131nda \u201cHeyd\u0259r \u018fliyev ideyalar\u0131 m\u00fcasir Az\u0259rbaycan\u0131n u\u011furlu inki\u015faf siyas\u0259tinin t\u0259m\u0259lidir\u201d m\u00f6vzusunda doktorant v\u0259 dissertantlar\u0131n elmi-praktiki konfrans\u0131 ke\u00e7irilmi\u015fdir<\/strong><br><em>May 05 , 2016 &#8211; 11:30<\/em><\/p>\n\n\n\n<p>Az\u0259rbaycan Respublikas\u0131n\u0131n Prezidenti yan\u0131nda D\u00f6vl\u0259t \u0130dar\u0259\u00e7ilik Akademiyas\u0131nda \u00fcmummilli lider Heyd\u0259r \u018fliyevin anadan olmas\u0131n\u0131n 93-c\u00fc ild\u00f6n\u00fcm\u00fcn\u0259 h\u0259sr olunmu\u015f \u201cHeyd\u0259r \u018fliyev ideyalar\u0131 m\u00fcasir Az\u0259rbaycan\u0131n u\u011furlu inki\u015faf siyas\u0259tinin t\u0259m\u0259lidir\u201d m\u00f6vzusunda doktorant v\u0259 dissertantlar\u0131n elmi-praktiki konfrans\u0131 ke\u00e7irilmi\u015fdir.<\/p>\n\n\n\n<p>Konfrans\u0131 giri\u015f s\u00f6z\u00fc il\u0259 a\u00e7an D\u00f6vl\u0259t \u0130dar\u0259\u00e7ilik Akademiyas\u0131n\u0131n rektoru, akademik Urxan \u018fl\u0259kb\u0259rov \u00fcmummilli lider Heyd\u0259r \u018fliyevin Az\u0259rbaycan d\u00f6vl\u0259ti v\u0259 xalq\u0131 qar\u015f\u0131s\u0131ndak\u0131 m\u00fcst\u0259sna xidm\u0259tl\u0259rind\u0259n, ulu \u00f6nd\u0259rin z\u0259ngin siyasi irsinin, idar\u0259\u00e7ilik t\u0259cr\u00fcb\u0259sinin \u0259h\u0259miyy\u0259tind\u0259n dan\u0131\u015f\u0131b, dahi r\u0259hb\u0259rin ideyalar\u0131n\u0131n Az\u0259rbaycan Respublikas\u0131n\u0131n Prezidenti c\u0259nab \u0130lham \u018fliyev t\u0259r\u0259find\u0259n u\u011furla h\u0259yata ke\u00e7irildiyini bildirib. Rektor qeyd etmi\u015fdir ki, \u00f6lk\u0259mizin m\u00fcasir inki\u015faf tarixi Heyd\u0259r \u018fliyevin ad\u0131 il\u0259 ba\u011fl\u0131d\u0131r. Heyd\u0259r \u018fliyev ideyalar\u0131n\u0131n v\u0259 siyasi irsinin lay\u0131qli davam\u00e7\u0131s\u0131 Prezident \u0130lham \u018fliyevin d\u00fc\u015f\u00fcn\u00fclm\u00fc\u015f siyas\u0259ti n\u0259tic\u0259sind\u0259 Az\u0259rbaycan d\u00fcnyada inki\u015faf etmi\u015f \u00f6lk\u0259l\u0259r s\u0131ras\u0131nda lay\u0131qli yerini tutmu\u015fdur.<\/p>\n\n\n\n<p>\u00a0\u00a0\u00a0\u00a0\u00a0\u00a0\u00a0\u00a0 \u00a0Elmi-praktiki konfransda Elmi t\u0259\u015fkilat \u015f\u00f6b\u0259sinin m\u00fcdiri dos. R\u0259c\u0259b R\u0259himli \u00e7\u0131x\u0131\u015f etmi\u015f,\u00a0 daha sonra doktorant v\u0259 dissertantlar\u0131n m\u0259ruz\u0259l\u0259ri dinl\u0259nilmi\u015fdir. M\u0259ruz\u0259l\u0259rd\u0259 ulu \u00f6nd\u0259rin z\u0259ngin h\u0259yat v\u0259 f\u0259aliyy\u0259ti, d\u00f6vl\u0259t v\u0259 ordu quruculu\u011fu, milli, m\u0259n\u0259vi v\u0259 \u00fcmumb\u0259\u015f\u0259ri d\u0259y\u0259rl\u0259ri, xarici siyas\u0259tinin m\u00fcxt\u0259lif aspektl\u0259ri, milli d\u00f6vl\u0259t\u00e7iliyimizin qorunub saxlan\u0131lmas\u0131 yolunda yorulmaz m\u00fcbariz\u0259sini \u0259ks etdir\u0259n istiqam\u0259tl\u0259rin t\u0259hlili v\u0259 ara\u015fd\u0131r\u0131lmas\u0131n\u0131n \u0259h\u0259miyy\u0259tini qeyd etmi\u015fl\u0259r. Elmi-praktik konfransda 20 n\u0259f\u0259r doktorant v\u0259 dissertant\u0131n m\u0259ruz\u0259l\u0259ri dinl\u0259nilmi\u015fdir.<\/p>\n\n\n\n<p><\/p>\n\n\n\n<figure class=\"wp-container-2 wp-block-gallery-1 wp-block-gallery columns-1 is-cropped\"><ul class=\"blocks-gallery-grid\"><li class=\"blocks-gallery-item\"><figure><img width=\"640\" height=\"424\" src=\"https:\/\/dia.edu.az\/wp-content\/uploads\/2021\/03\/receb.jpg\" alt=\"\" data-id=\"12619\" data-full-url=\"https:\/\/dia.edu.az\/wp-content\/uploads\/2021\/03\/receb.jpg\" data-link=\"https:\/\/dia.edu.az\/?attachment_id=12619\" class=\"wp-image-12619\" srcset=\"https:\/\/legacy.dia.edu.az\/wp-content\/uploads\/2021\/03\/receb.jpg 640w, https:\/\/legacy.dia.edu.az\/wp-content\/uploads\/2021\/03\/receb-300x199.jpg 300w, https:\/\/legacy.dia.edu.az\/wp-content\/uploads\/2021\/03\/receb-16x12.jpg 16w, https:\/\/legacy.dia.edu.az\/wp-content\/uploads\/2021\/03\/receb-150x100.jpg 150w, https:\/\/legacy.dia.edu.az\/wp-content\/uploads\/2021\/03\/receb-300x199@2x.jpg 600w\" sizes=\"(max-width: 640px) 100vw, 640px\" \/><\/figure><\/li><\/ul><\/figure>","protected":false},"excerpt":{"rendered":"<p>D\u00f6vl\u0259t \u0130dar\u0259\u00e7ilik Akademiyas\u0131nda \u201cHeyd\u0259r \u018fliyev ideyalar\u0131 m\u00fcasir Az\u0259rbaycan\u0131n u\u011furlu inki\u015faf siyas\u0259tinin t\u0259m\u0259lidir\u201d m\u00f6vzusunda doktorant v\u0259 dissertantlar\u0131n elmi-praktiki konfrans\u0131 ke\u00e7irilmi\u015fdirMay 05 , 2016 &#8211; 11:30 Az\u0259rbaycan Respublikas\u0131n\u0131n Prezidenti yan\u0131nda D\u00f6vl\u0259t \u0130dar\u0259\u00e7ilik Akademiyas\u0131nda \u00fcmummilli lider Heyd\u0259r \u018fliyevin anadan olmas\u0131n\u0131n 93-c\u00fc ild\u00f6n\u00fcm\u00fcn\u0259 h\u0259sr olunmu\u015f \u201cHeyd\u0259r \u018fliyev ideyalar\u0131 m\u00fcasir Az\u0259rbaycan\u0131n u\u011furlu inki\u015faf siyas\u0259tinin t\u0259m\u0259lidir\u201d m\u00f6vzusunda doktorant v\u0259 dissertantlar\u0131n elmi-praktiki [&hellip;]<\/p>","protected":false},"author":2,"featured_media":12619,"comment_status":"closed","ping_status":"closed","sticky":false,"template":"","format":"standard","meta":[],"categories":[137],"tags":[],"_links":{"self":[{"href":"https:\/\/legacy.dia.edu.az\/en\/wp-json\/wp\/v2\/posts\/12618"}],"collection":[{"href":"https:\/\/legacy.dia.edu.az\/en\/wp-json\/wp\/v2\/posts"}],"about":[{"href":"https:\/\/legacy.dia.edu.az\/en\/wp-json\/wp\/v2\/types\/post"}],"author":[{"embeddable":true,"href":"https:\/\/legacy.dia.edu.az\/en\/wp-json\/wp\/v2\/users\/2"}],"replies":[{"embeddable":true,"href":"https:\/\/legacy.dia.edu.az\/en\/wp-json\/wp\/v2\/comments?post=12618"}],"version-history":[{"count":0,"href":"https:\/\/legacy.dia.edu.az\/en\/wp-json\/wp\/v2\/posts\/12618\/revisions"}],"wp:featuredmedia":[{"embeddable":true,"href":"https:\/\/legacy.dia.edu.az\/en\/wp-json\/wp\/v2\/media\/12619"}],"wp:attachment":[{"href":"https:\/\/legacy.dia.edu.az\/en\/wp-json\/wp\/v2\/media?parent=12618"}],"wp:term":[{"taxonomy":"category","embeddable":true,"href":"https:\/\/legacy.dia.edu.az\/en\/wp-json\/wp\/v2\/categories?post=12618"},{"taxonomy":"post_tag","embeddable":true,"href":"https:\/\/legacy.dia.edu.az\/en\/wp-json\/wp\/v2\/tags?post=12618"}],"curies":[{"name":"wp","href":"https:\/\/api.w.org\/{rel}","templated":true}]}}