{"id":12615,"date":"2016-05-10T17:43:00","date_gmt":"2016-05-10T14:43:00","guid":{"rendered":"https:\/\/dia.edu.az\/?p=12615"},"modified":"2021-03-16T17:44:22","modified_gmt":"2021-03-16T14:44:22","slug":"az%c9%99rbaycan-cografiyasi-kitabi-n%c9%99srd%c9%99n-cixdi","status":"publish","type":"post","link":"https:\/\/legacy.dia.edu.az\/en\/arxivl\u0259r\/12615","title":{"rendered":"\u201cAz\u0259rbaycan co\u011frafiyas\u0131\u201d kitab\u0131 n\u0259\u015frd\u0259n \u00e7\u0131xd\u0131"},"content":{"rendered":"<p><\/p>\n\n\n\n<p><strong>\u201cAz\u0259rbaycan co\u011frafiyas\u0131\u201d kitab\u0131 n\u0259\u015frd\u0259n \u00e7\u0131xd\u0131<\/strong><br><em>May 10 , 2016 &#8211; 03:53<\/em><\/p>\n\n\n\n<p>Bu g\u00fcnl\u0259rd\u0259 \u201cAz\u0259rbyacan\u0131n co\u011frafiyas\u0131\u201dna h\u0259sr olunmu\u015f yeni kitab n\u0259\u015fr \u00fcz\u00fcn\u00fc g\u00f6rd\u00fc. Kitab\u0131n m\u00fc\u0259llifl\u0259ri \u2013 professorlar \u00c7.\u0130smay\u0131lov, A.\u0130brahimov v\u0259 dos.N.S\u00fcleymanova respublikan\u0131n b\u0259nz\u0259rsis t\u0259bii \u015f\u0259raiti v\u0259 ehtiyatlar\u0131, \u0259halisi v\u0259 iqtisadiyyat\u0131, regionlar\u0131 v\u0259 milli parklar\u0131n\u0131 haqq\u0131nda yeni m\u0259lumatlar\u0131 sad\u0259 dild\u0259 oxuculara t\u0259qdim etmi\u015fl\u0259r.<\/p>\n\n\n\n<p>&nbsp;Az\u0259rbaycan \u0259razic\u0259 b\u00f6y\u00fck \u00f6lk\u0259 olmasa da, unikal v\u0259 t\u0259krarolunmaz t\u0259bii \u015f\u0259raitin m\u00fcxt\u0259lifliyin\u0259 g\u00f6r\u0259 diqq\u0259ti c\u0259lb ed\u0259n m\u0259kanlardand\u0131r. \u00d6lk\u0259 \u0259razisinin \u015fimal v\u0259 \u015fimal-q\u0259rbd\u0259n B\u00f6y\u00fck Qafqaz s\u0131ra da\u011flar\u0131, c\u0259nub v\u0259 c\u0259nub-q\u0259rbd\u0259n Tal\u0131\u015f v\u0259 Ki\u00e7ik Qafqaz da\u011flar\u0131, \u015f\u0259rqd\u0259n X\u0259z\u0259r d\u0259nizi il\u0259 \u0259hat\u0259 olunmas\u0131 onun b\u00f6lg\u0259 \u00e7\u0259r\u00e7iv\u0259sind\u0259 t\u0259bii \u015f\u0259raitinin v\u0259 t\u0259bii ehtiyatlar\u0131n\u0131n z\u0259nginliyini m\u00fc\u0259yy\u0259n edir.<\/p>\n\n\n\n<p>Respublikan\u0131n \u0259razisind\u0259n regionun \u0259n iri \u00e7aylar\u0131n\u0131n (K\u00fcr v\u0259 Araz) ke\u00e7m\u0259si, b\u00f6y\u00fck \u0259kin sah\u0259l\u0259ri, da\u011f\u0259t\u0259yi v\u0259 sahil \u0259razil\u0259rinin m\u00f6vcudlu\u011fu \u00f6lk\u0259nin \u0259lveri\u015fli t\u0259bii \u015f\u0259raitini s\u0259ciyy\u0259l\u0259ndir\u0259r\u0259k, burada m\u00fcxt\u0259lif n\u00f6v t\u0259bii ehtiyatlar\u0131n m\u0259nims\u0259nilm\u0259sin\u0259 \u015f\u0259rait yaratm\u0131\u015f v\u0259 \u00f6lk\u0259nin cazib\u0259dar m\u0259kana \u00e7evrilm\u0259sin\u0259 s\u0259b\u0259b olmu\u015fdur.<\/p>\n\n\n\n<p>T\u0259s\u0259rr\u00fcfat sah\u0259l\u0259rinin \u0259razi \u00fczr\u0259 ixtisasla\u015fmas\u0131, yerl\u0259\u015fdirilm\u0259 x\u00fcsusiyy\u0259tl\u0259ri v\u0259 inki\u015faf s\u0259viyy\u0259si respublika \u0259razisind\u0259 10 iqtisadi-co\u011frafi rayonun ayr\u0131lmas\u0131na imkan yaratm\u0131\u015fd\u0131r. \u0130qtisadi rayonlar aras\u0131nda olan f\u0259rqli insan v\u0259 t\u0259bii resurs potensial\u0131, infrastruktur v\u0259 maliyy\u0259 imkanlar\u0131 onlar\u0131n h\u0259r birinin ayr\u0131l\u0131qda \u00f6lk\u0259nin iqtisadi inki\u015faf\u0131ndak\u0131 yerini m\u00fc\u0259yy\u0259n edir.<\/p>\n\n\n\n<p>\u00d6lk\u0259mizin t\u0259bii \u015f\u0259raitinin z\u0259nginliyini qorumaq v\u0259 g\u0259l\u0259c\u0259k n\u0259sill\u0259r\u0259 \u00e7atd\u0131rmaq \u00fc\u00e7\u00fcn \u0259traf m\u00fchitin m\u00fchafiz\u0259si v\u0259 bu istiqam\u0259td\u0259 apar\u0131lan i\u015fl\u0259r x\u00fcsusi \u0259h\u0259miyy\u0259t da\u015f\u0131y\u0131r. Bu bax\u0131mdan, respublika \u0259razisind\u0259 milli parklar, qoruqlar, x\u00fcsusi m\u00fchafiz\u0259 olunan \u0259razil\u0259rin yarad\u0131lmas\u0131 v\u0259 geni\u015fl\u0259ndirilm\u0259si t\u0259bii m\u00fchitin m\u00fchafiz\u0259si sah\u0259sind\u0259 prioritet istiqam\u0259tl\u0259rd\u0259n hesab olunur.<\/p>\n\n\n\n<p>B\u00fct\u00fcn bunlar v\u0259 ba\u015fqa m\u0259s\u0259l\u0259l\u0259r, n\u0259fis \u015f\u0259kild\u0259 n\u0259\u015fr olunmu\u015f kitabda, d\u0259rind\u0259n ara\u015fd\u0131r\u0131laraq v\u0259 h\u0259rt\u0259r\u0259fli i\u015fl\u0259nil\u0259r\u0259k, geni\u015f oxucu k\u00fctl\u0259sin\u0259 t\u0259qdim edilir.<\/p>","protected":false},"excerpt":{"rendered":"<p>\u201cAz\u0259rbaycan co\u011frafiyas\u0131\u201d kitab\u0131 n\u0259\u015frd\u0259n \u00e7\u0131xd\u0131May 10 , 2016 &#8211; 03:53 Bu g\u00fcnl\u0259rd\u0259 \u201cAz\u0259rbyacan\u0131n co\u011frafiyas\u0131\u201dna h\u0259sr olunmu\u015f yeni kitab n\u0259\u015fr \u00fcz\u00fcn\u00fc g\u00f6rd\u00fc. Kitab\u0131n m\u00fc\u0259llifl\u0259ri \u2013 professorlar \u00c7.\u0130smay\u0131lov, A.\u0130brahimov v\u0259 dos.N.S\u00fcleymanova respublikan\u0131n b\u0259nz\u0259rsis t\u0259bii \u015f\u0259raiti v\u0259 ehtiyatlar\u0131, \u0259halisi v\u0259 iqtisadiyyat\u0131, regionlar\u0131 v\u0259 milli parklar\u0131n\u0131 haqq\u0131nda yeni m\u0259lumatlar\u0131 sad\u0259 dild\u0259 oxuculara t\u0259qdim etmi\u015fl\u0259r. &nbsp;Az\u0259rbaycan \u0259razic\u0259 b\u00f6y\u00fck \u00f6lk\u0259 olmasa [&hellip;]<\/p>","protected":false},"author":2,"featured_media":12616,"comment_status":"closed","ping_status":"closed","sticky":false,"template":"","format":"standard","meta":[],"categories":[137],"tags":[],"_links":{"self":[{"href":"https:\/\/legacy.dia.edu.az\/en\/wp-json\/wp\/v2\/posts\/12615"}],"collection":[{"href":"https:\/\/legacy.dia.edu.az\/en\/wp-json\/wp\/v2\/posts"}],"about":[{"href":"https:\/\/legacy.dia.edu.az\/en\/wp-json\/wp\/v2\/types\/post"}],"author":[{"embeddable":true,"href":"https:\/\/legacy.dia.edu.az\/en\/wp-json\/wp\/v2\/users\/2"}],"replies":[{"embeddable":true,"href":"https:\/\/legacy.dia.edu.az\/en\/wp-json\/wp\/v2\/comments?post=12615"}],"version-history":[{"count":0,"href":"https:\/\/legacy.dia.edu.az\/en\/wp-json\/wp\/v2\/posts\/12615\/revisions"}],"wp:featuredmedia":[{"embeddable":true,"href":"https:\/\/legacy.dia.edu.az\/en\/wp-json\/wp\/v2\/media\/12616"}],"wp:attachment":[{"href":"https:\/\/legacy.dia.edu.az\/en\/wp-json\/wp\/v2\/media?parent=12615"}],"wp:term":[{"taxonomy":"category","embeddable":true,"href":"https:\/\/legacy.dia.edu.az\/en\/wp-json\/wp\/v2\/categories?post=12615"},{"taxonomy":"post_tag","embeddable":true,"href":"https:\/\/legacy.dia.edu.az\/en\/wp-json\/wp\/v2\/tags?post=12615"}],"curies":[{"name":"wp","href":"https:\/\/api.w.org\/{rel}","templated":true}]}}